{"id":1024,"date":"2021-03-03T19:29:00","date_gmt":"2021-03-03T19:29:00","guid":{"rendered":"https:\/\/resfoundation.org\/rs\/?p=1024"},"modified":"2021-08-19T08:46:01","modified_gmt":"2021-08-19T08:46:01","slug":"gostovanje-aleksandra-macure-na-novosadskoj-tv-energetska-tranzicija-u-srbiji","status":"publish","type":"post","link":"https:\/\/resfoundation.org\/rs\/gostovanje-aleksandra-macure-na-novosadskoj-tv-energetska-tranzicija-u-srbiji\/","title":{"rendered":"Gostovanje Aleksandra Macure na Novosadskoj TV: Energetska tranzicija u Srbiji"},"content":{"rendered":"\n<p>Programski direktor RES fondacije, Aleksandar Macura, gostovao je na Novosadskoj televiziji. Tom prilikom se osvrnuo na klju\u010dne izazove iz oblasti energetske tranzicije koji o\u010dekuju Republiku Srbiju. Osim toga, ovom prilikom je najavljena konferencija i predstavljanje studije pod nazivom &#8222;Energetska tranzicija: Zagrljaj. Ili sudar?&#8220;. Ovaj doga\u0111aj \u0107e se odr\u017eati 5. marta 2021. godine, kada se obele\u017eava ujedno i dan energetske efikasnosti. Skup organizuju RES fondacija i Novosadski sajam. Sam doga\u0111aj \u0107e biti najava tradicionalnog skupa &#8222;Me\u0111unarodni dani energetike i investicija&#8220; koji \u0107e se odr\u017eati na Novosadskom sajmu na jesen.<\/p>\n\n\n\n<p>U nastavku mo\u017eete pogledati celokupno gostovanje.<\/p>\n\n\n\n<figure class=\"wp-block-embed is-type-video is-provider-youtube wp-block-embed-youtube wp-embed-aspect-16-9 wp-has-aspect-ratio\"><div class=\"wp-block-embed__wrapper\">\n<iframe title=\"Energetska tranzicija u Srbiji\" width=\"640\" height=\"360\" src=\"https:\/\/www.youtube.com\/embed\/HWLmLflgDGk?feature=oembed\" frameborder=\"0\" allow=\"accelerometer; autoplay; clipboard-write; encrypted-media; gyroscope; picture-in-picture; web-share\" referrerpolicy=\"strict-origin-when-cross-origin\" allowfullscreen><\/iframe>\n<\/div><\/figure>\n","protected":false},"excerpt":{"rendered":"<p>Programski direktor RES fondacije, Aleksandar Macura, gostovao je na Novosadskoj televiziji. Tom prilikom se osvrnuo na klju\u010dne izazove iz oblasti energetske tranzicije koji o\u010dekuju Republiku Srbiju. Osim toga, ovom prilikom je najavljena konferencija i predstavljanje studije pod nazivom &#8222;Energetska tranzicija: Zagrljaj. Ili sudar?&#8220;. Ovaj doga\u0111aj \u0107e se odr\u017eati 5. marta 2021. godine, kada se obele\u017eava [&hellip;]<\/p>\n","protected":false},"author":3,"featured_media":1507,"comment_status":"closed","ping_status":"closed","sticky":false,"template":"","format":"standard","meta":{"footnotes":""},"categories":[4],"tags":[19],"class_list":["post-1024","post","type-post","status-publish","format-standard","has-post-thumbnail","hentry","category-inmediasres","tag-energetskatranzicija"],"yoast_head":"<!-- This site is optimized with the Yoast SEO plugin v27.4 - https:\/\/yoast.com\/product\/yoast-seo-wordpress\/ -->\n<title>Gostovanje Aleksandra Macure na Novosadskoj TV: Energetska tranzicija u Srbiji - RES fondacija<\/title>\n<meta name=\"robots\" content=\"index, follow, max-snippet:-1, max-image-preview:large, max-video-preview:-1\" \/>\n<link rel=\"canonical\" href=\"https:\/\/resfoundation.org\/rs\/gostovanje-aleksandra-macure-na-novosadskoj-tv-energetska-tranzicija-u-srbiji\/\" \/>\n<meta property=\"og:locale\" content=\"sr_RS\" \/>\n<meta property=\"og:type\" content=\"article\" \/>\n<meta property=\"og:title\" content=\"Gostovanje Aleksandra Macure na Novosadskoj TV: Energetska tranzicija u Srbiji - RES fondacija\" \/>\n<meta property=\"og:description\" content=\"Programski direktor RES fondacije, Aleksandar Macura, gostovao je na Novosadskoj televiziji. Tom prilikom se osvrnuo na klju\u010dne izazove iz oblasti energetske tranzicije koji o\u010dekuju Republiku Srbiju. Osim toga, ovom prilikom je najavljena konferencija i predstavljanje studije pod nazivom &#8222;Energetska tranzicija: Zagrljaj. Ili sudar?&#8220;. Ovaj doga\u0111aj \u0107e se odr\u017eati 5. marta 2021. godine, kada se obele\u017eava [&hellip;]\" \/>\n<meta property=\"og:url\" content=\"https:\/\/resfoundation.org\/rs\/gostovanje-aleksandra-macure-na-novosadskoj-tv-energetska-tranzicija-u-srbiji\/\" \/>\n<meta property=\"og:site_name\" content=\"RES fondacija\" \/>\n<meta property=\"article:published_time\" content=\"2021-03-03T19:29:00+00:00\" \/>\n<meta property=\"article:modified_time\" content=\"2021-08-19T08:46:01+00:00\" \/>\n<meta property=\"og:image\" content=\"https:\/\/resfoundation.org\/rs\/wp-content\/uploads\/2021\/03\/novosaedska-tv-1.jpg\" \/>\n\t<meta property=\"og:image:width\" content=\"894\" \/>\n\t<meta property=\"og:image:height\" content=\"726\" \/>\n\t<meta property=\"og:image:type\" content=\"image\/jpeg\" \/>\n<meta name=\"author\" content=\"Admin\" \/>\n<meta name=\"twitter:card\" content=\"summary_large_image\" \/>\n<meta name=\"twitter:label1\" content=\"\u041d\u0430\u043f\u0438\u0441\u0430\u043d\u043e \u043e\u0434\" \/>\n\t<meta name=\"twitter:data1\" content=\"Admin\" \/>\n\t<meta name=\"twitter:label2\" content=\"\u041f\u0440\u043e\u0446\u0435\u045a\u0435\u043d\u043e \u0432\u0440\u0435\u043c\u0435 \u0447\u0438\u0442\u0430\u045a\u0430\" \/>\n\t<meta name=\"twitter:data2\" content=\"1 \u043c\u0438\u043d\u0443\u0442\" \/>\n<script type=\"application\/ld+json\" class=\"yoast-schema-graph\">{\"@context\":\"https:\\\/\\\/schema.org\",\"@graph\":[{\"@type\":\"Article\",\"@id\":\"https:\\\/\\\/resfoundation.org\\\/rs\\\/gostovanje-aleksandra-macure-na-novosadskoj-tv-energetska-tranzicija-u-srbiji\\\/#article\",\"isPartOf\":{\"@id\":\"https:\\\/\\\/resfoundation.org\\\/rs\\\/gostovanje-aleksandra-macure-na-novosadskoj-tv-energetska-tranzicija-u-srbiji\\\/\"},\"author\":{\"name\":\"Admin\",\"@id\":\"https:\\\/\\\/resfoundation.org\\\/rs\\\/#\\\/schema\\\/person\\\/742e2bf0bb2a53a86ecf6c4ad424f2ec\"},\"headline\":\"Gostovanje Aleksandra Macure na Novosadskoj TV: Energetska tranzicija u Srbiji\",\"datePublished\":\"2021-03-03T19:29:00+00:00\",\"dateModified\":\"2021-08-19T08:46:01+00:00\",\"mainEntityOfPage\":{\"@id\":\"https:\\\/\\\/resfoundation.org\\\/rs\\\/gostovanje-aleksandra-macure-na-novosadskoj-tv-energetska-tranzicija-u-srbiji\\\/\"},\"wordCount\":118,\"publisher\":{\"@id\":\"https:\\\/\\\/resfoundation.org\\\/rs\\\/#organization\"},\"image\":{\"@id\":\"https:\\\/\\\/resfoundation.org\\\/rs\\\/gostovanje-aleksandra-macure-na-novosadskoj-tv-energetska-tranzicija-u-srbiji\\\/#primaryimage\"},\"thumbnailUrl\":\"https:\\\/\\\/resfoundation.org\\\/rs\\\/wp-content\\\/uploads\\\/2021\\\/03\\\/novosaedska-tv-1.jpg\",\"keywords\":[\"EnergetskaTranzicija\"],\"articleSection\":[\"In medias RES\"],\"inLanguage\":\"sr-RS\"},{\"@type\":\"WebPage\",\"@id\":\"https:\\\/\\\/resfoundation.org\\\/rs\\\/gostovanje-aleksandra-macure-na-novosadskoj-tv-energetska-tranzicija-u-srbiji\\\/\",\"url\":\"https:\\\/\\\/resfoundation.org\\\/rs\\\/gostovanje-aleksandra-macure-na-novosadskoj-tv-energetska-tranzicija-u-srbiji\\\/\",\"name\":\"Gostovanje Aleksandra Macure na Novosadskoj TV: Energetska tranzicija u Srbiji - RES fondacija\",\"isPartOf\":{\"@id\":\"https:\\\/\\\/resfoundation.org\\\/rs\\\/#website\"},\"primaryImageOfPage\":{\"@id\":\"https:\\\/\\\/resfoundation.org\\\/rs\\\/gostovanje-aleksandra-macure-na-novosadskoj-tv-energetska-tranzicija-u-srbiji\\\/#primaryimage\"},\"image\":{\"@id\":\"https:\\\/\\\/resfoundation.org\\\/rs\\\/gostovanje-aleksandra-macure-na-novosadskoj-tv-energetska-tranzicija-u-srbiji\\\/#primaryimage\"},\"thumbnailUrl\":\"https:\\\/\\\/resfoundation.org\\\/rs\\\/wp-content\\\/uploads\\\/2021\\\/03\\\/novosaedska-tv-1.jpg\",\"datePublished\":\"2021-03-03T19:29:00+00:00\",\"dateModified\":\"2021-08-19T08:46:01+00:00\",\"breadcrumb\":{\"@id\":\"https:\\\/\\\/resfoundation.org\\\/rs\\\/gostovanje-aleksandra-macure-na-novosadskoj-tv-energetska-tranzicija-u-srbiji\\\/#breadcrumb\"},\"inLanguage\":\"sr-RS\",\"potentialAction\":[{\"@type\":\"ReadAction\",\"target\":[\"https:\\\/\\\/resfoundation.org\\\/rs\\\/gostovanje-aleksandra-macure-na-novosadskoj-tv-energetska-tranzicija-u-srbiji\\\/\"]}]},{\"@type\":\"ImageObject\",\"inLanguage\":\"sr-RS\",\"@id\":\"https:\\\/\\\/resfoundation.org\\\/rs\\\/gostovanje-aleksandra-macure-na-novosadskoj-tv-energetska-tranzicija-u-srbiji\\\/#primaryimage\",\"url\":\"https:\\\/\\\/resfoundation.org\\\/rs\\\/wp-content\\\/uploads\\\/2021\\\/03\\\/novosaedska-tv-1.jpg\",\"contentUrl\":\"https:\\\/\\\/resfoundation.org\\\/rs\\\/wp-content\\\/uploads\\\/2021\\\/03\\\/novosaedska-tv-1.jpg\",\"width\":894,\"height\":726},{\"@type\":\"BreadcrumbList\",\"@id\":\"https:\\\/\\\/resfoundation.org\\\/rs\\\/gostovanje-aleksandra-macure-na-novosadskoj-tv-energetska-tranzicija-u-srbiji\\\/#breadcrumb\",\"itemListElement\":[{\"@type\":\"ListItem\",\"position\":1,\"name\":\"\u041f\u043e\u0447\u0435\u0442\u043d\u0430\",\"item\":\"https:\\\/\\\/resfoundation.org\\\/rs\\\/\"},{\"@type\":\"ListItem\",\"position\":2,\"name\":\"Gostovanje Aleksandra Macure na Novosadskoj TV: Energetska tranzicija u Srbiji\"}]},{\"@type\":\"WebSite\",\"@id\":\"https:\\\/\\\/resfoundation.org\\\/rs\\\/#website\",\"url\":\"https:\\\/\\\/resfoundation.org\\\/rs\\\/\",\"name\":\"RES fondacija\",\"description\":\"Partnerships for Resilience\",\"publisher\":{\"@id\":\"https:\\\/\\\/resfoundation.org\\\/rs\\\/#organization\"},\"potentialAction\":[{\"@type\":\"SearchAction\",\"target\":{\"@type\":\"EntryPoint\",\"urlTemplate\":\"https:\\\/\\\/resfoundation.org\\\/rs\\\/?s={search_term_string}\"},\"query-input\":{\"@type\":\"PropertyValueSpecification\",\"valueRequired\":true,\"valueName\":\"search_term_string\"}}],\"inLanguage\":\"sr-RS\"},{\"@type\":\"Organization\",\"@id\":\"https:\\\/\\\/resfoundation.org\\\/rs\\\/#organization\",\"name\":\"RES fondacija\",\"url\":\"https:\\\/\\\/resfoundation.org\\\/rs\\\/\",\"logo\":{\"@type\":\"ImageObject\",\"inLanguage\":\"sr-RS\",\"@id\":\"https:\\\/\\\/resfoundation.org\\\/rs\\\/#\\\/schema\\\/logo\\\/image\\\/\",\"url\":\"https:\\\/\\\/resfoundation.org\\\/rs\\\/wp-content\\\/uploads\\\/2021\\\/03\\\/cropped-cropped-cropped-res-bez-ispisa.png\",\"contentUrl\":\"https:\\\/\\\/resfoundation.org\\\/rs\\\/wp-content\\\/uploads\\\/2021\\\/03\\\/cropped-cropped-cropped-res-bez-ispisa.png\",\"width\":512,\"height\":512,\"caption\":\"RES fondacija\"},\"image\":{\"@id\":\"https:\\\/\\\/resfoundation.org\\\/rs\\\/#\\\/schema\\\/logo\\\/image\\\/\"}},{\"@type\":\"Person\",\"@id\":\"https:\\\/\\\/resfoundation.org\\\/rs\\\/#\\\/schema\\\/person\\\/742e2bf0bb2a53a86ecf6c4ad424f2ec\",\"name\":\"Admin\",\"image\":{\"@type\":\"ImageObject\",\"inLanguage\":\"sr-RS\",\"@id\":\"https:\\\/\\\/secure.gravatar.com\\\/avatar\\\/a89f0bcfcafea886f55b948a23f20a40ba0a924a3f8e5494e130e069c504b756?s=96&d=mm&r=g\",\"url\":\"https:\\\/\\\/secure.gravatar.com\\\/avatar\\\/a89f0bcfcafea886f55b948a23f20a40ba0a924a3f8e5494e130e069c504b756?s=96&d=mm&r=g\",\"contentUrl\":\"https:\\\/\\\/secure.gravatar.com\\\/avatar\\\/a89f0bcfcafea886f55b948a23f20a40ba0a924a3f8e5494e130e069c504b756?s=96&d=mm&r=g\",\"caption\":\"Admin\"},\"sameAs\":[\"https:\\\/\\\/resfoundation.org\\\/rs\"],\"url\":\"https:\\\/\\\/resfoundation.org\\\/rs\\\/author\\\/zoricaresfoundation-org\\\/\"}]}<\/script>\n<!-- \/ Yoast SEO plugin. -->","yoast_head_json":{"title":"Gostovanje Aleksandra Macure na Novosadskoj TV: Energetska tranzicija u Srbiji - RES fondacija","robots":{"index":"index","follow":"follow","max-snippet":"max-snippet:-1","max-image-preview":"max-image-preview:large","max-video-preview":"max-video-preview:-1"},"canonical":"https:\/\/resfoundation.org\/rs\/gostovanje-aleksandra-macure-na-novosadskoj-tv-energetska-tranzicija-u-srbiji\/","og_locale":"sr_RS","og_type":"article","og_title":"Gostovanje Aleksandra Macure na Novosadskoj TV: Energetska tranzicija u Srbiji - RES fondacija","og_description":"Programski direktor RES fondacije, Aleksandar Macura, gostovao je na Novosadskoj televiziji. Tom prilikom se osvrnuo na klju\u010dne izazove iz oblasti energetske tranzicije koji o\u010dekuju Republiku Srbiju. Osim toga, ovom prilikom je najavljena konferencija i predstavljanje studije pod nazivom &#8222;Energetska tranzicija: Zagrljaj. Ili sudar?&#8220;. Ovaj doga\u0111aj \u0107e se odr\u017eati 5. marta 2021. godine, kada se obele\u017eava [&hellip;]","og_url":"https:\/\/resfoundation.org\/rs\/gostovanje-aleksandra-macure-na-novosadskoj-tv-energetska-tranzicija-u-srbiji\/","og_site_name":"RES fondacija","article_published_time":"2021-03-03T19:29:00+00:00","article_modified_time":"2021-08-19T08:46:01+00:00","og_image":[{"width":894,"height":726,"url":"https:\/\/resfoundation.org\/rs\/wp-content\/uploads\/2021\/03\/novosaedska-tv-1.jpg","type":"image\/jpeg"}],"author":"Admin","twitter_card":"summary_large_image","twitter_misc":{"\u041d\u0430\u043f\u0438\u0441\u0430\u043d\u043e \u043e\u0434":"Admin","\u041f\u0440\u043e\u0446\u0435\u045a\u0435\u043d\u043e \u0432\u0440\u0435\u043c\u0435 \u0447\u0438\u0442\u0430\u045a\u0430":"1 \u043c\u0438\u043d\u0443\u0442"},"schema":{"@context":"https:\/\/schema.org","@graph":[{"@type":"Article","@id":"https:\/\/resfoundation.org\/rs\/gostovanje-aleksandra-macure-na-novosadskoj-tv-energetska-tranzicija-u-srbiji\/#article","isPartOf":{"@id":"https:\/\/resfoundation.org\/rs\/gostovanje-aleksandra-macure-na-novosadskoj-tv-energetska-tranzicija-u-srbiji\/"},"author":{"name":"Admin","@id":"https:\/\/resfoundation.org\/rs\/#\/schema\/person\/742e2bf0bb2a53a86ecf6c4ad424f2ec"},"headline":"Gostovanje Aleksandra Macure na Novosadskoj TV: Energetska tranzicija u Srbiji","datePublished":"2021-03-03T19:29:00+00:00","dateModified":"2021-08-19T08:46:01+00:00","mainEntityOfPage":{"@id":"https:\/\/resfoundation.org\/rs\/gostovanje-aleksandra-macure-na-novosadskoj-tv-energetska-tranzicija-u-srbiji\/"},"wordCount":118,"publisher":{"@id":"https:\/\/resfoundation.org\/rs\/#organization"},"image":{"@id":"https:\/\/resfoundation.org\/rs\/gostovanje-aleksandra-macure-na-novosadskoj-tv-energetska-tranzicija-u-srbiji\/#primaryimage"},"thumbnailUrl":"https:\/\/resfoundation.org\/rs\/wp-content\/uploads\/2021\/03\/novosaedska-tv-1.jpg","keywords":["EnergetskaTranzicija"],"articleSection":["In medias RES"],"inLanguage":"sr-RS"},{"@type":"WebPage","@id":"https:\/\/resfoundation.org\/rs\/gostovanje-aleksandra-macure-na-novosadskoj-tv-energetska-tranzicija-u-srbiji\/","url":"https:\/\/resfoundation.org\/rs\/gostovanje-aleksandra-macure-na-novosadskoj-tv-energetska-tranzicija-u-srbiji\/","name":"Gostovanje Aleksandra Macure na Novosadskoj TV: Energetska tranzicija u Srbiji - RES fondacija","isPartOf":{"@id":"https:\/\/resfoundation.org\/rs\/#website"},"primaryImageOfPage":{"@id":"https:\/\/resfoundation.org\/rs\/gostovanje-aleksandra-macure-na-novosadskoj-tv-energetska-tranzicija-u-srbiji\/#primaryimage"},"image":{"@id":"https:\/\/resfoundation.org\/rs\/gostovanje-aleksandra-macure-na-novosadskoj-tv-energetska-tranzicija-u-srbiji\/#primaryimage"},"thumbnailUrl":"https:\/\/resfoundation.org\/rs\/wp-content\/uploads\/2021\/03\/novosaedska-tv-1.jpg","datePublished":"2021-03-03T19:29:00+00:00","dateModified":"2021-08-19T08:46:01+00:00","breadcrumb":{"@id":"https:\/\/resfoundation.org\/rs\/gostovanje-aleksandra-macure-na-novosadskoj-tv-energetska-tranzicija-u-srbiji\/#breadcrumb"},"inLanguage":"sr-RS","potentialAction":[{"@type":"ReadAction","target":["https:\/\/resfoundation.org\/rs\/gostovanje-aleksandra-macure-na-novosadskoj-tv-energetska-tranzicija-u-srbiji\/"]}]},{"@type":"ImageObject","inLanguage":"sr-RS","@id":"https:\/\/resfoundation.org\/rs\/gostovanje-aleksandra-macure-na-novosadskoj-tv-energetska-tranzicija-u-srbiji\/#primaryimage","url":"https:\/\/resfoundation.org\/rs\/wp-content\/uploads\/2021\/03\/novosaedska-tv-1.jpg","contentUrl":"https:\/\/resfoundation.org\/rs\/wp-content\/uploads\/2021\/03\/novosaedska-tv-1.jpg","width":894,"height":726},{"@type":"BreadcrumbList","@id":"https:\/\/resfoundation.org\/rs\/gostovanje-aleksandra-macure-na-novosadskoj-tv-energetska-tranzicija-u-srbiji\/#breadcrumb","itemListElement":[{"@type":"ListItem","position":1,"name":"\u041f\u043e\u0447\u0435\u0442\u043d\u0430","item":"https:\/\/resfoundation.org\/rs\/"},{"@type":"ListItem","position":2,"name":"Gostovanje Aleksandra Macure na Novosadskoj TV: Energetska tranzicija u Srbiji"}]},{"@type":"WebSite","@id":"https:\/\/resfoundation.org\/rs\/#website","url":"https:\/\/resfoundation.org\/rs\/","name":"RES fondacija","description":"Partnerships for Resilience","publisher":{"@id":"https:\/\/resfoundation.org\/rs\/#organization"},"potentialAction":[{"@type":"SearchAction","target":{"@type":"EntryPoint","urlTemplate":"https:\/\/resfoundation.org\/rs\/?s={search_term_string}"},"query-input":{"@type":"PropertyValueSpecification","valueRequired":true,"valueName":"search_term_string"}}],"inLanguage":"sr-RS"},{"@type":"Organization","@id":"https:\/\/resfoundation.org\/rs\/#organization","name":"RES fondacija","url":"https:\/\/resfoundation.org\/rs\/","logo":{"@type":"ImageObject","inLanguage":"sr-RS","@id":"https:\/\/resfoundation.org\/rs\/#\/schema\/logo\/image\/","url":"https:\/\/resfoundation.org\/rs\/wp-content\/uploads\/2021\/03\/cropped-cropped-cropped-res-bez-ispisa.png","contentUrl":"https:\/\/resfoundation.org\/rs\/wp-content\/uploads\/2021\/03\/cropped-cropped-cropped-res-bez-ispisa.png","width":512,"height":512,"caption":"RES fondacija"},"image":{"@id":"https:\/\/resfoundation.org\/rs\/#\/schema\/logo\/image\/"}},{"@type":"Person","@id":"https:\/\/resfoundation.org\/rs\/#\/schema\/person\/742e2bf0bb2a53a86ecf6c4ad424f2ec","name":"Admin","image":{"@type":"ImageObject","inLanguage":"sr-RS","@id":"https:\/\/secure.gravatar.com\/avatar\/a89f0bcfcafea886f55b948a23f20a40ba0a924a3f8e5494e130e069c504b756?s=96&d=mm&r=g","url":"https:\/\/secure.gravatar.com\/avatar\/a89f0bcfcafea886f55b948a23f20a40ba0a924a3f8e5494e130e069c504b756?s=96&d=mm&r=g","contentUrl":"https:\/\/secure.gravatar.com\/avatar\/a89f0bcfcafea886f55b948a23f20a40ba0a924a3f8e5494e130e069c504b756?s=96&d=mm&r=g","caption":"Admin"},"sameAs":["https:\/\/resfoundation.org\/rs"],"url":"https:\/\/resfoundation.org\/rs\/author\/zoricaresfoundation-org\/"}]}},"_links":{"self":[{"href":"https:\/\/resfoundation.org\/rs\/wp-json\/wp\/v2\/posts\/1024","targetHints":{"allow":["GET"]}}],"collection":[{"href":"https:\/\/resfoundation.org\/rs\/wp-json\/wp\/v2\/posts"}],"about":[{"href":"https:\/\/resfoundation.org\/rs\/wp-json\/wp\/v2\/types\/post"}],"author":[{"embeddable":true,"href":"https:\/\/resfoundation.org\/rs\/wp-json\/wp\/v2\/users\/3"}],"replies":[{"embeddable":true,"href":"https:\/\/resfoundation.org\/rs\/wp-json\/wp\/v2\/comments?post=1024"}],"version-history":[{"count":3,"href":"https:\/\/resfoundation.org\/rs\/wp-json\/wp\/v2\/posts\/1024\/revisions"}],"predecessor-version":[{"id":1521,"href":"https:\/\/resfoundation.org\/rs\/wp-json\/wp\/v2\/posts\/1024\/revisions\/1521"}],"wp:featuredmedia":[{"embeddable":true,"href":"https:\/\/resfoundation.org\/rs\/wp-json\/wp\/v2\/media\/1507"}],"wp:attachment":[{"href":"https:\/\/resfoundation.org\/rs\/wp-json\/wp\/v2\/media?parent=1024"}],"wp:term":[{"taxonomy":"category","embeddable":true,"href":"https:\/\/resfoundation.org\/rs\/wp-json\/wp\/v2\/categories?post=1024"},{"taxonomy":"post_tag","embeddable":true,"href":"https:\/\/resfoundation.org\/rs\/wp-json\/wp\/v2\/tags?post=1024"}],"curies":[{"name":"wp","href":"https:\/\/api.w.org\/{rel}","templated":true}]}}