{"id":1130,"date":"2021-02-22T17:03:00","date_gmt":"2021-02-22T17:03:00","guid":{"rendered":"https:\/\/resfoundation.org\/rs\/?p=1130"},"modified":"2021-08-19T08:47:31","modified_gmt":"2021-08-19T08:47:31","slug":"out-of-pace-or-out-of-the-race-energy-transition-in-the-western-balkans","status":"publish","type":"post","link":"https:\/\/resfoundation.org\/rs\/out-of-pace-or-out-of-the-race-energy-transition-in-the-western-balkans\/","title":{"rendered":"Van ritma ili van trke? Energetska tranzicija na Zapadnom Balkanu"},"content":{"rendered":"\n<p class=\"wp-block-paragraph\" id=\"_YQ1eKZ32EysVTH\">Svet se suo\u010dava s jednim od najve\u0107ih izazova u istoriji &#8211; sa trkom ka nuli (nula emisije) i klimatskoj neutralnosti do polovine veka. <\/p>\n\n\n\n<p class=\"wp-block-paragraph\" id=\"_6O1qyeBcPlP0fl\">Ve\u0107ina zemalja se za tu trku prijavila pre nekoliko godina, u Parizu 2015. godine. Glavni cilj Pariskog sporazuma jeste ograni\u010davanje globalno zagrevanja na ispod 2, po mogu\u0107nosti na 1.5 stepen Celzijusa u odnosu na eru pre industrijske revolucije. <\/p>\n\n\n\n<p class=\"wp-block-paragraph\" id=\"_DV4Y52Pu2aSxPg\">Prva etapa trke podrazumeva dekarbonizaciju na\u0161e energije, prelazak sa sagorevanja fosilnih goriva, prve svega uglja, do smanjenja potro\u0161nje energije unapre\u0111enjem energetske efikasnosti i napajanjem na\u0161ih ekonomija i dru\u0161tava obnovljivim izvorima energije. <\/p>\n\n\n\n<h2 class=\"has-text-align-center wp-block-heading\"><strong><a rel=\"noreferrer noopener\" href=\"https:\/\/sway.office.com\/bsMGXXOBc6arTlbI\" target=\"_blank\">VAN RITMA ILI VAN TRKE? ENERGETSKA TRANZICIJA NA ZAPADNOM BALKANU <\/a><\/strong><\/h2>\n\n\n\n<div class=\"wp-block-image is-style-default\"><figure class=\"aligncenter size-large\"><img fetchpriority=\"high\" decoding=\"async\" width=\"235\" height=\"320\" src=\"https:\/\/resfoundation.org\/rs\/wp-content\/uploads\/2021\/03\/rcpznMcxPw0SZ5.png\" alt=\"\" class=\"wp-image-1135\" srcset=\"https:\/\/resfoundation.org\/rs\/wp-content\/uploads\/2021\/03\/rcpznMcxPw0SZ5.png 235w, https:\/\/resfoundation.org\/rs\/wp-content\/uploads\/2021\/03\/rcpznMcxPw0SZ5-220x300.png 220w\" sizes=\"(max-width: 235px) 100vw, 235px\" \/><\/figure><\/div>\n","protected":false},"excerpt":{"rendered":"<p>Svet se suo\u010dava s jednim od najve\u0107ih izazova u istoriji &#8211; sa trkom ka nuli (nula emisije) i klimatskoj neutralnosti do polovine veka. Ve\u0107ina zemalja se za tu trku prijavila pre nekoliko godina, u Parizu 2015. godine. Glavni cilj Pariskog sporazuma jeste ograni\u010davanje globalno zagrevanja na ispod 2, po mogu\u0107nosti na 1.5 stepen Celzijusa u [&hellip;]<\/p>\n","protected":false},"author":3,"featured_media":1135,"comment_status":"closed","ping_status":"closed","sticky":false,"template":"","format":"standard","meta":{"footnotes":""},"categories":[28],"tags":[19],"class_list":["post-1130","post","type-post","status-publish","format-standard","has-post-thumbnail","hentry","category-newsletter","tag-energetskatranzicija"],"_links":{"self":[{"href":"https:\/\/resfoundation.org\/rs\/wp-json\/wp\/v2\/posts\/1130","targetHints":{"allow":["GET"]}}],"collection":[{"href":"https:\/\/resfoundation.org\/rs\/wp-json\/wp\/v2\/posts"}],"about":[{"href":"https:\/\/resfoundation.org\/rs\/wp-json\/wp\/v2\/types\/post"}],"author":[{"embeddable":true,"href":"https:\/\/resfoundation.org\/rs\/wp-json\/wp\/v2\/users\/3"}],"replies":[{"embeddable":true,"href":"https:\/\/resfoundation.org\/rs\/wp-json\/wp\/v2\/comments?post=1130"}],"version-history":[{"count":4,"href":"https:\/\/resfoundation.org\/rs\/wp-json\/wp\/v2\/posts\/1130\/revisions"}],"predecessor-version":[{"id":2172,"href":"https:\/\/resfoundation.org\/rs\/wp-json\/wp\/v2\/posts\/1130\/revisions\/2172"}],"wp:featuredmedia":[{"embeddable":true,"href":"https:\/\/resfoundation.org\/rs\/wp-json\/wp\/v2\/media\/1135"}],"wp:attachment":[{"href":"https:\/\/resfoundation.org\/rs\/wp-json\/wp\/v2\/media?parent=1130"}],"wp:term":[{"taxonomy":"category","embeddable":true,"href":"https:\/\/resfoundation.org\/rs\/wp-json\/wp\/v2\/categories?post=1130"},{"taxonomy":"post_tag","embeddable":true,"href":"https:\/\/resfoundation.org\/rs\/wp-json\/wp\/v2\/tags?post=1130"}],"curies":[{"name":"wp","href":"https:\/\/api.w.org\/{rel}","templated":true}]}}