{"id":1200,"date":"2017-06-20T22:24:00","date_gmt":"2017-06-20T22:24:00","guid":{"rendered":"https:\/\/resfoundation.org\/rs\/?p=1200"},"modified":"2021-08-19T09:10:03","modified_gmt":"2021-08-19T09:10:03","slug":"odrzana-cetvrta-konsultativna-radionica-dobra-klima-za-razvoj-kucevo-20-jun-2017-godine","status":"publish","type":"post","link":"https:\/\/resfoundation.org\/rs\/odrzana-cetvrta-konsultativna-radionica-dobra-klima-za-razvoj-kucevo-20-jun-2017-godine\/","title":{"rendered":"Odr\u017eana \u010detvrta konsultativna radionica \u201cDobra klima za razvoj&#8220;, Ku\u010devo 20. jun 2017. godine"},"content":{"rendered":"\n<p>RES fondacija, Beogradska otvorena \u0161kola i Timo\u010dki klub su 20. juna 2017. godine u Ku\u010devu, organizovali konsultativnu radionicu \u201cDobra Klima za razvoj&#8220; sa predstavnicima lokalnih samouprava i civilnog dru\u0161tva iz op\u0161tina Ku\u010devo, Golubac, \u017dagubica i Po\u017earevac.<\/p>\n\n\n\n<p>Teme o kojima se razgovaralo su bile energetska efikasnost, energetski menad\u017ement, obnovljivi izvori energije i uskla\u0111enost horizontalnih javnih politika na lokalnom nivou. Skup je otvorio suosniva\u010d RES fondacije gospodin Aleksandar Macura, nakon \u010dega su usledila izlaganja suosniva\u010dice RES fondacije gospo\u0111e Jasminke Young i gospo\u0111e Mirjane Jovanovi\u0107 iz Beogradske otvorene \u0161kole.<\/p>\n\n\n\n<p>Radionica je odr\u017eana u sve\u010danoj Sali Skup\u0161tine op\u0161tine Ku\u010devo, sa glavnim pitanjem: \u201cKako do ambiciozne klimatske politike?&#8220;.<\/p>\n\n\n\n<p>Na njega su odgovor ponudili predstavnici RES fondacije, Beogradske otvorene \u0161kole i Timo\u010dkog kluba. Radionica je imala tri dela: prvi u kome su se uvodnom obra\u0107anju i osnovnoj prezentaciji tematike prisutnima obratile Jasminka Young, suosniva\u010dica RES fondacije i Mirjana Jovanovi\u0107 iz BO\u0160-a, drugi gde je organizovan rad po grupama: prva \u2013 Energetska efikasnost, moderator Aleksandar Macura (RES fondacija), druga \u2013 Obnovljivi izvori energije, moderatorka Mirjana Jovanovi\u0107 (BO\u0160), tre\u0107a \u2013 Energetski menad\u017ement, moderatorka Sla\u0111ana Milutinovi\u0107 (Timo\u010dki klub, Knja\u017eevac) i \u010detvrta \u2013 Uskla\u0111enost politika na lokalnom nivou, moderatorka Jasminka Young (RES fondacija) i tre\u0107i deo u kome su se odvijale zavr\u0161ne diskusije.<\/p>\n\n\n\n<p>Radionici, koja je organizovana u 4-tom ciklusu ovakvih aktivnosti (prva tri su se odr\u017eali u Novoj Varo\u0161i, Leskovcu i Ni\u0161u i na njima je u\u010destvovalo 17 lokalnih samouprava) i koja je bazirana na dve teme \u2013 energetsku efikasnost i obnovljive izvore energije, prisustvovali su predstavnici vi\u0161e lokalnih samouprava sa teritorije Brani\u010devskog okruga (Ku\u010devo, Golubac, \u017dagubica, Po\u017earevac) zatim Ekolo\u0161ka dru\u0161tva iz Laznice, Krepoljina, Planinarski klub \u201eVukan\u201d Po\u017earevac, Asocijacija za razvoj op\u0161tine \u017dagubica, Kancelarije za LER op\u0161tine Ku\u010devo, Turisti\u010dke organizacije \u201eKu\u010devo\u201c, OCD \u201eEntuzijasti\u201c i drugi zainteresovani pojedinci i udru\u017eenja.<\/p>\n\n\n\n<p>Cilj radionice je bio da se utvrde prioriteti razvoja lokalnih klimatskih politika, prepreke za njihovu implementaciju i potencijali koje akteri na lokalnom nivou prepoznaju. Radionica je deo \u0161ireg dijaloga koji RES Fondacija vodi sa lokalnim zajednicama kako bi se lokalne perspektive identifikovale, a zatim i integrisale u proces izrade nacionalne Strategije borbe protiv klimatskih promena.<\/p>\n\n\n\n<p>Ovo je \u010detvrta u seriji radionica koje RES fondacija organizuje \u0161irom Srbije u okviru projekta \u201cUnapre\u0111enje civilnog dru\u0161tva za pristupanje Srbije Evropskoj uniji&#8220; koji Beogradska otvorena \u0161kola sprovodi uz podr\u0161ku \u0160vedske. Radionica je registrovana i kao doga\u0111aj u okviru Nedelje odr\u017eive energije Evropske unije <a href=\"https:\/\/www.eusew.eu\/\" data-type=\"URL\" data-id=\"https:\/\/www.eusew.eu\/\">EU Sustainable Energy Week<\/a>.<\/p>\n\n\n\n<figure class=\"wp-block-gallery columns-3 is-cropped wp-block-gallery-1 is-layout-flex wp-block-gallery-is-layout-flex\"><ul class=\"blocks-gallery-grid\"><li class=\"blocks-gallery-item\"><figure><img fetchpriority=\"high\" decoding=\"async\" width=\"1024\" height=\"768\" src=\"https:\/\/resfoundation.org\/rs\/wp-content\/uploads\/2021\/03\/IMG-20170622-WA0004-1024x768.jpg\" alt=\"\" data-id=\"1202\" data-full-url=\"https:\/\/resfoundation.org\/rs\/wp-content\/uploads\/2021\/03\/IMG-20170622-WA0004.jpg\" data-link=\"https:\/\/resfoundation.org\/rs\/?attachment_id=1202\" class=\"wp-image-1202\" srcset=\"https:\/\/resfoundation.org\/rs\/wp-content\/uploads\/2021\/03\/IMG-20170622-WA0004-1024x768.jpg 1024w, https:\/\/resfoundation.org\/rs\/wp-content\/uploads\/2021\/03\/IMG-20170622-WA0004-300x225.jpg 300w, https:\/\/resfoundation.org\/rs\/wp-content\/uploads\/2021\/03\/IMG-20170622-WA0004-768x576.jpg 768w, https:\/\/resfoundation.org\/rs\/wp-content\/uploads\/2021\/03\/IMG-20170622-WA0004.jpg 1280w\" sizes=\"(max-width: 1024px) 100vw, 1024px\" \/><\/figure><\/li><li class=\"blocks-gallery-item\"><figure><img decoding=\"async\" width=\"1024\" height=\"768\" src=\"https:\/\/resfoundation.org\/rs\/wp-content\/uploads\/2021\/03\/IMG-20170622-WA0007-1024x768.jpg\" alt=\"\" data-id=\"1204\" data-full-url=\"https:\/\/resfoundation.org\/rs\/wp-content\/uploads\/2021\/03\/IMG-20170622-WA0007.jpg\" data-link=\"https:\/\/resfoundation.org\/rs\/?attachment_id=1204\" class=\"wp-image-1204\" srcset=\"https:\/\/resfoundation.org\/rs\/wp-content\/uploads\/2021\/03\/IMG-20170622-WA0007-1024x768.jpg 1024w, https:\/\/resfoundation.org\/rs\/wp-content\/uploads\/2021\/03\/IMG-20170622-WA0007-300x225.jpg 300w, https:\/\/resfoundation.org\/rs\/wp-content\/uploads\/2021\/03\/IMG-20170622-WA0007-768x576.jpg 768w, https:\/\/resfoundation.org\/rs\/wp-content\/uploads\/2021\/03\/IMG-20170622-WA0007.jpg 1280w\" sizes=\"(max-width: 1024px) 100vw, 1024px\" \/><\/figure><\/li><li class=\"blocks-gallery-item\"><figure><img decoding=\"async\" width=\"1024\" height=\"768\" src=\"https:\/\/resfoundation.org\/rs\/wp-content\/uploads\/2021\/03\/IMG-20170622-WA0003-1024x768.jpg\" alt=\"\" data-id=\"1201\" data-full-url=\"https:\/\/resfoundation.org\/rs\/wp-content\/uploads\/2021\/03\/IMG-20170622-WA0003.jpg\" data-link=\"https:\/\/resfoundation.org\/rs\/?attachment_id=1201\" class=\"wp-image-1201\" srcset=\"https:\/\/resfoundation.org\/rs\/wp-content\/uploads\/2021\/03\/IMG-20170622-WA0003-1024x768.jpg 1024w, https:\/\/resfoundation.org\/rs\/wp-content\/uploads\/2021\/03\/IMG-20170622-WA0003-300x225.jpg 300w, https:\/\/resfoundation.org\/rs\/wp-content\/uploads\/2021\/03\/IMG-20170622-WA0003-768x576.jpg 768w, https:\/\/resfoundation.org\/rs\/wp-content\/uploads\/2021\/03\/IMG-20170622-WA0003.jpg 1280w\" sizes=\"(max-width: 1024px) 100vw, 1024px\" \/><\/figure><\/li><li class=\"blocks-gallery-item\"><figure><img loading=\"lazy\" decoding=\"async\" width=\"960\" height=\"600\" src=\"https:\/\/resfoundation.org\/rs\/wp-content\/uploads\/2021\/03\/Kucevo-2.jpg\" alt=\"\" data-id=\"1205\" data-full-url=\"https:\/\/resfoundation.org\/rs\/wp-content\/uploads\/2021\/03\/Kucevo-2.jpg\" data-link=\"https:\/\/resfoundation.org\/rs\/?attachment_id=1205\" class=\"wp-image-1205\" srcset=\"https:\/\/resfoundation.org\/rs\/wp-content\/uploads\/2021\/03\/Kucevo-2.jpg 960w, https:\/\/resfoundation.org\/rs\/wp-content\/uploads\/2021\/03\/Kucevo-2-300x188.jpg 300w, https:\/\/resfoundation.org\/rs\/wp-content\/uploads\/2021\/03\/Kucevo-2-768x480.jpg 768w\" sizes=\"(max-width: 960px) 100vw, 960px\" \/><\/figure><\/li><li class=\"blocks-gallery-item\"><figure><img loading=\"lazy\" decoding=\"async\" width=\"960\" height=\"600\" src=\"https:\/\/resfoundation.org\/rs\/wp-content\/uploads\/2021\/03\/Kucevo-3.jpg\" alt=\"\" data-id=\"1206\" data-full-url=\"https:\/\/resfoundation.org\/rs\/wp-content\/uploads\/2021\/03\/Kucevo-3.jpg\" data-link=\"https:\/\/resfoundation.org\/rs\/?attachment_id=1206\" class=\"wp-image-1206\" srcset=\"https:\/\/resfoundation.org\/rs\/wp-content\/uploads\/2021\/03\/Kucevo-3.jpg 960w, https:\/\/resfoundation.org\/rs\/wp-content\/uploads\/2021\/03\/Kucevo-3-300x188.jpg 300w, https:\/\/resfoundation.org\/rs\/wp-content\/uploads\/2021\/03\/Kucevo-3-768x480.jpg 768w\" sizes=\"(max-width: 960px) 100vw, 960px\" \/><\/figure><\/li><li class=\"blocks-gallery-item\"><figure><img loading=\"lazy\" decoding=\"async\" width=\"960\" height=\"600\" src=\"https:\/\/resfoundation.org\/rs\/wp-content\/uploads\/2021\/03\/Kucevo-4.jpg\" alt=\"\" data-id=\"1207\" data-full-url=\"https:\/\/resfoundation.org\/rs\/wp-content\/uploads\/2021\/03\/Kucevo-4.jpg\" data-link=\"https:\/\/resfoundation.org\/rs\/?attachment_id=1207\" class=\"wp-image-1207\" srcset=\"https:\/\/resfoundation.org\/rs\/wp-content\/uploads\/2021\/03\/Kucevo-4.jpg 960w, https:\/\/resfoundation.org\/rs\/wp-content\/uploads\/2021\/03\/Kucevo-4-300x188.jpg 300w, https:\/\/resfoundation.org\/rs\/wp-content\/uploads\/2021\/03\/Kucevo-4-768x480.jpg 768w\" sizes=\"(max-width: 960px) 100vw, 960px\" \/><\/figure><\/li><li class=\"blocks-gallery-item\"><figure><img loading=\"lazy\" decoding=\"async\" width=\"1024\" height=\"768\" src=\"https:\/\/resfoundation.org\/rs\/wp-content\/uploads\/2021\/03\/IMG-20170622-WA0005-1024x768.jpg\" alt=\"\" data-id=\"1203\" data-full-url=\"https:\/\/resfoundation.org\/rs\/wp-content\/uploads\/2021\/03\/IMG-20170622-WA0005.jpg\" data-link=\"https:\/\/resfoundation.org\/rs\/?attachment_id=1203\" class=\"wp-image-1203\" srcset=\"https:\/\/resfoundation.org\/rs\/wp-content\/uploads\/2021\/03\/IMG-20170622-WA0005-1024x768.jpg 1024w, https:\/\/resfoundation.org\/rs\/wp-content\/uploads\/2021\/03\/IMG-20170622-WA0005-300x225.jpg 300w, https:\/\/resfoundation.org\/rs\/wp-content\/uploads\/2021\/03\/IMG-20170622-WA0005-768x576.jpg 768w, https:\/\/resfoundation.org\/rs\/wp-content\/uploads\/2021\/03\/IMG-20170622-WA0005.jpg 1280w\" sizes=\"(max-width: 1024px) 100vw, 1024px\" \/><\/figure><\/li><\/ul><\/figure>\n","protected":false},"excerpt":{"rendered":"<p>RES fondacija, Beogradska otvorena \u0161kola i Timo\u010dki klub su 20. juna 2017. godine u Ku\u010devu, organizovali konsultativnu radionicu \u201cDobra Klima za razvoj&#8220; sa predstavnicima lokalnih samouprava i civilnog dru\u0161tva iz op\u0161tina Ku\u010devo, Golubac, \u017dagubica i Po\u017earevac. Teme o kojima se razgovaralo su bile energetska efikasnost, energetski menad\u017ement, obnovljivi izvori energije i uskla\u0111enost horizontalnih javnih politika [&hellip;]<\/p>\n","protected":false},"author":3,"featured_media":1202,"comment_status":"closed","ping_status":"closed","sticky":false,"template":"","format":"standard","meta":{"footnotes":""},"categories":[5],"tags":[20,15,17],"class_list":["post-1200","post","type-post","status-publish","format-standard","has-post-thumbnail","hentry","category-dogadjaji","tag-energetskaefikasnost","tag-klimatskepromene","tag-lokalnesamouprave"],"yoast_head":"<!-- This site is optimized with the Yoast SEO plugin v27.4 - https:\/\/yoast.com\/product\/yoast-seo-wordpress\/ -->\n<title>Odr\u017eana \u010detvrta konsultativna radionica \u201cDobra klima za razvoj&quot;, Ku\u010devo 20. jun 2017. godine - RES fondacija<\/title>\n<meta name=\"robots\" content=\"index, follow, max-snippet:-1, max-image-preview:large, max-video-preview:-1\" \/>\n<link rel=\"canonical\" href=\"https:\/\/resfoundation.org\/rs\/odrzana-cetvrta-konsultativna-radionica-dobra-klima-za-razvoj-kucevo-20-jun-2017-godine\/\" \/>\n<meta property=\"og:locale\" content=\"sr_RS\" \/>\n<meta property=\"og:type\" content=\"article\" \/>\n<meta property=\"og:title\" content=\"Odr\u017eana \u010detvrta konsultativna radionica \u201cDobra klima za razvoj&quot;, Ku\u010devo 20. jun 2017. godine - RES fondacija\" \/>\n<meta property=\"og:description\" content=\"RES fondacija, Beogradska otvorena \u0161kola i Timo\u010dki klub su 20. juna 2017. godine u Ku\u010devu, organizovali konsultativnu radionicu \u201cDobra Klima za razvoj&#8220; sa predstavnicima lokalnih samouprava i civilnog dru\u0161tva iz op\u0161tina Ku\u010devo, Golubac, \u017dagubica i Po\u017earevac. Teme o kojima se razgovaralo su bile energetska efikasnost, energetski menad\u017ement, obnovljivi izvori energije i uskla\u0111enost horizontalnih javnih politika [&hellip;]\" \/>\n<meta property=\"og:url\" content=\"https:\/\/resfoundation.org\/rs\/odrzana-cetvrta-konsultativna-radionica-dobra-klima-za-razvoj-kucevo-20-jun-2017-godine\/\" \/>\n<meta property=\"og:site_name\" content=\"RES fondacija\" \/>\n<meta property=\"article:published_time\" content=\"2017-06-20T22:24:00+00:00\" \/>\n<meta property=\"article:modified_time\" content=\"2021-08-19T09:10:03+00:00\" \/>\n<meta property=\"og:image\" content=\"https:\/\/resfoundation.org\/rs\/wp-content\/uploads\/2021\/03\/IMG-20170622-WA0004.jpg\" \/>\n\t<meta property=\"og:image:width\" content=\"1280\" \/>\n\t<meta property=\"og:image:height\" content=\"960\" \/>\n\t<meta property=\"og:image:type\" content=\"image\/jpeg\" \/>\n<meta name=\"author\" content=\"Admin\" \/>\n<meta name=\"twitter:card\" content=\"summary_large_image\" \/>\n<meta name=\"twitter:label1\" content=\"\u041d\u0430\u043f\u0438\u0441\u0430\u043d\u043e \u043e\u0434\" \/>\n\t<meta name=\"twitter:data1\" content=\"Admin\" \/>\n\t<meta name=\"twitter:label2\" content=\"\u041f\u0440\u043e\u0446\u0435\u045a\u0435\u043d\u043e \u0432\u0440\u0435\u043c\u0435 \u0447\u0438\u0442\u0430\u045a\u0430\" \/>\n\t<meta name=\"twitter:data2\" content=\"2 \u043c\u0438\u043d\u0443\u0442\u0430\" \/>\n<script type=\"application\/ld+json\" class=\"yoast-schema-graph\">{\"@context\":\"https:\\\/\\\/schema.org\",\"@graph\":[{\"@type\":\"Article\",\"@id\":\"https:\\\/\\\/resfoundation.org\\\/rs\\\/odrzana-cetvrta-konsultativna-radionica-dobra-klima-za-razvoj-kucevo-20-jun-2017-godine\\\/#article\",\"isPartOf\":{\"@id\":\"https:\\\/\\\/resfoundation.org\\\/rs\\\/odrzana-cetvrta-konsultativna-radionica-dobra-klima-za-razvoj-kucevo-20-jun-2017-godine\\\/\"},\"author\":{\"name\":\"Admin\",\"@id\":\"https:\\\/\\\/resfoundation.org\\\/rs\\\/#\\\/schema\\\/person\\\/742e2bf0bb2a53a86ecf6c4ad424f2ec\"},\"headline\":\"Odr\u017eana \u010detvrta konsultativna radionica \u201cDobra klima za razvoj&#8220;, Ku\u010devo 20. jun 2017. godine\",\"datePublished\":\"2017-06-20T22:24:00+00:00\",\"dateModified\":\"2021-08-19T09:10:03+00:00\",\"mainEntityOfPage\":{\"@id\":\"https:\\\/\\\/resfoundation.org\\\/rs\\\/odrzana-cetvrta-konsultativna-radionica-dobra-klima-za-razvoj-kucevo-20-jun-2017-godine\\\/\"},\"wordCount\":448,\"publisher\":{\"@id\":\"https:\\\/\\\/resfoundation.org\\\/rs\\\/#organization\"},\"image\":{\"@id\":\"https:\\\/\\\/resfoundation.org\\\/rs\\\/odrzana-cetvrta-konsultativna-radionica-dobra-klima-za-razvoj-kucevo-20-jun-2017-godine\\\/#primaryimage\"},\"thumbnailUrl\":\"https:\\\/\\\/resfoundation.org\\\/rs\\\/wp-content\\\/uploads\\\/2021\\\/03\\\/IMG-20170622-WA0004.jpg\",\"keywords\":[\"EnergetskaEfikasnost\",\"KlimatskePromene\",\"LokalneSamouprave\"],\"articleSection\":[\"Doga\u0111aji\"],\"inLanguage\":\"sr-RS\"},{\"@type\":\"WebPage\",\"@id\":\"https:\\\/\\\/resfoundation.org\\\/rs\\\/odrzana-cetvrta-konsultativna-radionica-dobra-klima-za-razvoj-kucevo-20-jun-2017-godine\\\/\",\"url\":\"https:\\\/\\\/resfoundation.org\\\/rs\\\/odrzana-cetvrta-konsultativna-radionica-dobra-klima-za-razvoj-kucevo-20-jun-2017-godine\\\/\",\"name\":\"Odr\u017eana \u010detvrta konsultativna radionica \u201cDobra klima za razvoj\\\", Ku\u010devo 20. jun 2017. godine - RES fondacija\",\"isPartOf\":{\"@id\":\"https:\\\/\\\/resfoundation.org\\\/rs\\\/#website\"},\"primaryImageOfPage\":{\"@id\":\"https:\\\/\\\/resfoundation.org\\\/rs\\\/odrzana-cetvrta-konsultativna-radionica-dobra-klima-za-razvoj-kucevo-20-jun-2017-godine\\\/#primaryimage\"},\"image\":{\"@id\":\"https:\\\/\\\/resfoundation.org\\\/rs\\\/odrzana-cetvrta-konsultativna-radionica-dobra-klima-za-razvoj-kucevo-20-jun-2017-godine\\\/#primaryimage\"},\"thumbnailUrl\":\"https:\\\/\\\/resfoundation.org\\\/rs\\\/wp-content\\\/uploads\\\/2021\\\/03\\\/IMG-20170622-WA0004.jpg\",\"datePublished\":\"2017-06-20T22:24:00+00:00\",\"dateModified\":\"2021-08-19T09:10:03+00:00\",\"breadcrumb\":{\"@id\":\"https:\\\/\\\/resfoundation.org\\\/rs\\\/odrzana-cetvrta-konsultativna-radionica-dobra-klima-za-razvoj-kucevo-20-jun-2017-godine\\\/#breadcrumb\"},\"inLanguage\":\"sr-RS\",\"potentialAction\":[{\"@type\":\"ReadAction\",\"target\":[\"https:\\\/\\\/resfoundation.org\\\/rs\\\/odrzana-cetvrta-konsultativna-radionica-dobra-klima-za-razvoj-kucevo-20-jun-2017-godine\\\/\"]}]},{\"@type\":\"ImageObject\",\"inLanguage\":\"sr-RS\",\"@id\":\"https:\\\/\\\/resfoundation.org\\\/rs\\\/odrzana-cetvrta-konsultativna-radionica-dobra-klima-za-razvoj-kucevo-20-jun-2017-godine\\\/#primaryimage\",\"url\":\"https:\\\/\\\/resfoundation.org\\\/rs\\\/wp-content\\\/uploads\\\/2021\\\/03\\\/IMG-20170622-WA0004.jpg\",\"contentUrl\":\"https:\\\/\\\/resfoundation.org\\\/rs\\\/wp-content\\\/uploads\\\/2021\\\/03\\\/IMG-20170622-WA0004.jpg\",\"width\":1280,\"height\":960},{\"@type\":\"BreadcrumbList\",\"@id\":\"https:\\\/\\\/resfoundation.org\\\/rs\\\/odrzana-cetvrta-konsultativna-radionica-dobra-klima-za-razvoj-kucevo-20-jun-2017-godine\\\/#breadcrumb\",\"itemListElement\":[{\"@type\":\"ListItem\",\"position\":1,\"name\":\"\u041f\u043e\u0447\u0435\u0442\u043d\u0430\",\"item\":\"https:\\\/\\\/resfoundation.org\\\/rs\\\/\"},{\"@type\":\"ListItem\",\"position\":2,\"name\":\"Odr\u017eana \u010detvrta konsultativna radionica \u201cDobra klima za razvoj&#8220;, Ku\u010devo 20. jun 2017. godine\"}]},{\"@type\":\"WebSite\",\"@id\":\"https:\\\/\\\/resfoundation.org\\\/rs\\\/#website\",\"url\":\"https:\\\/\\\/resfoundation.org\\\/rs\\\/\",\"name\":\"RES fondacija\",\"description\":\"Partnerships for Resilience\",\"publisher\":{\"@id\":\"https:\\\/\\\/resfoundation.org\\\/rs\\\/#organization\"},\"potentialAction\":[{\"@type\":\"SearchAction\",\"target\":{\"@type\":\"EntryPoint\",\"urlTemplate\":\"https:\\\/\\\/resfoundation.org\\\/rs\\\/?s={search_term_string}\"},\"query-input\":{\"@type\":\"PropertyValueSpecification\",\"valueRequired\":true,\"valueName\":\"search_term_string\"}}],\"inLanguage\":\"sr-RS\"},{\"@type\":\"Organization\",\"@id\":\"https:\\\/\\\/resfoundation.org\\\/rs\\\/#organization\",\"name\":\"RES fondacija\",\"url\":\"https:\\\/\\\/resfoundation.org\\\/rs\\\/\",\"logo\":{\"@type\":\"ImageObject\",\"inLanguage\":\"sr-RS\",\"@id\":\"https:\\\/\\\/resfoundation.org\\\/rs\\\/#\\\/schema\\\/logo\\\/image\\\/\",\"url\":\"https:\\\/\\\/resfoundation.org\\\/rs\\\/wp-content\\\/uploads\\\/2021\\\/03\\\/cropped-cropped-cropped-res-bez-ispisa.png\",\"contentUrl\":\"https:\\\/\\\/resfoundation.org\\\/rs\\\/wp-content\\\/uploads\\\/2021\\\/03\\\/cropped-cropped-cropped-res-bez-ispisa.png\",\"width\":512,\"height\":512,\"caption\":\"RES fondacija\"},\"image\":{\"@id\":\"https:\\\/\\\/resfoundation.org\\\/rs\\\/#\\\/schema\\\/logo\\\/image\\\/\"}},{\"@type\":\"Person\",\"@id\":\"https:\\\/\\\/resfoundation.org\\\/rs\\\/#\\\/schema\\\/person\\\/742e2bf0bb2a53a86ecf6c4ad424f2ec\",\"name\":\"Admin\",\"image\":{\"@type\":\"ImageObject\",\"inLanguage\":\"sr-RS\",\"@id\":\"https:\\\/\\\/secure.gravatar.com\\\/avatar\\\/a89f0bcfcafea886f55b948a23f20a40ba0a924a3f8e5494e130e069c504b756?s=96&d=mm&r=g\",\"url\":\"https:\\\/\\\/secure.gravatar.com\\\/avatar\\\/a89f0bcfcafea886f55b948a23f20a40ba0a924a3f8e5494e130e069c504b756?s=96&d=mm&r=g\",\"contentUrl\":\"https:\\\/\\\/secure.gravatar.com\\\/avatar\\\/a89f0bcfcafea886f55b948a23f20a40ba0a924a3f8e5494e130e069c504b756?s=96&d=mm&r=g\",\"caption\":\"Admin\"},\"sameAs\":[\"https:\\\/\\\/resfoundation.org\\\/rs\"],\"url\":\"https:\\\/\\\/resfoundation.org\\\/rs\\\/author\\\/zoricaresfoundation-org\\\/\"}]}<\/script>\n<!-- \/ Yoast SEO plugin. -->","yoast_head_json":{"title":"Odr\u017eana \u010detvrta konsultativna radionica \u201cDobra klima za razvoj\", Ku\u010devo 20. jun 2017. godine - RES fondacija","robots":{"index":"index","follow":"follow","max-snippet":"max-snippet:-1","max-image-preview":"max-image-preview:large","max-video-preview":"max-video-preview:-1"},"canonical":"https:\/\/resfoundation.org\/rs\/odrzana-cetvrta-konsultativna-radionica-dobra-klima-za-razvoj-kucevo-20-jun-2017-godine\/","og_locale":"sr_RS","og_type":"article","og_title":"Odr\u017eana \u010detvrta konsultativna radionica \u201cDobra klima za razvoj\", Ku\u010devo 20. jun 2017. godine - RES fondacija","og_description":"RES fondacija, Beogradska otvorena \u0161kola i Timo\u010dki klub su 20. juna 2017. godine u Ku\u010devu, organizovali konsultativnu radionicu \u201cDobra Klima za razvoj&#8220; sa predstavnicima lokalnih samouprava i civilnog dru\u0161tva iz op\u0161tina Ku\u010devo, Golubac, \u017dagubica i Po\u017earevac. Teme o kojima se razgovaralo su bile energetska efikasnost, energetski menad\u017ement, obnovljivi izvori energije i uskla\u0111enost horizontalnih javnih politika [&hellip;]","og_url":"https:\/\/resfoundation.org\/rs\/odrzana-cetvrta-konsultativna-radionica-dobra-klima-za-razvoj-kucevo-20-jun-2017-godine\/","og_site_name":"RES fondacija","article_published_time":"2017-06-20T22:24:00+00:00","article_modified_time":"2021-08-19T09:10:03+00:00","og_image":[{"width":1280,"height":960,"url":"https:\/\/resfoundation.org\/rs\/wp-content\/uploads\/2021\/03\/IMG-20170622-WA0004.jpg","type":"image\/jpeg"}],"author":"Admin","twitter_card":"summary_large_image","twitter_misc":{"\u041d\u0430\u043f\u0438\u0441\u0430\u043d\u043e \u043e\u0434":"Admin","\u041f\u0440\u043e\u0446\u0435\u045a\u0435\u043d\u043e \u0432\u0440\u0435\u043c\u0435 \u0447\u0438\u0442\u0430\u045a\u0430":"2 \u043c\u0438\u043d\u0443\u0442\u0430"},"schema":{"@context":"https:\/\/schema.org","@graph":[{"@type":"Article","@id":"https:\/\/resfoundation.org\/rs\/odrzana-cetvrta-konsultativna-radionica-dobra-klima-za-razvoj-kucevo-20-jun-2017-godine\/#article","isPartOf":{"@id":"https:\/\/resfoundation.org\/rs\/odrzana-cetvrta-konsultativna-radionica-dobra-klima-za-razvoj-kucevo-20-jun-2017-godine\/"},"author":{"name":"Admin","@id":"https:\/\/resfoundation.org\/rs\/#\/schema\/person\/742e2bf0bb2a53a86ecf6c4ad424f2ec"},"headline":"Odr\u017eana \u010detvrta konsultativna radionica \u201cDobra klima za razvoj&#8220;, Ku\u010devo 20. jun 2017. godine","datePublished":"2017-06-20T22:24:00+00:00","dateModified":"2021-08-19T09:10:03+00:00","mainEntityOfPage":{"@id":"https:\/\/resfoundation.org\/rs\/odrzana-cetvrta-konsultativna-radionica-dobra-klima-za-razvoj-kucevo-20-jun-2017-godine\/"},"wordCount":448,"publisher":{"@id":"https:\/\/resfoundation.org\/rs\/#organization"},"image":{"@id":"https:\/\/resfoundation.org\/rs\/odrzana-cetvrta-konsultativna-radionica-dobra-klima-za-razvoj-kucevo-20-jun-2017-godine\/#primaryimage"},"thumbnailUrl":"https:\/\/resfoundation.org\/rs\/wp-content\/uploads\/2021\/03\/IMG-20170622-WA0004.jpg","keywords":["EnergetskaEfikasnost","KlimatskePromene","LokalneSamouprave"],"articleSection":["Doga\u0111aji"],"inLanguage":"sr-RS"},{"@type":"WebPage","@id":"https:\/\/resfoundation.org\/rs\/odrzana-cetvrta-konsultativna-radionica-dobra-klima-za-razvoj-kucevo-20-jun-2017-godine\/","url":"https:\/\/resfoundation.org\/rs\/odrzana-cetvrta-konsultativna-radionica-dobra-klima-za-razvoj-kucevo-20-jun-2017-godine\/","name":"Odr\u017eana \u010detvrta konsultativna radionica \u201cDobra klima za razvoj\", Ku\u010devo 20. jun 2017. godine - RES fondacija","isPartOf":{"@id":"https:\/\/resfoundation.org\/rs\/#website"},"primaryImageOfPage":{"@id":"https:\/\/resfoundation.org\/rs\/odrzana-cetvrta-konsultativna-radionica-dobra-klima-za-razvoj-kucevo-20-jun-2017-godine\/#primaryimage"},"image":{"@id":"https:\/\/resfoundation.org\/rs\/odrzana-cetvrta-konsultativna-radionica-dobra-klima-za-razvoj-kucevo-20-jun-2017-godine\/#primaryimage"},"thumbnailUrl":"https:\/\/resfoundation.org\/rs\/wp-content\/uploads\/2021\/03\/IMG-20170622-WA0004.jpg","datePublished":"2017-06-20T22:24:00+00:00","dateModified":"2021-08-19T09:10:03+00:00","breadcrumb":{"@id":"https:\/\/resfoundation.org\/rs\/odrzana-cetvrta-konsultativna-radionica-dobra-klima-za-razvoj-kucevo-20-jun-2017-godine\/#breadcrumb"},"inLanguage":"sr-RS","potentialAction":[{"@type":"ReadAction","target":["https:\/\/resfoundation.org\/rs\/odrzana-cetvrta-konsultativna-radionica-dobra-klima-za-razvoj-kucevo-20-jun-2017-godine\/"]}]},{"@type":"ImageObject","inLanguage":"sr-RS","@id":"https:\/\/resfoundation.org\/rs\/odrzana-cetvrta-konsultativna-radionica-dobra-klima-za-razvoj-kucevo-20-jun-2017-godine\/#primaryimage","url":"https:\/\/resfoundation.org\/rs\/wp-content\/uploads\/2021\/03\/IMG-20170622-WA0004.jpg","contentUrl":"https:\/\/resfoundation.org\/rs\/wp-content\/uploads\/2021\/03\/IMG-20170622-WA0004.jpg","width":1280,"height":960},{"@type":"BreadcrumbList","@id":"https:\/\/resfoundation.org\/rs\/odrzana-cetvrta-konsultativna-radionica-dobra-klima-za-razvoj-kucevo-20-jun-2017-godine\/#breadcrumb","itemListElement":[{"@type":"ListItem","position":1,"name":"\u041f\u043e\u0447\u0435\u0442\u043d\u0430","item":"https:\/\/resfoundation.org\/rs\/"},{"@type":"ListItem","position":2,"name":"Odr\u017eana \u010detvrta konsultativna radionica \u201cDobra klima za razvoj&#8220;, Ku\u010devo 20. jun 2017. godine"}]},{"@type":"WebSite","@id":"https:\/\/resfoundation.org\/rs\/#website","url":"https:\/\/resfoundation.org\/rs\/","name":"RES fondacija","description":"Partnerships for Resilience","publisher":{"@id":"https:\/\/resfoundation.org\/rs\/#organization"},"potentialAction":[{"@type":"SearchAction","target":{"@type":"EntryPoint","urlTemplate":"https:\/\/resfoundation.org\/rs\/?s={search_term_string}"},"query-input":{"@type":"PropertyValueSpecification","valueRequired":true,"valueName":"search_term_string"}}],"inLanguage":"sr-RS"},{"@type":"Organization","@id":"https:\/\/resfoundation.org\/rs\/#organization","name":"RES fondacija","url":"https:\/\/resfoundation.org\/rs\/","logo":{"@type":"ImageObject","inLanguage":"sr-RS","@id":"https:\/\/resfoundation.org\/rs\/#\/schema\/logo\/image\/","url":"https:\/\/resfoundation.org\/rs\/wp-content\/uploads\/2021\/03\/cropped-cropped-cropped-res-bez-ispisa.png","contentUrl":"https:\/\/resfoundation.org\/rs\/wp-content\/uploads\/2021\/03\/cropped-cropped-cropped-res-bez-ispisa.png","width":512,"height":512,"caption":"RES fondacija"},"image":{"@id":"https:\/\/resfoundation.org\/rs\/#\/schema\/logo\/image\/"}},{"@type":"Person","@id":"https:\/\/resfoundation.org\/rs\/#\/schema\/person\/742e2bf0bb2a53a86ecf6c4ad424f2ec","name":"Admin","image":{"@type":"ImageObject","inLanguage":"sr-RS","@id":"https:\/\/secure.gravatar.com\/avatar\/a89f0bcfcafea886f55b948a23f20a40ba0a924a3f8e5494e130e069c504b756?s=96&d=mm&r=g","url":"https:\/\/secure.gravatar.com\/avatar\/a89f0bcfcafea886f55b948a23f20a40ba0a924a3f8e5494e130e069c504b756?s=96&d=mm&r=g","contentUrl":"https:\/\/secure.gravatar.com\/avatar\/a89f0bcfcafea886f55b948a23f20a40ba0a924a3f8e5494e130e069c504b756?s=96&d=mm&r=g","caption":"Admin"},"sameAs":["https:\/\/resfoundation.org\/rs"],"url":"https:\/\/resfoundation.org\/rs\/author\/zoricaresfoundation-org\/"}]}},"_links":{"self":[{"href":"https:\/\/resfoundation.org\/rs\/wp-json\/wp\/v2\/posts\/1200","targetHints":{"allow":["GET"]}}],"collection":[{"href":"https:\/\/resfoundation.org\/rs\/wp-json\/wp\/v2\/posts"}],"about":[{"href":"https:\/\/resfoundation.org\/rs\/wp-json\/wp\/v2\/types\/post"}],"author":[{"embeddable":true,"href":"https:\/\/resfoundation.org\/rs\/wp-json\/wp\/v2\/users\/3"}],"replies":[{"embeddable":true,"href":"https:\/\/resfoundation.org\/rs\/wp-json\/wp\/v2\/comments?post=1200"}],"version-history":[{"count":1,"href":"https:\/\/resfoundation.org\/rs\/wp-json\/wp\/v2\/posts\/1200\/revisions"}],"predecessor-version":[{"id":1208,"href":"https:\/\/resfoundation.org\/rs\/wp-json\/wp\/v2\/posts\/1200\/revisions\/1208"}],"wp:featuredmedia":[{"embeddable":true,"href":"https:\/\/resfoundation.org\/rs\/wp-json\/wp\/v2\/media\/1202"}],"wp:attachment":[{"href":"https:\/\/resfoundation.org\/rs\/wp-json\/wp\/v2\/media?parent=1200"}],"wp:term":[{"taxonomy":"category","embeddable":true,"href":"https:\/\/resfoundation.org\/rs\/wp-json\/wp\/v2\/categories?post=1200"},{"taxonomy":"post_tag","embeddable":true,"href":"https:\/\/resfoundation.org\/rs\/wp-json\/wp\/v2\/tags?post=1200"}],"curies":[{"name":"wp","href":"https:\/\/api.w.org\/{rel}","templated":true}]}}