{"id":1227,"date":"2017-06-01T22:46:00","date_gmt":"2017-06-01T22:46:00","guid":{"rendered":"https:\/\/resfoundation.org\/rs\/?p=1227"},"modified":"2021-08-19T09:10:23","modified_gmt":"2021-08-19T09:10:23","slug":"odrzana-treca-konsultativna-radionica-dobra-klima-za-razvoj-nis-01-jun-2017-godine","status":"publish","type":"post","link":"https:\/\/resfoundation.org\/rs\/odrzana-treca-konsultativna-radionica-dobra-klima-za-razvoj-nis-01-jun-2017-godine\/","title":{"rendered":"Odr\u017eana tre\u0107a konsultativna radionica \u201cDobra klima za razvoj&#8220;, Ni\u0161 01. jun 2017. godine"},"content":{"rendered":"\n<p>Res fondacija i Beogradska otvorena \u0161kola su 01. juna u Ni\u0161u organizovali jo\u0161 jednu u nizu konsultativnu radionicu \u201cDobra klima za razvoj&#8220; sa predstavnicima lokalnih samouprava i organizacijama civilnog dru\u0161tva iz op\u0161tina Svrljig, Knja\u017eevac, Gad\u017ein Han, Doljevac, Bela Palanka, Ra\u017eanj i Leskovac. Teme o kojima se razgovaralo su bile energetska efikasnost, energetski menad\u017ement, obnovljivi izvori energije i uskla\u0111enost horizontalnih javnih politika na lokalnom nivou. Skup je po\u010deo izlaganjima suosniva\u010da RES fondacije Jasminke Young i Aleksandra Macure i Mirjane Jovanovi\u0107 iz Beogradske otvorene \u0161kole. Nakon uvodnih izlaganja usledila je interaktivna diskusija u malim grupama u formatu fokus grupe.<\/p>\n\n\n\n<p><br>Cilj radionice je bio da se utvrde prioriteti razvoja lokalnih klimatskih politika, prepreke za njihovu implementaciju i potencijali koje akteri na lokalnom nivou prepoznaju. Radionica je deo \u0161ireg dijaloga koji RES Fondacija vodi sa lokalnim zajednicama kako bi se lokalne perspektive identifikovale, a zatim i integrisale u proces izrade nacionalne Strategije borbe protiv klimatskih promena.<br>Ovo je druga u seriji radionica koje RES fondacija organizuje po \u010ditavoj Srbiji u okviru projekta Transformator koji Beogradska otvorena \u0161kola sprovodi uz podr\u0161ku \u0160vedske. Radionica je registrovana i kao doga\u0111aj u okviru <a href=\"https:\/\/www.eusew.eu\/\">Nedelje odr\u017eive energije Evropske unije<\/a>.<\/p>\n\n\n\n<figure class=\"wp-block-image size-large\"><img fetchpriority=\"high\" decoding=\"async\" width=\"960\" height=\"518\" src=\"https:\/\/resfoundation.org\/rs\/wp-content\/uploads\/2021\/03\/1-2-1.jpg\" alt=\"\" class=\"wp-image-1229\" srcset=\"https:\/\/resfoundation.org\/rs\/wp-content\/uploads\/2021\/03\/1-2-1.jpg 960w, https:\/\/resfoundation.org\/rs\/wp-content\/uploads\/2021\/03\/1-2-1-300x162.jpg 300w, https:\/\/resfoundation.org\/rs\/wp-content\/uploads\/2021\/03\/1-2-1-768x414.jpg 768w\" sizes=\"(max-width: 960px) 100vw, 960px\" \/><\/figure>\n","protected":false},"excerpt":{"rendered":"<p>Res fondacija i Beogradska otvorena \u0161kola su 01. juna u Ni\u0161u organizovali jo\u0161 jednu u nizu konsultativnu radionicu \u201cDobra klima za razvoj&#8220; sa predstavnicima lokalnih samouprava i organizacijama civilnog dru\u0161tva iz op\u0161tina Svrljig, Knja\u017eevac, Gad\u017ein Han, Doljevac, Bela Palanka, Ra\u017eanj i Leskovac. Teme o kojima se razgovaralo su bile energetska efikasnost, energetski menad\u017ement, obnovljivi izvori [&hellip;]<\/p>\n","protected":false},"author":3,"featured_media":1228,"comment_status":"closed","ping_status":"closed","sticky":false,"template":"","format":"standard","meta":{"footnotes":""},"categories":[5],"tags":[20,15,17],"class_list":["post-1227","post","type-post","status-publish","format-standard","has-post-thumbnail","hentry","category-dogadjaji","tag-energetskaefikasnost","tag-klimatskepromene","tag-lokalnesamouprave"],"yoast_head":"<!-- This site is optimized with the Yoast SEO plugin v27.4 - https:\/\/yoast.com\/product\/yoast-seo-wordpress\/ -->\n<title>Odr\u017eana tre\u0107a konsultativna radionica \u201cDobra klima za razvoj&quot;, Ni\u0161 01. jun 2017. godine - RES fondacija<\/title>\n<meta name=\"robots\" content=\"index, follow, max-snippet:-1, max-image-preview:large, max-video-preview:-1\" \/>\n<link rel=\"canonical\" href=\"https:\/\/resfoundation.org\/rs\/odrzana-treca-konsultativna-radionica-dobra-klima-za-razvoj-nis-01-jun-2017-godine\/\" \/>\n<meta property=\"og:locale\" content=\"sr_RS\" \/>\n<meta property=\"og:type\" content=\"article\" \/>\n<meta property=\"og:title\" content=\"Odr\u017eana tre\u0107a konsultativna radionica \u201cDobra klima za razvoj&quot;, Ni\u0161 01. jun 2017. godine - RES fondacija\" \/>\n<meta property=\"og:description\" content=\"Res fondacija i Beogradska otvorena \u0161kola su 01. juna u Ni\u0161u organizovali jo\u0161 jednu u nizu konsultativnu radionicu \u201cDobra klima za razvoj&#8220; sa predstavnicima lokalnih samouprava i organizacijama civilnog dru\u0161tva iz op\u0161tina Svrljig, Knja\u017eevac, Gad\u017ein Han, Doljevac, Bela Palanka, Ra\u017eanj i Leskovac. Teme o kojima se razgovaralo su bile energetska efikasnost, energetski menad\u017ement, obnovljivi izvori [&hellip;]\" \/>\n<meta property=\"og:url\" content=\"https:\/\/resfoundation.org\/rs\/odrzana-treca-konsultativna-radionica-dobra-klima-za-razvoj-nis-01-jun-2017-godine\/\" \/>\n<meta property=\"og:site_name\" content=\"RES fondacija\" \/>\n<meta property=\"article:published_time\" content=\"2017-06-01T22:46:00+00:00\" \/>\n<meta property=\"article:modified_time\" content=\"2021-08-19T09:10:23+00:00\" \/>\n<meta property=\"og:image\" content=\"https:\/\/resfoundation.org\/rs\/wp-content\/uploads\/2021\/03\/1-2.jpg\" \/>\n\t<meta property=\"og:image:width\" content=\"960\" \/>\n\t<meta property=\"og:image:height\" content=\"518\" \/>\n\t<meta property=\"og:image:type\" content=\"image\/jpeg\" \/>\n<meta name=\"author\" content=\"Admin\" \/>\n<meta name=\"twitter:card\" content=\"summary_large_image\" \/>\n<meta name=\"twitter:label1\" content=\"\u041d\u0430\u043f\u0438\u0441\u0430\u043d\u043e \u043e\u0434\" \/>\n\t<meta name=\"twitter:data1\" content=\"Admin\" \/>\n\t<meta name=\"twitter:label2\" content=\"\u041f\u0440\u043e\u0446\u0435\u045a\u0435\u043d\u043e \u0432\u0440\u0435\u043c\u0435 \u0447\u0438\u0442\u0430\u045a\u0430\" \/>\n\t<meta name=\"twitter:data2\" content=\"1 \u043c\u0438\u043d\u0443\u0442\" \/>\n<script type=\"application\/ld+json\" class=\"yoast-schema-graph\">{\"@context\":\"https:\\\/\\\/schema.org\",\"@graph\":[{\"@type\":\"Article\",\"@id\":\"https:\\\/\\\/resfoundation.org\\\/rs\\\/odrzana-treca-konsultativna-radionica-dobra-klima-za-razvoj-nis-01-jun-2017-godine\\\/#article\",\"isPartOf\":{\"@id\":\"https:\\\/\\\/resfoundation.org\\\/rs\\\/odrzana-treca-konsultativna-radionica-dobra-klima-za-razvoj-nis-01-jun-2017-godine\\\/\"},\"author\":{\"name\":\"Admin\",\"@id\":\"https:\\\/\\\/resfoundation.org\\\/rs\\\/#\\\/schema\\\/person\\\/742e2bf0bb2a53a86ecf6c4ad424f2ec\"},\"headline\":\"Odr\u017eana tre\u0107a konsultativna radionica \u201cDobra klima za razvoj&#8220;, Ni\u0161 01. jun 2017. godine\",\"datePublished\":\"2017-06-01T22:46:00+00:00\",\"dateModified\":\"2021-08-19T09:10:23+00:00\",\"mainEntityOfPage\":{\"@id\":\"https:\\\/\\\/resfoundation.org\\\/rs\\\/odrzana-treca-konsultativna-radionica-dobra-klima-za-razvoj-nis-01-jun-2017-godine\\\/\"},\"wordCount\":215,\"publisher\":{\"@id\":\"https:\\\/\\\/resfoundation.org\\\/rs\\\/#organization\"},\"image\":{\"@id\":\"https:\\\/\\\/resfoundation.org\\\/rs\\\/odrzana-treca-konsultativna-radionica-dobra-klima-za-razvoj-nis-01-jun-2017-godine\\\/#primaryimage\"},\"thumbnailUrl\":\"https:\\\/\\\/resfoundation.org\\\/rs\\\/wp-content\\\/uploads\\\/2021\\\/03\\\/1-2.jpg\",\"keywords\":[\"EnergetskaEfikasnost\",\"KlimatskePromene\",\"LokalneSamouprave\"],\"articleSection\":[\"Doga\u0111aji\"],\"inLanguage\":\"sr-RS\"},{\"@type\":\"WebPage\",\"@id\":\"https:\\\/\\\/resfoundation.org\\\/rs\\\/odrzana-treca-konsultativna-radionica-dobra-klima-za-razvoj-nis-01-jun-2017-godine\\\/\",\"url\":\"https:\\\/\\\/resfoundation.org\\\/rs\\\/odrzana-treca-konsultativna-radionica-dobra-klima-za-razvoj-nis-01-jun-2017-godine\\\/\",\"name\":\"Odr\u017eana tre\u0107a konsultativna radionica \u201cDobra klima za razvoj\\\", Ni\u0161 01. jun 2017. godine - RES fondacija\",\"isPartOf\":{\"@id\":\"https:\\\/\\\/resfoundation.org\\\/rs\\\/#website\"},\"primaryImageOfPage\":{\"@id\":\"https:\\\/\\\/resfoundation.org\\\/rs\\\/odrzana-treca-konsultativna-radionica-dobra-klima-za-razvoj-nis-01-jun-2017-godine\\\/#primaryimage\"},\"image\":{\"@id\":\"https:\\\/\\\/resfoundation.org\\\/rs\\\/odrzana-treca-konsultativna-radionica-dobra-klima-za-razvoj-nis-01-jun-2017-godine\\\/#primaryimage\"},\"thumbnailUrl\":\"https:\\\/\\\/resfoundation.org\\\/rs\\\/wp-content\\\/uploads\\\/2021\\\/03\\\/1-2.jpg\",\"datePublished\":\"2017-06-01T22:46:00+00:00\",\"dateModified\":\"2021-08-19T09:10:23+00:00\",\"breadcrumb\":{\"@id\":\"https:\\\/\\\/resfoundation.org\\\/rs\\\/odrzana-treca-konsultativna-radionica-dobra-klima-za-razvoj-nis-01-jun-2017-godine\\\/#breadcrumb\"},\"inLanguage\":\"sr-RS\",\"potentialAction\":[{\"@type\":\"ReadAction\",\"target\":[\"https:\\\/\\\/resfoundation.org\\\/rs\\\/odrzana-treca-konsultativna-radionica-dobra-klima-za-razvoj-nis-01-jun-2017-godine\\\/\"]}]},{\"@type\":\"ImageObject\",\"inLanguage\":\"sr-RS\",\"@id\":\"https:\\\/\\\/resfoundation.org\\\/rs\\\/odrzana-treca-konsultativna-radionica-dobra-klima-za-razvoj-nis-01-jun-2017-godine\\\/#primaryimage\",\"url\":\"https:\\\/\\\/resfoundation.org\\\/rs\\\/wp-content\\\/uploads\\\/2021\\\/03\\\/1-2.jpg\",\"contentUrl\":\"https:\\\/\\\/resfoundation.org\\\/rs\\\/wp-content\\\/uploads\\\/2021\\\/03\\\/1-2.jpg\",\"width\":960,\"height\":518},{\"@type\":\"BreadcrumbList\",\"@id\":\"https:\\\/\\\/resfoundation.org\\\/rs\\\/odrzana-treca-konsultativna-radionica-dobra-klima-za-razvoj-nis-01-jun-2017-godine\\\/#breadcrumb\",\"itemListElement\":[{\"@type\":\"ListItem\",\"position\":1,\"name\":\"\u041f\u043e\u0447\u0435\u0442\u043d\u0430\",\"item\":\"https:\\\/\\\/resfoundation.org\\\/rs\\\/\"},{\"@type\":\"ListItem\",\"position\":2,\"name\":\"Odr\u017eana tre\u0107a konsultativna radionica \u201cDobra klima za razvoj&#8220;, Ni\u0161 01. jun 2017. godine\"}]},{\"@type\":\"WebSite\",\"@id\":\"https:\\\/\\\/resfoundation.org\\\/rs\\\/#website\",\"url\":\"https:\\\/\\\/resfoundation.org\\\/rs\\\/\",\"name\":\"RES fondacija\",\"description\":\"Partnerships for Resilience\",\"publisher\":{\"@id\":\"https:\\\/\\\/resfoundation.org\\\/rs\\\/#organization\"},\"potentialAction\":[{\"@type\":\"SearchAction\",\"target\":{\"@type\":\"EntryPoint\",\"urlTemplate\":\"https:\\\/\\\/resfoundation.org\\\/rs\\\/?s={search_term_string}\"},\"query-input\":{\"@type\":\"PropertyValueSpecification\",\"valueRequired\":true,\"valueName\":\"search_term_string\"}}],\"inLanguage\":\"sr-RS\"},{\"@type\":\"Organization\",\"@id\":\"https:\\\/\\\/resfoundation.org\\\/rs\\\/#organization\",\"name\":\"RES fondacija\",\"url\":\"https:\\\/\\\/resfoundation.org\\\/rs\\\/\",\"logo\":{\"@type\":\"ImageObject\",\"inLanguage\":\"sr-RS\",\"@id\":\"https:\\\/\\\/resfoundation.org\\\/rs\\\/#\\\/schema\\\/logo\\\/image\\\/\",\"url\":\"https:\\\/\\\/resfoundation.org\\\/rs\\\/wp-content\\\/uploads\\\/2021\\\/03\\\/cropped-cropped-cropped-res-bez-ispisa.png\",\"contentUrl\":\"https:\\\/\\\/resfoundation.org\\\/rs\\\/wp-content\\\/uploads\\\/2021\\\/03\\\/cropped-cropped-cropped-res-bez-ispisa.png\",\"width\":512,\"height\":512,\"caption\":\"RES fondacija\"},\"image\":{\"@id\":\"https:\\\/\\\/resfoundation.org\\\/rs\\\/#\\\/schema\\\/logo\\\/image\\\/\"}},{\"@type\":\"Person\",\"@id\":\"https:\\\/\\\/resfoundation.org\\\/rs\\\/#\\\/schema\\\/person\\\/742e2bf0bb2a53a86ecf6c4ad424f2ec\",\"name\":\"Admin\",\"image\":{\"@type\":\"ImageObject\",\"inLanguage\":\"sr-RS\",\"@id\":\"https:\\\/\\\/secure.gravatar.com\\\/avatar\\\/a89f0bcfcafea886f55b948a23f20a40ba0a924a3f8e5494e130e069c504b756?s=96&d=mm&r=g\",\"url\":\"https:\\\/\\\/secure.gravatar.com\\\/avatar\\\/a89f0bcfcafea886f55b948a23f20a40ba0a924a3f8e5494e130e069c504b756?s=96&d=mm&r=g\",\"contentUrl\":\"https:\\\/\\\/secure.gravatar.com\\\/avatar\\\/a89f0bcfcafea886f55b948a23f20a40ba0a924a3f8e5494e130e069c504b756?s=96&d=mm&r=g\",\"caption\":\"Admin\"},\"sameAs\":[\"https:\\\/\\\/resfoundation.org\\\/rs\"],\"url\":\"https:\\\/\\\/resfoundation.org\\\/rs\\\/author\\\/zoricaresfoundation-org\\\/\"}]}<\/script>\n<!-- \/ Yoast SEO plugin. -->","yoast_head_json":{"title":"Odr\u017eana tre\u0107a konsultativna radionica \u201cDobra klima za razvoj\", Ni\u0161 01. jun 2017. godine - RES fondacija","robots":{"index":"index","follow":"follow","max-snippet":"max-snippet:-1","max-image-preview":"max-image-preview:large","max-video-preview":"max-video-preview:-1"},"canonical":"https:\/\/resfoundation.org\/rs\/odrzana-treca-konsultativna-radionica-dobra-klima-za-razvoj-nis-01-jun-2017-godine\/","og_locale":"sr_RS","og_type":"article","og_title":"Odr\u017eana tre\u0107a konsultativna radionica \u201cDobra klima za razvoj\", Ni\u0161 01. jun 2017. godine - RES fondacija","og_description":"Res fondacija i Beogradska otvorena \u0161kola su 01. juna u Ni\u0161u organizovali jo\u0161 jednu u nizu konsultativnu radionicu \u201cDobra klima za razvoj&#8220; sa predstavnicima lokalnih samouprava i organizacijama civilnog dru\u0161tva iz op\u0161tina Svrljig, Knja\u017eevac, Gad\u017ein Han, Doljevac, Bela Palanka, Ra\u017eanj i Leskovac. Teme o kojima se razgovaralo su bile energetska efikasnost, energetski menad\u017ement, obnovljivi izvori [&hellip;]","og_url":"https:\/\/resfoundation.org\/rs\/odrzana-treca-konsultativna-radionica-dobra-klima-za-razvoj-nis-01-jun-2017-godine\/","og_site_name":"RES fondacija","article_published_time":"2017-06-01T22:46:00+00:00","article_modified_time":"2021-08-19T09:10:23+00:00","og_image":[{"width":960,"height":518,"url":"https:\/\/resfoundation.org\/rs\/wp-content\/uploads\/2021\/03\/1-2.jpg","type":"image\/jpeg"}],"author":"Admin","twitter_card":"summary_large_image","twitter_misc":{"\u041d\u0430\u043f\u0438\u0441\u0430\u043d\u043e \u043e\u0434":"Admin","\u041f\u0440\u043e\u0446\u0435\u045a\u0435\u043d\u043e \u0432\u0440\u0435\u043c\u0435 \u0447\u0438\u0442\u0430\u045a\u0430":"1 \u043c\u0438\u043d\u0443\u0442"},"schema":{"@context":"https:\/\/schema.org","@graph":[{"@type":"Article","@id":"https:\/\/resfoundation.org\/rs\/odrzana-treca-konsultativna-radionica-dobra-klima-za-razvoj-nis-01-jun-2017-godine\/#article","isPartOf":{"@id":"https:\/\/resfoundation.org\/rs\/odrzana-treca-konsultativna-radionica-dobra-klima-za-razvoj-nis-01-jun-2017-godine\/"},"author":{"name":"Admin","@id":"https:\/\/resfoundation.org\/rs\/#\/schema\/person\/742e2bf0bb2a53a86ecf6c4ad424f2ec"},"headline":"Odr\u017eana tre\u0107a konsultativna radionica \u201cDobra klima za razvoj&#8220;, Ni\u0161 01. jun 2017. godine","datePublished":"2017-06-01T22:46:00+00:00","dateModified":"2021-08-19T09:10:23+00:00","mainEntityOfPage":{"@id":"https:\/\/resfoundation.org\/rs\/odrzana-treca-konsultativna-radionica-dobra-klima-za-razvoj-nis-01-jun-2017-godine\/"},"wordCount":215,"publisher":{"@id":"https:\/\/resfoundation.org\/rs\/#organization"},"image":{"@id":"https:\/\/resfoundation.org\/rs\/odrzana-treca-konsultativna-radionica-dobra-klima-za-razvoj-nis-01-jun-2017-godine\/#primaryimage"},"thumbnailUrl":"https:\/\/resfoundation.org\/rs\/wp-content\/uploads\/2021\/03\/1-2.jpg","keywords":["EnergetskaEfikasnost","KlimatskePromene","LokalneSamouprave"],"articleSection":["Doga\u0111aji"],"inLanguage":"sr-RS"},{"@type":"WebPage","@id":"https:\/\/resfoundation.org\/rs\/odrzana-treca-konsultativna-radionica-dobra-klima-za-razvoj-nis-01-jun-2017-godine\/","url":"https:\/\/resfoundation.org\/rs\/odrzana-treca-konsultativna-radionica-dobra-klima-za-razvoj-nis-01-jun-2017-godine\/","name":"Odr\u017eana tre\u0107a konsultativna radionica \u201cDobra klima za razvoj\", Ni\u0161 01. jun 2017. godine - RES fondacija","isPartOf":{"@id":"https:\/\/resfoundation.org\/rs\/#website"},"primaryImageOfPage":{"@id":"https:\/\/resfoundation.org\/rs\/odrzana-treca-konsultativna-radionica-dobra-klima-za-razvoj-nis-01-jun-2017-godine\/#primaryimage"},"image":{"@id":"https:\/\/resfoundation.org\/rs\/odrzana-treca-konsultativna-radionica-dobra-klima-za-razvoj-nis-01-jun-2017-godine\/#primaryimage"},"thumbnailUrl":"https:\/\/resfoundation.org\/rs\/wp-content\/uploads\/2021\/03\/1-2.jpg","datePublished":"2017-06-01T22:46:00+00:00","dateModified":"2021-08-19T09:10:23+00:00","breadcrumb":{"@id":"https:\/\/resfoundation.org\/rs\/odrzana-treca-konsultativna-radionica-dobra-klima-za-razvoj-nis-01-jun-2017-godine\/#breadcrumb"},"inLanguage":"sr-RS","potentialAction":[{"@type":"ReadAction","target":["https:\/\/resfoundation.org\/rs\/odrzana-treca-konsultativna-radionica-dobra-klima-za-razvoj-nis-01-jun-2017-godine\/"]}]},{"@type":"ImageObject","inLanguage":"sr-RS","@id":"https:\/\/resfoundation.org\/rs\/odrzana-treca-konsultativna-radionica-dobra-klima-za-razvoj-nis-01-jun-2017-godine\/#primaryimage","url":"https:\/\/resfoundation.org\/rs\/wp-content\/uploads\/2021\/03\/1-2.jpg","contentUrl":"https:\/\/resfoundation.org\/rs\/wp-content\/uploads\/2021\/03\/1-2.jpg","width":960,"height":518},{"@type":"BreadcrumbList","@id":"https:\/\/resfoundation.org\/rs\/odrzana-treca-konsultativna-radionica-dobra-klima-za-razvoj-nis-01-jun-2017-godine\/#breadcrumb","itemListElement":[{"@type":"ListItem","position":1,"name":"\u041f\u043e\u0447\u0435\u0442\u043d\u0430","item":"https:\/\/resfoundation.org\/rs\/"},{"@type":"ListItem","position":2,"name":"Odr\u017eana tre\u0107a konsultativna radionica \u201cDobra klima za razvoj&#8220;, Ni\u0161 01. jun 2017. godine"}]},{"@type":"WebSite","@id":"https:\/\/resfoundation.org\/rs\/#website","url":"https:\/\/resfoundation.org\/rs\/","name":"RES fondacija","description":"Partnerships for Resilience","publisher":{"@id":"https:\/\/resfoundation.org\/rs\/#organization"},"potentialAction":[{"@type":"SearchAction","target":{"@type":"EntryPoint","urlTemplate":"https:\/\/resfoundation.org\/rs\/?s={search_term_string}"},"query-input":{"@type":"PropertyValueSpecification","valueRequired":true,"valueName":"search_term_string"}}],"inLanguage":"sr-RS"},{"@type":"Organization","@id":"https:\/\/resfoundation.org\/rs\/#organization","name":"RES fondacija","url":"https:\/\/resfoundation.org\/rs\/","logo":{"@type":"ImageObject","inLanguage":"sr-RS","@id":"https:\/\/resfoundation.org\/rs\/#\/schema\/logo\/image\/","url":"https:\/\/resfoundation.org\/rs\/wp-content\/uploads\/2021\/03\/cropped-cropped-cropped-res-bez-ispisa.png","contentUrl":"https:\/\/resfoundation.org\/rs\/wp-content\/uploads\/2021\/03\/cropped-cropped-cropped-res-bez-ispisa.png","width":512,"height":512,"caption":"RES fondacija"},"image":{"@id":"https:\/\/resfoundation.org\/rs\/#\/schema\/logo\/image\/"}},{"@type":"Person","@id":"https:\/\/resfoundation.org\/rs\/#\/schema\/person\/742e2bf0bb2a53a86ecf6c4ad424f2ec","name":"Admin","image":{"@type":"ImageObject","inLanguage":"sr-RS","@id":"https:\/\/secure.gravatar.com\/avatar\/a89f0bcfcafea886f55b948a23f20a40ba0a924a3f8e5494e130e069c504b756?s=96&d=mm&r=g","url":"https:\/\/secure.gravatar.com\/avatar\/a89f0bcfcafea886f55b948a23f20a40ba0a924a3f8e5494e130e069c504b756?s=96&d=mm&r=g","contentUrl":"https:\/\/secure.gravatar.com\/avatar\/a89f0bcfcafea886f55b948a23f20a40ba0a924a3f8e5494e130e069c504b756?s=96&d=mm&r=g","caption":"Admin"},"sameAs":["https:\/\/resfoundation.org\/rs"],"url":"https:\/\/resfoundation.org\/rs\/author\/zoricaresfoundation-org\/"}]}},"_links":{"self":[{"href":"https:\/\/resfoundation.org\/rs\/wp-json\/wp\/v2\/posts\/1227","targetHints":{"allow":["GET"]}}],"collection":[{"href":"https:\/\/resfoundation.org\/rs\/wp-json\/wp\/v2\/posts"}],"about":[{"href":"https:\/\/resfoundation.org\/rs\/wp-json\/wp\/v2\/types\/post"}],"author":[{"embeddable":true,"href":"https:\/\/resfoundation.org\/rs\/wp-json\/wp\/v2\/users\/3"}],"replies":[{"embeddable":true,"href":"https:\/\/resfoundation.org\/rs\/wp-json\/wp\/v2\/comments?post=1227"}],"version-history":[{"count":2,"href":"https:\/\/resfoundation.org\/rs\/wp-json\/wp\/v2\/posts\/1227\/revisions"}],"predecessor-version":[{"id":1231,"href":"https:\/\/resfoundation.org\/rs\/wp-json\/wp\/v2\/posts\/1227\/revisions\/1231"}],"wp:featuredmedia":[{"embeddable":true,"href":"https:\/\/resfoundation.org\/rs\/wp-json\/wp\/v2\/media\/1228"}],"wp:attachment":[{"href":"https:\/\/resfoundation.org\/rs\/wp-json\/wp\/v2\/media?parent=1227"}],"wp:term":[{"taxonomy":"category","embeddable":true,"href":"https:\/\/resfoundation.org\/rs\/wp-json\/wp\/v2\/categories?post=1227"},{"taxonomy":"post_tag","embeddable":true,"href":"https:\/\/resfoundation.org\/rs\/wp-json\/wp\/v2\/tags?post=1227"}],"curies":[{"name":"wp","href":"https:\/\/api.w.org\/{rel}","templated":true}]}}