{"id":1368,"date":"2016-10-14T16:22:00","date_gmt":"2016-10-14T16:22:00","guid":{"rendered":"https:\/\/resfoundation.org\/rs\/?p=1368"},"modified":"2021-08-19T09:13:42","modified_gmt":"2021-08-19T09:13:42","slug":"res-foundation-actively-participates-at-sustainable-development-of-serbia-panel-discussion","status":"publish","type":"post","link":"https:\/\/resfoundation.org\/rs\/res-foundation-actively-participates-at-sustainable-development-of-serbia-panel-discussion\/","title":{"rendered":"RES fondacija aktivno u\u010destvovala na panel diskusiji &#8222;Odr\u017eivi razvoj Srbije&#8220; u Narodnoj skup\u0161tini"},"content":{"rendered":"\n<p>U Narodnoj skup\u0161tini Srbije je 14. oktobra odr\u017eana panel diskusija &#8222;Odr\u017eivi razvoj Srbije&#8220; u organizaciji Fondacije Hajnrih Bel, Fondacije Konrad Adenauer i srpskog Parlamentarnog foruma za energetsku politiku. <\/p>\n\n\n\n<p>U\u010desnici panela bili su H.E. Aksel Ditman, ambasador Savezne Republike Nema\u010dke u Srbiji, dr Aleksandra Tomi\u0107, predsednica srpskog PArlamentarnog foruma za energetsku politiku, Rajnhard Bitikofer, \u010dlan Evropskog parlamenta (Zeleni\/EFA) i kopredsedavaju\u0107i Evropske zelene partije (EGP) i gospodin Aleksandar Macura, suosniva\u010d i predsednik Upravnog odbora RES fondacije. <\/p>\n\n\n\n<p>U\u010desnici panela su \u017eeleli da daju odgovor na temu kakvi su industrija, obrazovanje i ekonomija potrebni za \u010distiju, bezbedniju i zdraviju budu\u0107nost. <\/p>\n\n\n\n<figure class=\"wp-block-image size-large\"><img fetchpriority=\"high\" decoding=\"async\" width=\"1024\" height=\"768\" src=\"https:\/\/resfoundation.org\/rs\/wp-content\/uploads\/2021\/03\/file-31-copy-1-1024x768.jpg\" alt=\"\" class=\"wp-image-1369\" srcset=\"https:\/\/resfoundation.org\/rs\/wp-content\/uploads\/2021\/03\/file-31-copy-1-1024x768.jpg 1024w, https:\/\/resfoundation.org\/rs\/wp-content\/uploads\/2021\/03\/file-31-copy-1-300x225.jpg 300w, https:\/\/resfoundation.org\/rs\/wp-content\/uploads\/2021\/03\/file-31-copy-1-768x576.jpg 768w, https:\/\/resfoundation.org\/rs\/wp-content\/uploads\/2021\/03\/file-31-copy-1-1536x1152.jpg 1536w, https:\/\/resfoundation.org\/rs\/wp-content\/uploads\/2021\/03\/file-31-copy-1-2048x1536.jpg 2048w\" sizes=\"(max-width: 1024px) 100vw, 1024px\" \/><figcaption>Sleva nadesno \u2013  H.E. Aksel Ditman, ambasador Savezne Republike Nema\u010dke u Srbiji, dr Aleksandra Tomi\u0107, predsednica srpskog PArlamentarnog foruma za energetsku politiku, Rajnhard Bitikofer, \u010dlan Evropskog parlamenta (Zeleni\/EFA) i kopredsedavaju\u0107i Evropske zelene partije (EGP) i gospodin Aleksandar Macura, suosniva\u010d i predsednik Upravnog odbora RES fondacije <\/figcaption><\/figure>\n","protected":false},"excerpt":{"rendered":"<p>U Narodnoj skup\u0161tini Srbije je 14. oktobra odr\u017eana panel diskusija &#8222;Odr\u017eivi razvoj Srbije&#8220; u organizaciji Fondacije Hajnrih Bel, Fondacije Konrad Adenauer i srpskog Parlamentarnog foruma za energetsku politiku. U\u010desnici panela bili su H.E. Aksel Ditman, ambasador Savezne Republike Nema\u010dke u Srbiji, dr Aleksandra Tomi\u0107, predsednica srpskog PArlamentarnog foruma za energetsku politiku, Rajnhard Bitikofer, \u010dlan Evropskog [&hellip;]<\/p>\n","protected":false},"author":3,"featured_media":1369,"comment_status":"closed","ping_status":"closed","sticky":false,"template":"","format":"standard","meta":{"footnotes":""},"categories":[5],"tags":[19],"class_list":["post-1368","post","type-post","status-publish","format-standard","has-post-thumbnail","hentry","category-dogadjaji","tag-energetskatranzicija"],"yoast_head":"<!-- This site is optimized with the Yoast SEO plugin v27.4 - https:\/\/yoast.com\/product\/yoast-seo-wordpress\/ -->\n<title>RES fondacija aktivno u\u010destvovala na panel diskusiji &quot;Odr\u017eivi razvoj Srbije&quot; u Narodnoj skup\u0161tini - RES fondacija<\/title>\n<meta name=\"robots\" content=\"index, follow, max-snippet:-1, max-image-preview:large, max-video-preview:-1\" \/>\n<link rel=\"canonical\" href=\"https:\/\/resfoundation.org\/rs\/res-foundation-actively-participates-at-sustainable-development-of-serbia-panel-discussion\/\" \/>\n<meta property=\"og:locale\" content=\"sr_RS\" \/>\n<meta property=\"og:type\" content=\"article\" \/>\n<meta property=\"og:title\" content=\"RES fondacija aktivno u\u010destvovala na panel diskusiji &quot;Odr\u017eivi razvoj Srbije&quot; u Narodnoj skup\u0161tini - RES fondacija\" \/>\n<meta property=\"og:description\" content=\"U Narodnoj skup\u0161tini Srbije je 14. oktobra odr\u017eana panel diskusija &#8222;Odr\u017eivi razvoj Srbije&#8220; u organizaciji Fondacije Hajnrih Bel, Fondacije Konrad Adenauer i srpskog Parlamentarnog foruma za energetsku politiku. U\u010desnici panela bili su H.E. Aksel Ditman, ambasador Savezne Republike Nema\u010dke u Srbiji, dr Aleksandra Tomi\u0107, predsednica srpskog PArlamentarnog foruma za energetsku politiku, Rajnhard Bitikofer, \u010dlan Evropskog [&hellip;]\" \/>\n<meta property=\"og:url\" content=\"https:\/\/resfoundation.org\/rs\/res-foundation-actively-participates-at-sustainable-development-of-serbia-panel-discussion\/\" \/>\n<meta property=\"og:site_name\" content=\"RES fondacija\" \/>\n<meta property=\"article:published_time\" content=\"2016-10-14T16:22:00+00:00\" \/>\n<meta property=\"article:modified_time\" content=\"2021-08-19T09:13:42+00:00\" \/>\n<meta property=\"og:image\" content=\"https:\/\/resfoundation.org\/rs\/wp-content\/uploads\/2021\/03\/file-31-copy-1-scaled.jpg\" \/>\n\t<meta property=\"og:image:width\" content=\"2560\" \/>\n\t<meta property=\"og:image:height\" content=\"1920\" \/>\n\t<meta property=\"og:image:type\" content=\"image\/jpeg\" \/>\n<meta name=\"author\" content=\"Admin\" \/>\n<meta name=\"twitter:card\" content=\"summary_large_image\" \/>\n<meta name=\"twitter:label1\" content=\"\u041d\u0430\u043f\u0438\u0441\u0430\u043d\u043e \u043e\u0434\" \/>\n\t<meta name=\"twitter:data1\" content=\"Admin\" \/>\n\t<meta name=\"twitter:label2\" content=\"\u041f\u0440\u043e\u0446\u0435\u045a\u0435\u043d\u043e \u0432\u0440\u0435\u043c\u0435 \u0447\u0438\u0442\u0430\u045a\u0430\" \/>\n\t<meta name=\"twitter:data2\" content=\"1 \u043c\u0438\u043d\u0443\u0442\" \/>\n<script type=\"application\/ld+json\" class=\"yoast-schema-graph\">{\"@context\":\"https:\\\/\\\/schema.org\",\"@graph\":[{\"@type\":\"Article\",\"@id\":\"https:\\\/\\\/resfoundation.org\\\/rs\\\/res-foundation-actively-participates-at-sustainable-development-of-serbia-panel-discussion\\\/#article\",\"isPartOf\":{\"@id\":\"https:\\\/\\\/resfoundation.org\\\/rs\\\/res-foundation-actively-participates-at-sustainable-development-of-serbia-panel-discussion\\\/\"},\"author\":{\"name\":\"Admin\",\"@id\":\"https:\\\/\\\/resfoundation.org\\\/rs\\\/#\\\/schema\\\/person\\\/742e2bf0bb2a53a86ecf6c4ad424f2ec\"},\"headline\":\"RES fondacija aktivno u\u010destvovala na panel diskusiji &#8222;Odr\u017eivi razvoj Srbije&#8220; u Narodnoj skup\u0161tini\",\"datePublished\":\"2016-10-14T16:22:00+00:00\",\"dateModified\":\"2021-08-19T09:13:42+00:00\",\"mainEntityOfPage\":{\"@id\":\"https:\\\/\\\/resfoundation.org\\\/rs\\\/res-foundation-actively-participates-at-sustainable-development-of-serbia-panel-discussion\\\/\"},\"wordCount\":169,\"publisher\":{\"@id\":\"https:\\\/\\\/resfoundation.org\\\/rs\\\/#organization\"},\"image\":{\"@id\":\"https:\\\/\\\/resfoundation.org\\\/rs\\\/res-foundation-actively-participates-at-sustainable-development-of-serbia-panel-discussion\\\/#primaryimage\"},\"thumbnailUrl\":\"https:\\\/\\\/resfoundation.org\\\/rs\\\/wp-content\\\/uploads\\\/2021\\\/03\\\/file-31-copy-1-scaled.jpg\",\"keywords\":[\"EnergetskaTranzicija\"],\"articleSection\":[\"Doga\u0111aji\"],\"inLanguage\":\"sr-RS\"},{\"@type\":\"WebPage\",\"@id\":\"https:\\\/\\\/resfoundation.org\\\/rs\\\/res-foundation-actively-participates-at-sustainable-development-of-serbia-panel-discussion\\\/\",\"url\":\"https:\\\/\\\/resfoundation.org\\\/rs\\\/res-foundation-actively-participates-at-sustainable-development-of-serbia-panel-discussion\\\/\",\"name\":\"RES fondacija aktivno u\u010destvovala na panel diskusiji \\\"Odr\u017eivi razvoj Srbije\\\" u Narodnoj skup\u0161tini - RES fondacija\",\"isPartOf\":{\"@id\":\"https:\\\/\\\/resfoundation.org\\\/rs\\\/#website\"},\"primaryImageOfPage\":{\"@id\":\"https:\\\/\\\/resfoundation.org\\\/rs\\\/res-foundation-actively-participates-at-sustainable-development-of-serbia-panel-discussion\\\/#primaryimage\"},\"image\":{\"@id\":\"https:\\\/\\\/resfoundation.org\\\/rs\\\/res-foundation-actively-participates-at-sustainable-development-of-serbia-panel-discussion\\\/#primaryimage\"},\"thumbnailUrl\":\"https:\\\/\\\/resfoundation.org\\\/rs\\\/wp-content\\\/uploads\\\/2021\\\/03\\\/file-31-copy-1-scaled.jpg\",\"datePublished\":\"2016-10-14T16:22:00+00:00\",\"dateModified\":\"2021-08-19T09:13:42+00:00\",\"breadcrumb\":{\"@id\":\"https:\\\/\\\/resfoundation.org\\\/rs\\\/res-foundation-actively-participates-at-sustainable-development-of-serbia-panel-discussion\\\/#breadcrumb\"},\"inLanguage\":\"sr-RS\",\"potentialAction\":[{\"@type\":\"ReadAction\",\"target\":[\"https:\\\/\\\/resfoundation.org\\\/rs\\\/res-foundation-actively-participates-at-sustainable-development-of-serbia-panel-discussion\\\/\"]}]},{\"@type\":\"ImageObject\",\"inLanguage\":\"sr-RS\",\"@id\":\"https:\\\/\\\/resfoundation.org\\\/rs\\\/res-foundation-actively-participates-at-sustainable-development-of-serbia-panel-discussion\\\/#primaryimage\",\"url\":\"https:\\\/\\\/resfoundation.org\\\/rs\\\/wp-content\\\/uploads\\\/2021\\\/03\\\/file-31-copy-1-scaled.jpg\",\"contentUrl\":\"https:\\\/\\\/resfoundation.org\\\/rs\\\/wp-content\\\/uploads\\\/2021\\\/03\\\/file-31-copy-1-scaled.jpg\",\"width\":2560,\"height\":1920},{\"@type\":\"BreadcrumbList\",\"@id\":\"https:\\\/\\\/resfoundation.org\\\/rs\\\/res-foundation-actively-participates-at-sustainable-development-of-serbia-panel-discussion\\\/#breadcrumb\",\"itemListElement\":[{\"@type\":\"ListItem\",\"position\":1,\"name\":\"\u041f\u043e\u0447\u0435\u0442\u043d\u0430\",\"item\":\"https:\\\/\\\/resfoundation.org\\\/rs\\\/\"},{\"@type\":\"ListItem\",\"position\":2,\"name\":\"RES fondacija aktivno u\u010destvovala na panel diskusiji &#8222;Odr\u017eivi razvoj Srbije&#8220; u Narodnoj skup\u0161tini\"}]},{\"@type\":\"WebSite\",\"@id\":\"https:\\\/\\\/resfoundation.org\\\/rs\\\/#website\",\"url\":\"https:\\\/\\\/resfoundation.org\\\/rs\\\/\",\"name\":\"RES fondacija\",\"description\":\"Partnerships for Resilience\",\"publisher\":{\"@id\":\"https:\\\/\\\/resfoundation.org\\\/rs\\\/#organization\"},\"potentialAction\":[{\"@type\":\"SearchAction\",\"target\":{\"@type\":\"EntryPoint\",\"urlTemplate\":\"https:\\\/\\\/resfoundation.org\\\/rs\\\/?s={search_term_string}\"},\"query-input\":{\"@type\":\"PropertyValueSpecification\",\"valueRequired\":true,\"valueName\":\"search_term_string\"}}],\"inLanguage\":\"sr-RS\"},{\"@type\":\"Organization\",\"@id\":\"https:\\\/\\\/resfoundation.org\\\/rs\\\/#organization\",\"name\":\"RES fondacija\",\"url\":\"https:\\\/\\\/resfoundation.org\\\/rs\\\/\",\"logo\":{\"@type\":\"ImageObject\",\"inLanguage\":\"sr-RS\",\"@id\":\"https:\\\/\\\/resfoundation.org\\\/rs\\\/#\\\/schema\\\/logo\\\/image\\\/\",\"url\":\"https:\\\/\\\/resfoundation.org\\\/rs\\\/wp-content\\\/uploads\\\/2021\\\/03\\\/cropped-cropped-cropped-res-bez-ispisa.png\",\"contentUrl\":\"https:\\\/\\\/resfoundation.org\\\/rs\\\/wp-content\\\/uploads\\\/2021\\\/03\\\/cropped-cropped-cropped-res-bez-ispisa.png\",\"width\":512,\"height\":512,\"caption\":\"RES fondacija\"},\"image\":{\"@id\":\"https:\\\/\\\/resfoundation.org\\\/rs\\\/#\\\/schema\\\/logo\\\/image\\\/\"}},{\"@type\":\"Person\",\"@id\":\"https:\\\/\\\/resfoundation.org\\\/rs\\\/#\\\/schema\\\/person\\\/742e2bf0bb2a53a86ecf6c4ad424f2ec\",\"name\":\"Admin\",\"image\":{\"@type\":\"ImageObject\",\"inLanguage\":\"sr-RS\",\"@id\":\"https:\\\/\\\/secure.gravatar.com\\\/avatar\\\/a89f0bcfcafea886f55b948a23f20a40ba0a924a3f8e5494e130e069c504b756?s=96&d=mm&r=g\",\"url\":\"https:\\\/\\\/secure.gravatar.com\\\/avatar\\\/a89f0bcfcafea886f55b948a23f20a40ba0a924a3f8e5494e130e069c504b756?s=96&d=mm&r=g\",\"contentUrl\":\"https:\\\/\\\/secure.gravatar.com\\\/avatar\\\/a89f0bcfcafea886f55b948a23f20a40ba0a924a3f8e5494e130e069c504b756?s=96&d=mm&r=g\",\"caption\":\"Admin\"},\"sameAs\":[\"https:\\\/\\\/resfoundation.org\\\/rs\"],\"url\":\"https:\\\/\\\/resfoundation.org\\\/rs\\\/author\\\/zoricaresfoundation-org\\\/\"}]}<\/script>\n<!-- \/ Yoast SEO plugin. -->","yoast_head_json":{"title":"RES fondacija aktivno u\u010destvovala na panel diskusiji \"Odr\u017eivi razvoj Srbije\" u Narodnoj skup\u0161tini - RES fondacija","robots":{"index":"index","follow":"follow","max-snippet":"max-snippet:-1","max-image-preview":"max-image-preview:large","max-video-preview":"max-video-preview:-1"},"canonical":"https:\/\/resfoundation.org\/rs\/res-foundation-actively-participates-at-sustainable-development-of-serbia-panel-discussion\/","og_locale":"sr_RS","og_type":"article","og_title":"RES fondacija aktivno u\u010destvovala na panel diskusiji \"Odr\u017eivi razvoj Srbije\" u Narodnoj skup\u0161tini - RES fondacija","og_description":"U Narodnoj skup\u0161tini Srbije je 14. oktobra odr\u017eana panel diskusija &#8222;Odr\u017eivi razvoj Srbije&#8220; u organizaciji Fondacije Hajnrih Bel, Fondacije Konrad Adenauer i srpskog Parlamentarnog foruma za energetsku politiku. U\u010desnici panela bili su H.E. Aksel Ditman, ambasador Savezne Republike Nema\u010dke u Srbiji, dr Aleksandra Tomi\u0107, predsednica srpskog PArlamentarnog foruma za energetsku politiku, Rajnhard Bitikofer, \u010dlan Evropskog [&hellip;]","og_url":"https:\/\/resfoundation.org\/rs\/res-foundation-actively-participates-at-sustainable-development-of-serbia-panel-discussion\/","og_site_name":"RES fondacija","article_published_time":"2016-10-14T16:22:00+00:00","article_modified_time":"2021-08-19T09:13:42+00:00","og_image":[{"width":2560,"height":1920,"url":"https:\/\/resfoundation.org\/rs\/wp-content\/uploads\/2021\/03\/file-31-copy-1-scaled.jpg","type":"image\/jpeg"}],"author":"Admin","twitter_card":"summary_large_image","twitter_misc":{"\u041d\u0430\u043f\u0438\u0441\u0430\u043d\u043e \u043e\u0434":"Admin","\u041f\u0440\u043e\u0446\u0435\u045a\u0435\u043d\u043e \u0432\u0440\u0435\u043c\u0435 \u0447\u0438\u0442\u0430\u045a\u0430":"1 \u043c\u0438\u043d\u0443\u0442"},"schema":{"@context":"https:\/\/schema.org","@graph":[{"@type":"Article","@id":"https:\/\/resfoundation.org\/rs\/res-foundation-actively-participates-at-sustainable-development-of-serbia-panel-discussion\/#article","isPartOf":{"@id":"https:\/\/resfoundation.org\/rs\/res-foundation-actively-participates-at-sustainable-development-of-serbia-panel-discussion\/"},"author":{"name":"Admin","@id":"https:\/\/resfoundation.org\/rs\/#\/schema\/person\/742e2bf0bb2a53a86ecf6c4ad424f2ec"},"headline":"RES fondacija aktivno u\u010destvovala na panel diskusiji &#8222;Odr\u017eivi razvoj Srbije&#8220; u Narodnoj skup\u0161tini","datePublished":"2016-10-14T16:22:00+00:00","dateModified":"2021-08-19T09:13:42+00:00","mainEntityOfPage":{"@id":"https:\/\/resfoundation.org\/rs\/res-foundation-actively-participates-at-sustainable-development-of-serbia-panel-discussion\/"},"wordCount":169,"publisher":{"@id":"https:\/\/resfoundation.org\/rs\/#organization"},"image":{"@id":"https:\/\/resfoundation.org\/rs\/res-foundation-actively-participates-at-sustainable-development-of-serbia-panel-discussion\/#primaryimage"},"thumbnailUrl":"https:\/\/resfoundation.org\/rs\/wp-content\/uploads\/2021\/03\/file-31-copy-1-scaled.jpg","keywords":["EnergetskaTranzicija"],"articleSection":["Doga\u0111aji"],"inLanguage":"sr-RS"},{"@type":"WebPage","@id":"https:\/\/resfoundation.org\/rs\/res-foundation-actively-participates-at-sustainable-development-of-serbia-panel-discussion\/","url":"https:\/\/resfoundation.org\/rs\/res-foundation-actively-participates-at-sustainable-development-of-serbia-panel-discussion\/","name":"RES fondacija aktivno u\u010destvovala na panel diskusiji \"Odr\u017eivi razvoj Srbije\" u Narodnoj skup\u0161tini - RES fondacija","isPartOf":{"@id":"https:\/\/resfoundation.org\/rs\/#website"},"primaryImageOfPage":{"@id":"https:\/\/resfoundation.org\/rs\/res-foundation-actively-participates-at-sustainable-development-of-serbia-panel-discussion\/#primaryimage"},"image":{"@id":"https:\/\/resfoundation.org\/rs\/res-foundation-actively-participates-at-sustainable-development-of-serbia-panel-discussion\/#primaryimage"},"thumbnailUrl":"https:\/\/resfoundation.org\/rs\/wp-content\/uploads\/2021\/03\/file-31-copy-1-scaled.jpg","datePublished":"2016-10-14T16:22:00+00:00","dateModified":"2021-08-19T09:13:42+00:00","breadcrumb":{"@id":"https:\/\/resfoundation.org\/rs\/res-foundation-actively-participates-at-sustainable-development-of-serbia-panel-discussion\/#breadcrumb"},"inLanguage":"sr-RS","potentialAction":[{"@type":"ReadAction","target":["https:\/\/resfoundation.org\/rs\/res-foundation-actively-participates-at-sustainable-development-of-serbia-panel-discussion\/"]}]},{"@type":"ImageObject","inLanguage":"sr-RS","@id":"https:\/\/resfoundation.org\/rs\/res-foundation-actively-participates-at-sustainable-development-of-serbia-panel-discussion\/#primaryimage","url":"https:\/\/resfoundation.org\/rs\/wp-content\/uploads\/2021\/03\/file-31-copy-1-scaled.jpg","contentUrl":"https:\/\/resfoundation.org\/rs\/wp-content\/uploads\/2021\/03\/file-31-copy-1-scaled.jpg","width":2560,"height":1920},{"@type":"BreadcrumbList","@id":"https:\/\/resfoundation.org\/rs\/res-foundation-actively-participates-at-sustainable-development-of-serbia-panel-discussion\/#breadcrumb","itemListElement":[{"@type":"ListItem","position":1,"name":"\u041f\u043e\u0447\u0435\u0442\u043d\u0430","item":"https:\/\/resfoundation.org\/rs\/"},{"@type":"ListItem","position":2,"name":"RES fondacija aktivno u\u010destvovala na panel diskusiji &#8222;Odr\u017eivi razvoj Srbije&#8220; u Narodnoj skup\u0161tini"}]},{"@type":"WebSite","@id":"https:\/\/resfoundation.org\/rs\/#website","url":"https:\/\/resfoundation.org\/rs\/","name":"RES fondacija","description":"Partnerships for Resilience","publisher":{"@id":"https:\/\/resfoundation.org\/rs\/#organization"},"potentialAction":[{"@type":"SearchAction","target":{"@type":"EntryPoint","urlTemplate":"https:\/\/resfoundation.org\/rs\/?s={search_term_string}"},"query-input":{"@type":"PropertyValueSpecification","valueRequired":true,"valueName":"search_term_string"}}],"inLanguage":"sr-RS"},{"@type":"Organization","@id":"https:\/\/resfoundation.org\/rs\/#organization","name":"RES fondacija","url":"https:\/\/resfoundation.org\/rs\/","logo":{"@type":"ImageObject","inLanguage":"sr-RS","@id":"https:\/\/resfoundation.org\/rs\/#\/schema\/logo\/image\/","url":"https:\/\/resfoundation.org\/rs\/wp-content\/uploads\/2021\/03\/cropped-cropped-cropped-res-bez-ispisa.png","contentUrl":"https:\/\/resfoundation.org\/rs\/wp-content\/uploads\/2021\/03\/cropped-cropped-cropped-res-bez-ispisa.png","width":512,"height":512,"caption":"RES fondacija"},"image":{"@id":"https:\/\/resfoundation.org\/rs\/#\/schema\/logo\/image\/"}},{"@type":"Person","@id":"https:\/\/resfoundation.org\/rs\/#\/schema\/person\/742e2bf0bb2a53a86ecf6c4ad424f2ec","name":"Admin","image":{"@type":"ImageObject","inLanguage":"sr-RS","@id":"https:\/\/secure.gravatar.com\/avatar\/a89f0bcfcafea886f55b948a23f20a40ba0a924a3f8e5494e130e069c504b756?s=96&d=mm&r=g","url":"https:\/\/secure.gravatar.com\/avatar\/a89f0bcfcafea886f55b948a23f20a40ba0a924a3f8e5494e130e069c504b756?s=96&d=mm&r=g","contentUrl":"https:\/\/secure.gravatar.com\/avatar\/a89f0bcfcafea886f55b948a23f20a40ba0a924a3f8e5494e130e069c504b756?s=96&d=mm&r=g","caption":"Admin"},"sameAs":["https:\/\/resfoundation.org\/rs"],"url":"https:\/\/resfoundation.org\/rs\/author\/zoricaresfoundation-org\/"}]}},"_links":{"self":[{"href":"https:\/\/resfoundation.org\/rs\/wp-json\/wp\/v2\/posts\/1368","targetHints":{"allow":["GET"]}}],"collection":[{"href":"https:\/\/resfoundation.org\/rs\/wp-json\/wp\/v2\/posts"}],"about":[{"href":"https:\/\/resfoundation.org\/rs\/wp-json\/wp\/v2\/types\/post"}],"author":[{"embeddable":true,"href":"https:\/\/resfoundation.org\/rs\/wp-json\/wp\/v2\/users\/3"}],"replies":[{"embeddable":true,"href":"https:\/\/resfoundation.org\/rs\/wp-json\/wp\/v2\/comments?post=1368"}],"version-history":[{"count":3,"href":"https:\/\/resfoundation.org\/rs\/wp-json\/wp\/v2\/posts\/1368\/revisions"}],"predecessor-version":[{"id":2239,"href":"https:\/\/resfoundation.org\/rs\/wp-json\/wp\/v2\/posts\/1368\/revisions\/2239"}],"wp:featuredmedia":[{"embeddable":true,"href":"https:\/\/resfoundation.org\/rs\/wp-json\/wp\/v2\/media\/1369"}],"wp:attachment":[{"href":"https:\/\/resfoundation.org\/rs\/wp-json\/wp\/v2\/media?parent=1368"}],"wp:term":[{"taxonomy":"category","embeddable":true,"href":"https:\/\/resfoundation.org\/rs\/wp-json\/wp\/v2\/categories?post=1368"},{"taxonomy":"post_tag","embeddable":true,"href":"https:\/\/resfoundation.org\/rs\/wp-json\/wp\/v2\/tags?post=1368"}],"curies":[{"name":"wp","href":"https:\/\/api.w.org\/{rel}","templated":true}]}}