{"id":1423,"date":"2019-03-25T21:00:00","date_gmt":"2019-03-25T21:00:00","guid":{"rendered":"https:\/\/resfoundation.org\/rs\/?p=1423"},"modified":"2021-10-06T07:22:19","modified_gmt":"2021-10-06T07:22:19","slug":"covenant-of-mayors","status":"publish","type":"post","link":"https:\/\/resfoundation.org\/rs\/covenant-of-mayors\/","title":{"rendered":"Povelja gradona\u010delnika \/ Covenant of Mayors"},"content":{"rendered":"\n<p>RES fondacija je sertifikovani pobornik <a rel=\"noreferrer noopener\" href=\"https:\/\/www.covenantofmayors.eu\/en\/\" target=\"_blank\"><em>Povelje gradona\u010delnika<\/em><\/a>, najve\u0107eg svetskog pokreta za lokalne klimatske i energetske akcije. <\/p>\n\n\n\n<p><em>Povelja gradona\u010delnika<\/em> EU za klimu i energetiku spojila je hiljade lokalnih samouprava dobrovoljno posve\u0107enih implementiranju klimatskih i energetskih ciljeva Evropske unije. <\/p>\n\n\n\n<p>Pokrenuta je u Evropi 2008. godine sa \u017eeljom da okupi lokalne samouprave dobrovoljno posve\u0107ene postizanju i prevazila\u017eenju klimatskih i energetskih ciljeva Evropske unije. <\/p>\n\n\n\n<p>Inicijativa ne samo da je uvela prvi pristup ove vrste energetskim i klimatskim akcijama odozdo prema gore, nego je njen uspeh brzo i prema\u0161io o\u010dekivanja. <\/p>\n\n\n\n<p><em>Povelja gradona\u010delnika<\/em> trenutno okuplja preko 9 000 lokalnih i regionalnih vlasti u 57 dr\u017eava i oslanja se na snagu svetskog pokreta koji uklju\u010duje vi\u0161e vrsta stejkholdera i tehni\u010dku i metodolo\u0161ku podr\u0161ku nadle\u017enih slu\u017ebi.<\/p>\n\n\n\n<p>Globalna <em>Povelja gradona\u010delnika<\/em> koristi iskustvo ste\u010deno prethodnih godina u Evropi i \u0161ire, i gradi se na klju\u010dnim faktorima svog uspeha: upravljanju odozdo nagore, modelu saradnje na vi\u0161e nivoa i okviru za akciju koji je odre\u0111en kontekstom. <\/p>\n\n\n\n<div class=\"wp-block-image is-style-default\"><figure class=\"aligncenter size-large\"><img fetchpriority=\"high\" decoding=\"async\" width=\"680\" height=\"340\" src=\"https:\/\/resfoundation.org\/rs\/wp-content\/uploads\/2021\/03\/logo-en.jpg\" alt=\"\" class=\"wp-image-1424\" srcset=\"https:\/\/resfoundation.org\/rs\/wp-content\/uploads\/2021\/03\/logo-en.jpg 680w, https:\/\/resfoundation.org\/rs\/wp-content\/uploads\/2021\/03\/logo-en-300x150.jpg 300w\" sizes=\"(max-width: 680px) 100vw, 680px\" \/><\/figure><\/div>\n","protected":false},"excerpt":{"rendered":"<p>RES fondacija je sertifikovani pobornik Povelje gradona\u010delnika, najve\u0107eg svetskog pokreta za lokalne klimatske i energetske akcije. Povelja gradona\u010delnika EU za klimu i energetiku spojila je hiljade lokalnih samouprava dobrovoljno posve\u0107enih implementiranju klimatskih i energetskih ciljeva Evropske unije. Pokrenuta je u Evropi 2008. godine sa \u017eeljom da okupi lokalne samouprave dobrovoljno posve\u0107ene postizanju i prevazila\u017eenju klimatskih [&hellip;]<\/p>\n","protected":false},"author":3,"featured_media":1821,"comment_status":"closed","ping_status":"closed","sticky":false,"template":"","format":"standard","meta":{"footnotes":""},"categories":[36],"tags":[19,15],"class_list":["post-1423","post","type-post","status-publish","format-standard","has-post-thumbnail","hentry","category-partnerstva","tag-energetskatranzicija","tag-klimatskepromene"],"yoast_head":"<!-- This site is optimized with the Yoast SEO plugin v27.4 - https:\/\/yoast.com\/product\/yoast-seo-wordpress\/ -->\n<title>Povelja gradona\u010delnika \/ Covenant of Mayors - RES fondacija<\/title>\n<meta name=\"robots\" content=\"index, follow, max-snippet:-1, max-image-preview:large, max-video-preview:-1\" \/>\n<link rel=\"canonical\" href=\"https:\/\/resfoundation.org\/rs\/covenant-of-mayors\/\" \/>\n<meta property=\"og:locale\" content=\"sr_RS\" \/>\n<meta property=\"og:type\" content=\"article\" \/>\n<meta property=\"og:title\" content=\"Povelja gradona\u010delnika \/ Covenant of Mayors - RES fondacija\" \/>\n<meta property=\"og:description\" content=\"RES fondacija je sertifikovani pobornik Povelje gradona\u010delnika, najve\u0107eg svetskog pokreta za lokalne klimatske i energetske akcije. Povelja gradona\u010delnika EU za klimu i energetiku spojila je hiljade lokalnih samouprava dobrovoljno posve\u0107enih implementiranju klimatskih i energetskih ciljeva Evropske unije. Pokrenuta je u Evropi 2008. godine sa \u017eeljom da okupi lokalne samouprave dobrovoljno posve\u0107ene postizanju i prevazila\u017eenju klimatskih [&hellip;]\" \/>\n<meta property=\"og:url\" content=\"https:\/\/resfoundation.org\/rs\/covenant-of-mayors\/\" \/>\n<meta property=\"og:site_name\" content=\"RES fondacija\" \/>\n<meta property=\"article:published_time\" content=\"2019-03-25T21:00:00+00:00\" \/>\n<meta property=\"article:modified_time\" content=\"2021-10-06T07:22:19+00:00\" \/>\n<meta property=\"og:image\" content=\"https:\/\/resfoundation.org\/rs\/wp-content\/uploads\/2019\/03\/Mayors.jpg\" \/>\n\t<meta property=\"og:image:width\" content=\"798\" \/>\n\t<meta property=\"og:image:height\" content=\"630\" \/>\n\t<meta property=\"og:image:type\" content=\"image\/jpeg\" \/>\n<meta name=\"author\" content=\"Admin\" \/>\n<meta name=\"twitter:card\" content=\"summary_large_image\" \/>\n<meta name=\"twitter:label1\" content=\"\u041d\u0430\u043f\u0438\u0441\u0430\u043d\u043e \u043e\u0434\" \/>\n\t<meta name=\"twitter:data1\" content=\"Admin\" \/>\n\t<meta name=\"twitter:label2\" content=\"\u041f\u0440\u043e\u0446\u0435\u045a\u0435\u043d\u043e \u0432\u0440\u0435\u043c\u0435 \u0447\u0438\u0442\u0430\u045a\u0430\" \/>\n\t<meta name=\"twitter:data2\" content=\"1 \u043c\u0438\u043d\u0443\u0442\" \/>\n<script type=\"application\/ld+json\" class=\"yoast-schema-graph\">{\"@context\":\"https:\\\/\\\/schema.org\",\"@graph\":[{\"@type\":\"Article\",\"@id\":\"https:\\\/\\\/resfoundation.org\\\/rs\\\/covenant-of-mayors\\\/#article\",\"isPartOf\":{\"@id\":\"https:\\\/\\\/resfoundation.org\\\/rs\\\/covenant-of-mayors\\\/\"},\"author\":{\"name\":\"Admin\",\"@id\":\"https:\\\/\\\/resfoundation.org\\\/rs\\\/#\\\/schema\\\/person\\\/742e2bf0bb2a53a86ecf6c4ad424f2ec\"},\"headline\":\"Povelja gradona\u010delnika \\\/ Covenant of Mayors\",\"datePublished\":\"2019-03-25T21:00:00+00:00\",\"dateModified\":\"2021-10-06T07:22:19+00:00\",\"mainEntityOfPage\":{\"@id\":\"https:\\\/\\\/resfoundation.org\\\/rs\\\/covenant-of-mayors\\\/\"},\"wordCount\":178,\"publisher\":{\"@id\":\"https:\\\/\\\/resfoundation.org\\\/rs\\\/#organization\"},\"image\":{\"@id\":\"https:\\\/\\\/resfoundation.org\\\/rs\\\/covenant-of-mayors\\\/#primaryimage\"},\"thumbnailUrl\":\"https:\\\/\\\/resfoundation.org\\\/rs\\\/wp-content\\\/uploads\\\/2019\\\/03\\\/Mayors.jpg\",\"keywords\":[\"EnergetskaTranzicija\",\"KlimatskePromene\"],\"articleSection\":[\"Partnerstva\"],\"inLanguage\":\"sr-RS\"},{\"@type\":\"WebPage\",\"@id\":\"https:\\\/\\\/resfoundation.org\\\/rs\\\/covenant-of-mayors\\\/\",\"url\":\"https:\\\/\\\/resfoundation.org\\\/rs\\\/covenant-of-mayors\\\/\",\"name\":\"Povelja gradona\u010delnika \\\/ Covenant of Mayors - RES fondacija\",\"isPartOf\":{\"@id\":\"https:\\\/\\\/resfoundation.org\\\/rs\\\/#website\"},\"primaryImageOfPage\":{\"@id\":\"https:\\\/\\\/resfoundation.org\\\/rs\\\/covenant-of-mayors\\\/#primaryimage\"},\"image\":{\"@id\":\"https:\\\/\\\/resfoundation.org\\\/rs\\\/covenant-of-mayors\\\/#primaryimage\"},\"thumbnailUrl\":\"https:\\\/\\\/resfoundation.org\\\/rs\\\/wp-content\\\/uploads\\\/2019\\\/03\\\/Mayors.jpg\",\"datePublished\":\"2019-03-25T21:00:00+00:00\",\"dateModified\":\"2021-10-06T07:22:19+00:00\",\"breadcrumb\":{\"@id\":\"https:\\\/\\\/resfoundation.org\\\/rs\\\/covenant-of-mayors\\\/#breadcrumb\"},\"inLanguage\":\"sr-RS\",\"potentialAction\":[{\"@type\":\"ReadAction\",\"target\":[\"https:\\\/\\\/resfoundation.org\\\/rs\\\/covenant-of-mayors\\\/\"]}]},{\"@type\":\"ImageObject\",\"inLanguage\":\"sr-RS\",\"@id\":\"https:\\\/\\\/resfoundation.org\\\/rs\\\/covenant-of-mayors\\\/#primaryimage\",\"url\":\"https:\\\/\\\/resfoundation.org\\\/rs\\\/wp-content\\\/uploads\\\/2019\\\/03\\\/Mayors.jpg\",\"contentUrl\":\"https:\\\/\\\/resfoundation.org\\\/rs\\\/wp-content\\\/uploads\\\/2019\\\/03\\\/Mayors.jpg\",\"width\":798,\"height\":630},{\"@type\":\"BreadcrumbList\",\"@id\":\"https:\\\/\\\/resfoundation.org\\\/rs\\\/covenant-of-mayors\\\/#breadcrumb\",\"itemListElement\":[{\"@type\":\"ListItem\",\"position\":1,\"name\":\"\u041f\u043e\u0447\u0435\u0442\u043d\u0430\",\"item\":\"https:\\\/\\\/resfoundation.org\\\/rs\\\/\"},{\"@type\":\"ListItem\",\"position\":2,\"name\":\"Povelja gradona\u010delnika \\\/ Covenant of Mayors\"}]},{\"@type\":\"WebSite\",\"@id\":\"https:\\\/\\\/resfoundation.org\\\/rs\\\/#website\",\"url\":\"https:\\\/\\\/resfoundation.org\\\/rs\\\/\",\"name\":\"RES fondacija\",\"description\":\"Partnerships for Resilience\",\"publisher\":{\"@id\":\"https:\\\/\\\/resfoundation.org\\\/rs\\\/#organization\"},\"potentialAction\":[{\"@type\":\"SearchAction\",\"target\":{\"@type\":\"EntryPoint\",\"urlTemplate\":\"https:\\\/\\\/resfoundation.org\\\/rs\\\/?s={search_term_string}\"},\"query-input\":{\"@type\":\"PropertyValueSpecification\",\"valueRequired\":true,\"valueName\":\"search_term_string\"}}],\"inLanguage\":\"sr-RS\"},{\"@type\":\"Organization\",\"@id\":\"https:\\\/\\\/resfoundation.org\\\/rs\\\/#organization\",\"name\":\"RES fondacija\",\"url\":\"https:\\\/\\\/resfoundation.org\\\/rs\\\/\",\"logo\":{\"@type\":\"ImageObject\",\"inLanguage\":\"sr-RS\",\"@id\":\"https:\\\/\\\/resfoundation.org\\\/rs\\\/#\\\/schema\\\/logo\\\/image\\\/\",\"url\":\"https:\\\/\\\/resfoundation.org\\\/rs\\\/wp-content\\\/uploads\\\/2021\\\/03\\\/cropped-cropped-cropped-res-bez-ispisa.png\",\"contentUrl\":\"https:\\\/\\\/resfoundation.org\\\/rs\\\/wp-content\\\/uploads\\\/2021\\\/03\\\/cropped-cropped-cropped-res-bez-ispisa.png\",\"width\":512,\"height\":512,\"caption\":\"RES fondacija\"},\"image\":{\"@id\":\"https:\\\/\\\/resfoundation.org\\\/rs\\\/#\\\/schema\\\/logo\\\/image\\\/\"}},{\"@type\":\"Person\",\"@id\":\"https:\\\/\\\/resfoundation.org\\\/rs\\\/#\\\/schema\\\/person\\\/742e2bf0bb2a53a86ecf6c4ad424f2ec\",\"name\":\"Admin\",\"image\":{\"@type\":\"ImageObject\",\"inLanguage\":\"sr-RS\",\"@id\":\"https:\\\/\\\/secure.gravatar.com\\\/avatar\\\/a89f0bcfcafea886f55b948a23f20a40ba0a924a3f8e5494e130e069c504b756?s=96&d=mm&r=g\",\"url\":\"https:\\\/\\\/secure.gravatar.com\\\/avatar\\\/a89f0bcfcafea886f55b948a23f20a40ba0a924a3f8e5494e130e069c504b756?s=96&d=mm&r=g\",\"contentUrl\":\"https:\\\/\\\/secure.gravatar.com\\\/avatar\\\/a89f0bcfcafea886f55b948a23f20a40ba0a924a3f8e5494e130e069c504b756?s=96&d=mm&r=g\",\"caption\":\"Admin\"},\"sameAs\":[\"https:\\\/\\\/resfoundation.org\\\/rs\"],\"url\":\"https:\\\/\\\/resfoundation.org\\\/rs\\\/author\\\/zoricaresfoundation-org\\\/\"}]}<\/script>\n<!-- \/ Yoast SEO plugin. -->","yoast_head_json":{"title":"Povelja gradona\u010delnika \/ Covenant of Mayors - RES fondacija","robots":{"index":"index","follow":"follow","max-snippet":"max-snippet:-1","max-image-preview":"max-image-preview:large","max-video-preview":"max-video-preview:-1"},"canonical":"https:\/\/resfoundation.org\/rs\/covenant-of-mayors\/","og_locale":"sr_RS","og_type":"article","og_title":"Povelja gradona\u010delnika \/ Covenant of Mayors - RES fondacija","og_description":"RES fondacija je sertifikovani pobornik Povelje gradona\u010delnika, najve\u0107eg svetskog pokreta za lokalne klimatske i energetske akcije. Povelja gradona\u010delnika EU za klimu i energetiku spojila je hiljade lokalnih samouprava dobrovoljno posve\u0107enih implementiranju klimatskih i energetskih ciljeva Evropske unije. Pokrenuta je u Evropi 2008. godine sa \u017eeljom da okupi lokalne samouprave dobrovoljno posve\u0107ene postizanju i prevazila\u017eenju klimatskih [&hellip;]","og_url":"https:\/\/resfoundation.org\/rs\/covenant-of-mayors\/","og_site_name":"RES fondacija","article_published_time":"2019-03-25T21:00:00+00:00","article_modified_time":"2021-10-06T07:22:19+00:00","og_image":[{"width":798,"height":630,"url":"https:\/\/resfoundation.org\/rs\/wp-content\/uploads\/2019\/03\/Mayors.jpg","type":"image\/jpeg"}],"author":"Admin","twitter_card":"summary_large_image","twitter_misc":{"\u041d\u0430\u043f\u0438\u0441\u0430\u043d\u043e \u043e\u0434":"Admin","\u041f\u0440\u043e\u0446\u0435\u045a\u0435\u043d\u043e \u0432\u0440\u0435\u043c\u0435 \u0447\u0438\u0442\u0430\u045a\u0430":"1 \u043c\u0438\u043d\u0443\u0442"},"schema":{"@context":"https:\/\/schema.org","@graph":[{"@type":"Article","@id":"https:\/\/resfoundation.org\/rs\/covenant-of-mayors\/#article","isPartOf":{"@id":"https:\/\/resfoundation.org\/rs\/covenant-of-mayors\/"},"author":{"name":"Admin","@id":"https:\/\/resfoundation.org\/rs\/#\/schema\/person\/742e2bf0bb2a53a86ecf6c4ad424f2ec"},"headline":"Povelja gradona\u010delnika \/ Covenant of Mayors","datePublished":"2019-03-25T21:00:00+00:00","dateModified":"2021-10-06T07:22:19+00:00","mainEntityOfPage":{"@id":"https:\/\/resfoundation.org\/rs\/covenant-of-mayors\/"},"wordCount":178,"publisher":{"@id":"https:\/\/resfoundation.org\/rs\/#organization"},"image":{"@id":"https:\/\/resfoundation.org\/rs\/covenant-of-mayors\/#primaryimage"},"thumbnailUrl":"https:\/\/resfoundation.org\/rs\/wp-content\/uploads\/2019\/03\/Mayors.jpg","keywords":["EnergetskaTranzicija","KlimatskePromene"],"articleSection":["Partnerstva"],"inLanguage":"sr-RS"},{"@type":"WebPage","@id":"https:\/\/resfoundation.org\/rs\/covenant-of-mayors\/","url":"https:\/\/resfoundation.org\/rs\/covenant-of-mayors\/","name":"Povelja gradona\u010delnika \/ Covenant of Mayors - RES fondacija","isPartOf":{"@id":"https:\/\/resfoundation.org\/rs\/#website"},"primaryImageOfPage":{"@id":"https:\/\/resfoundation.org\/rs\/covenant-of-mayors\/#primaryimage"},"image":{"@id":"https:\/\/resfoundation.org\/rs\/covenant-of-mayors\/#primaryimage"},"thumbnailUrl":"https:\/\/resfoundation.org\/rs\/wp-content\/uploads\/2019\/03\/Mayors.jpg","datePublished":"2019-03-25T21:00:00+00:00","dateModified":"2021-10-06T07:22:19+00:00","breadcrumb":{"@id":"https:\/\/resfoundation.org\/rs\/covenant-of-mayors\/#breadcrumb"},"inLanguage":"sr-RS","potentialAction":[{"@type":"ReadAction","target":["https:\/\/resfoundation.org\/rs\/covenant-of-mayors\/"]}]},{"@type":"ImageObject","inLanguage":"sr-RS","@id":"https:\/\/resfoundation.org\/rs\/covenant-of-mayors\/#primaryimage","url":"https:\/\/resfoundation.org\/rs\/wp-content\/uploads\/2019\/03\/Mayors.jpg","contentUrl":"https:\/\/resfoundation.org\/rs\/wp-content\/uploads\/2019\/03\/Mayors.jpg","width":798,"height":630},{"@type":"BreadcrumbList","@id":"https:\/\/resfoundation.org\/rs\/covenant-of-mayors\/#breadcrumb","itemListElement":[{"@type":"ListItem","position":1,"name":"\u041f\u043e\u0447\u0435\u0442\u043d\u0430","item":"https:\/\/resfoundation.org\/rs\/"},{"@type":"ListItem","position":2,"name":"Povelja gradona\u010delnika \/ Covenant of Mayors"}]},{"@type":"WebSite","@id":"https:\/\/resfoundation.org\/rs\/#website","url":"https:\/\/resfoundation.org\/rs\/","name":"RES fondacija","description":"Partnerships for Resilience","publisher":{"@id":"https:\/\/resfoundation.org\/rs\/#organization"},"potentialAction":[{"@type":"SearchAction","target":{"@type":"EntryPoint","urlTemplate":"https:\/\/resfoundation.org\/rs\/?s={search_term_string}"},"query-input":{"@type":"PropertyValueSpecification","valueRequired":true,"valueName":"search_term_string"}}],"inLanguage":"sr-RS"},{"@type":"Organization","@id":"https:\/\/resfoundation.org\/rs\/#organization","name":"RES fondacija","url":"https:\/\/resfoundation.org\/rs\/","logo":{"@type":"ImageObject","inLanguage":"sr-RS","@id":"https:\/\/resfoundation.org\/rs\/#\/schema\/logo\/image\/","url":"https:\/\/resfoundation.org\/rs\/wp-content\/uploads\/2021\/03\/cropped-cropped-cropped-res-bez-ispisa.png","contentUrl":"https:\/\/resfoundation.org\/rs\/wp-content\/uploads\/2021\/03\/cropped-cropped-cropped-res-bez-ispisa.png","width":512,"height":512,"caption":"RES fondacija"},"image":{"@id":"https:\/\/resfoundation.org\/rs\/#\/schema\/logo\/image\/"}},{"@type":"Person","@id":"https:\/\/resfoundation.org\/rs\/#\/schema\/person\/742e2bf0bb2a53a86ecf6c4ad424f2ec","name":"Admin","image":{"@type":"ImageObject","inLanguage":"sr-RS","@id":"https:\/\/secure.gravatar.com\/avatar\/a89f0bcfcafea886f55b948a23f20a40ba0a924a3f8e5494e130e069c504b756?s=96&d=mm&r=g","url":"https:\/\/secure.gravatar.com\/avatar\/a89f0bcfcafea886f55b948a23f20a40ba0a924a3f8e5494e130e069c504b756?s=96&d=mm&r=g","contentUrl":"https:\/\/secure.gravatar.com\/avatar\/a89f0bcfcafea886f55b948a23f20a40ba0a924a3f8e5494e130e069c504b756?s=96&d=mm&r=g","caption":"Admin"},"sameAs":["https:\/\/resfoundation.org\/rs"],"url":"https:\/\/resfoundation.org\/rs\/author\/zoricaresfoundation-org\/"}]}},"_links":{"self":[{"href":"https:\/\/resfoundation.org\/rs\/wp-json\/wp\/v2\/posts\/1423","targetHints":{"allow":["GET"]}}],"collection":[{"href":"https:\/\/resfoundation.org\/rs\/wp-json\/wp\/v2\/posts"}],"about":[{"href":"https:\/\/resfoundation.org\/rs\/wp-json\/wp\/v2\/types\/post"}],"author":[{"embeddable":true,"href":"https:\/\/resfoundation.org\/rs\/wp-json\/wp\/v2\/users\/3"}],"replies":[{"embeddable":true,"href":"https:\/\/resfoundation.org\/rs\/wp-json\/wp\/v2\/comments?post=1423"}],"version-history":[{"count":5,"href":"https:\/\/resfoundation.org\/rs\/wp-json\/wp\/v2\/posts\/1423\/revisions"}],"predecessor-version":[{"id":2656,"href":"https:\/\/resfoundation.org\/rs\/wp-json\/wp\/v2\/posts\/1423\/revisions\/2656"}],"wp:featuredmedia":[{"embeddable":true,"href":"https:\/\/resfoundation.org\/rs\/wp-json\/wp\/v2\/media\/1821"}],"wp:attachment":[{"href":"https:\/\/resfoundation.org\/rs\/wp-json\/wp\/v2\/media?parent=1423"}],"wp:term":[{"taxonomy":"category","embeddable":true,"href":"https:\/\/resfoundation.org\/rs\/wp-json\/wp\/v2\/categories?post=1423"},{"taxonomy":"post_tag","embeddable":true,"href":"https:\/\/resfoundation.org\/rs\/wp-json\/wp\/v2\/tags?post=1423"}],"curies":[{"name":"wp","href":"https:\/\/api.w.org\/{rel}","templated":true}]}}