{"id":3321,"date":"2022-02-01T12:57:00","date_gmt":"2022-02-01T12:57:00","guid":{"rendered":"https:\/\/resfoundation.org\/rs\/?p=3321"},"modified":"2023-09-26T08:58:45","modified_gmt":"2023-09-26T08:58:45","slug":"zene-dobre-energije-2","status":"publish","type":"post","link":"https:\/\/resfoundation.org\/rs\/zene-dobre-energije-2\/","title":{"rendered":"\u017dene dobre energije"},"content":{"rendered":"\n<h2 class=\"wp-block-heading\">Februar 2022-Februar 2023<\/h2>\n\n\n\n<p class=\"wp-block-paragraph\">Svrha Projekta<br>Projekat \u017dene dobre energije ima za cilj da osna\u017ei \u017eene zaposlene u op\u0161tinama i gradovima u Srbiji koje se bave pitanjima energetike ili za\u0161tite \u017eivotne sredine. Tokom Projekta planirana je priprema predloga rodno osetljivih mera za unapre\u0111enje energetske efikasnosti i smanjenje energetskog siroma\u0161tva na osnovu ispitivanja energetskih potreba \u017eena zaposlenih u javnom sektoru, kao i energetski siroma\u0161nih doma\u0107instava u odabrana 4 grada (Kraljevo, Ni\u0161, Kragujevac i U\u017eice).<\/p>\n\n\n\n<p class=\"wp-block-paragraph\"><\/p>\n\n\n\n<p class=\"wp-block-paragraph\">Opis Projekta<br>Kori\u0161\u0107enjem znanja, i uz podr\u0161ku \u017eena koje obavljaju poslove energetskih menad\u017eerki ili su zadu\u017eene za pitanja za\u0161tite \u017eivotne sredine u odabrana \u010detiri grada, Projekat \u0107e izvr\u0161iti procenu potreba drugih \u017eena zaposlenih u javnom sektoru, posebno onih koje koriste javne zgrade predvi\u0111ene za renoviranje (ili koje su nedavno renovirane) kako bi se utvrdile njihove potrebe i obrasci kori\u0161\u0107enja energije, te razlike u odnosu na mu\u0161karce, ukoliko postoje. Na osnovu ovako utvr\u0111enih razlika, osmisli\u0107e se paket rodno senzitivnih mera javnih energetskih politika tj. ove razlike \u0107e se uzeti u obzir prilikom daljeg planiranja mera unapre\u0111enja energetske efikasnosti u javnim zgradama.<\/p>\n\n\n\n<p class=\"wp-block-paragraph\"><br>Pored uklju\u010divanja i rada sa \u017eenama zaposlenim u javnoj upravi, u okviru Projekta \u0107e se istra\u017eiti i potrebe energetski siroma\u0161nih doma\u0107instava sa teritorija pomenutih gradova. \u010clanovi i \u010dlanice ovih doma\u0107instva ima\u0107e priliku da pored iskazivanja svojih energetskih potreba i navika, dobiju i konkretne savete o u\u0161tedi energije, kao i da iska\u017eu svoje potrebe u odnosu na potencijalne mere subvencionisanja ili unapre\u0111enja njihovog polo\u017eaja.<\/p>\n\n\n\n<p class=\"wp-block-paragraph\">Projekat \u0107e omogu\u0107iti \u0161iru razmenu znanja i utvr\u0111enih potreba energetski siroma\u0161nih i \u017eena korisnica javnih zgrada sa drugim energetskim menad\u017eerima u Srbiji putem virtuelnih seminara ili vr\u0161nja\u010dke razmene iskustava.<\/p>\n\n\n\n<p class=\"wp-block-paragraph\">Aktivnosti i o\u010dekivani rezultati projekta:<\/p>\n\n\n\n<ul class=\"wp-block-list\">\n<li>Uklju\u010divanje oko 80 \u017eena, korisnica javnih zgrada, u terensko istra\u017eivanje, kako bi imale priliku da izraze svoje potrebe i obrasce kori\u0161\u0107enja energije i da u\u010destvuju u osmi\u0161ljavanju mera energetske efikasnosti koje su bazirane na njihovim specifi\u010dnim potrebama;<\/li>\n<\/ul>\n\n\n\n<ul class=\"wp-block-list\">\n<li>Organizacija 4 radionice u 4 odabrana grada sa korisnicama javnih zgrada kako bi se pove\u0107ala njihova svest o energetskim potrebama i uklju\u010divanju ovih potreba u lokalno energetsko planiranje u Srbiji;<\/li>\n<\/ul>\n\n\n\n<ul class=\"wp-block-list\">\n<li>Ispitivanje potreba me\u0111u 60-tak energetski siroma\u0161nih doma\u0107instava (uklju\u010duju\u0107i i jedno\u010dlana i\/ili prete\u017eno \u017eenska doma\u0107instva) kako bi se lokalne mere smanjenja energetskog siroma\u0161tva prilagodile njihovim specifi\u010dnim potrebama. Pored toga, ova doma\u0107instva direktno \u0107e dobiti odgovore i savete o mogu\u0107im energetskim u\u0161tedama;<\/li>\n<\/ul>\n\n\n\n<ul class=\"wp-block-list\">\n<li>Organizacija online seminara sa ciljem da se uklju\u010de energetske menad\u017eerke ili \u017eene zadu\u017eene za pitanja \u017eivotne sredine iz drugih gradova i op\u0161tina, i da im se omogu\u0107i da od svojih koleginica dobiju direktna stru\u010dna znanja, savete i informacije o mogu\u0107im rodno senzitivnim merama unapre\u0111enja energetske efikasnosti ili smanjenja energetskog siroma\u0161tva;<\/li>\n<\/ul>\n\n\n\n<ul class=\"wp-block-list\">\n<li>Organizacija nacionalne Konferencije sa oko 25 \u017eena zadu\u017eenih za energetiku ili za\u0161titu \u017eivotne sredine, radi promocije njihovog rada kao i rezultata Projekta.<\/li>\n<\/ul>\n\n\n\n<p class=\"wp-block-paragraph\"><strong>Projekat podr\u017eava UN Women.<\/strong><\/p>\n\n\n<div class=\"wp-block-image\">\n<figure class=\"aligncenter size-full\"><img fetchpriority=\"high\" decoding=\"async\" width=\"881\" height=\"366\" src=\"https:\/\/resfoundation.org\/rs\/wp-content\/uploads\/2020\/10\/un-women.jpg\" alt=\"un women\" class=\"wp-image-2762\" srcset=\"https:\/\/resfoundation.org\/rs\/wp-content\/uploads\/2020\/10\/un-women.jpg 881w, https:\/\/resfoundation.org\/rs\/wp-content\/uploads\/2020\/10\/un-women-300x125.jpg 300w, https:\/\/resfoundation.org\/rs\/wp-content\/uploads\/2020\/10\/un-women-768x319.jpg 768w\" sizes=\"(max-width: 881px) 100vw, 881px\" \/><\/figure>\n<\/div>","protected":false},"excerpt":{"rendered":"<p>Februar 2022-Februar 2023 Svrha ProjektaProjekat \u017dene dobre energije ima za cilj da osna\u017ei \u017eene zaposlene u op\u0161tinama i gradovima u Srbiji koje se bave pitanjima energetike ili za\u0161tite \u017eivotne sredine. Tokom Projekta planirana je priprema predloga rodno osetljivih mera za unapre\u0111enje energetske efikasnosti i smanjenje energetskog siroma\u0161tva na osnovu ispitivanja energetskih potreba \u017eena zaposlenih u [&hellip;]<\/p>\n","protected":false},"author":3,"featured_media":2762,"comment_status":"closed","ping_status":"closed","sticky":false,"template":"","format":"standard","meta":{"footnotes":""},"categories":[12],"tags":[19,31],"class_list":["post-3321","post","type-post","status-publish","format-standard","has-post-thumbnail","hentry","category-zavrseni-projekti","tag-energetskatranzicija","tag-zenergetskatranzicija"],"_links":{"self":[{"href":"https:\/\/resfoundation.org\/rs\/wp-json\/wp\/v2\/posts\/3321","targetHints":{"allow":["GET"]}}],"collection":[{"href":"https:\/\/resfoundation.org\/rs\/wp-json\/wp\/v2\/posts"}],"about":[{"href":"https:\/\/resfoundation.org\/rs\/wp-json\/wp\/v2\/types\/post"}],"author":[{"embeddable":true,"href":"https:\/\/resfoundation.org\/rs\/wp-json\/wp\/v2\/users\/3"}],"replies":[{"embeddable":true,"href":"https:\/\/resfoundation.org\/rs\/wp-json\/wp\/v2\/comments?post=3321"}],"version-history":[{"count":2,"href":"https:\/\/resfoundation.org\/rs\/wp-json\/wp\/v2\/posts\/3321\/revisions"}],"predecessor-version":[{"id":3766,"href":"https:\/\/resfoundation.org\/rs\/wp-json\/wp\/v2\/posts\/3321\/revisions\/3766"}],"wp:featuredmedia":[{"embeddable":true,"href":"https:\/\/resfoundation.org\/rs\/wp-json\/wp\/v2\/media\/2762"}],"wp:attachment":[{"href":"https:\/\/resfoundation.org\/rs\/wp-json\/wp\/v2\/media?parent=3321"}],"wp:term":[{"taxonomy":"category","embeddable":true,"href":"https:\/\/resfoundation.org\/rs\/wp-json\/wp\/v2\/categories?post=3321"},{"taxonomy":"post_tag","embeddable":true,"href":"https:\/\/resfoundation.org\/rs\/wp-json\/wp\/v2\/tags?post=3321"}],"curies":[{"name":"wp","href":"https:\/\/api.w.org\/{rel}","templated":true}]}}