{"id":3329,"date":"2022-06-25T13:47:00","date_gmt":"2022-06-25T13:47:00","guid":{"rendered":"https:\/\/resfoundation.org\/rs\/?p=3329"},"modified":"2022-12-21T11:45:45","modified_gmt":"2022-12-21T11:45:45","slug":"aktivnije-ukljucivanje-zena-u-planiranje-mera-energetske-efikasnosti-u-srbiji-moze-da-poboljsa-koriscenje-resursa","status":"publish","type":"post","link":"https:\/\/resfoundation.org\/rs\/aktivnije-ukljucivanje-zena-u-planiranje-mera-energetske-efikasnosti-u-srbiji-moze-da-poboljsa-koriscenje-resursa\/","title":{"rendered":"Aktivnije uklju\u010divanje \u017eena u planiranje mera energetske efikasnosti u Srbiji mo\u017ee da pobolj\u0161a kori\u0161\u0107enje resursa"},"content":{"rendered":"\n<p class=\"wp-block-paragraph\">U okviru projekta \u201c\u017dene dobre energije\u201d koji sprovodi RES fondacija, tokom maja i juna odr\u017eani su seminari u 4 grada (U\u017eice, Kragujevac, Kraljevo i Ni\u0161) sa ciljem osna\u017eivanja i edukacije \u017eena zaposlenih u javnim institucijama u tim gradovima. Seminari su ukazali na va\u017enost energetske efikasnosti u javnim zgradama, te zna\u010daj uklju\u010divanja svih zaposlenih u ove procese. Poseban osvrt na seminarima dat je na prethodno ura\u0111enom istra\u017eivanju u pomenuta 4 grada o ulogama, potrebama i stavovima \u017eena korisnica javnih zgrada, po pitanju energetske efikasnosti, u\u0161tede energije i resursa.<\/p>\n\n\n\n<p class=\"wp-block-paragraph\">Istra\u017eivanje je pokazalo, a seminari potvrdili, da me\u0111u \u017eenama zaposlenim u javnim institucijama postoji velika zainteresovanost za \u0161tednju energije i sprovo\u0111enje mera energetske efikasnosti. Pored ovoga, istra\u017eivanje je jasno ukazalo na razlike u potrebama za termalnim komforom izme\u0111u \u017eena i mu\u0161karaca, te na \u010dinjenicu da \u017eene vi\u0161e brinu o resursima. \u017dene su vi\u0161e zainteresovane za u\u0161tede, kako zbog toplotnog komfora, tako i zbog u\u0161tede u ku\u0107nim bud\u017eetima, za\u0161tite \u017eivotne sredine i zdravlja i bezbednosti \u010ditave porodice. &nbsp;<\/p>\n\n\n\n<p class=\"wp-block-paragraph\">U\u010desnice seminara iz sva 4 grada istakle su da su ovakvi seminari izuzetno zna\u010dajni za unapre\u0111enje znanja i osve\u0161\u0107ivanje u ovim oblastima, koje na izgled nemaju mnogo zajedni\u010dkog, te da dodatnu vrednost predstavlja u\u010de\u0161\u0107e \u017eena iz razli\u010ditih sektora i razmena iskustva me\u0111u njima.<\/p>\n\n\n\n<p class=\"wp-block-paragraph\">Imaju\u0107i u vidu \u010dinjenicu da je u javnom sektoru u oblasti socijalne za\u0161tite, obrazovanja i zdravstva u Srbiji zaposleno preko 70% \u017eena, koje su ujedno i korisnice javnih zgrada u ovim sektorima, posebno je istaknuto da je pri sanaciji ovih objekata, te planiranju mera energetske efikasnosti neophodno upravo pravovremeno uklju\u010diti potrebe korisnica i korisnika ovih objekata.<\/p>\n\n\n<div class=\"wp-block-image\">\n<figure class=\"aligncenter size-full is-resized\"><img fetchpriority=\"high\" decoding=\"async\" src=\"https:\/\/resfoundation.org\/rs\/wp-content\/uploads\/2022\/12\/zene-dobre-energije-nis.jpg\" alt=\"\" class=\"wp-image-3331\" width=\"768\" height=\"576\" srcset=\"https:\/\/resfoundation.org\/rs\/wp-content\/uploads\/2022\/12\/zene-dobre-energije-nis.jpg 822w, https:\/\/resfoundation.org\/rs\/wp-content\/uploads\/2022\/12\/zene-dobre-energije-nis-300x224.jpg 300w, https:\/\/resfoundation.org\/rs\/wp-content\/uploads\/2022\/12\/zene-dobre-energije-nis-768x575.jpg 768w\" sizes=\"(max-width: 768px) 100vw, 768px\" \/><figcaption class=\"wp-element-caption\">Ni\u0161, 20.5.2022.<\/figcaption><\/figure>\n<\/div>\n\n<div class=\"wp-block-image\">\n<figure class=\"aligncenter size-large is-resized\"><img decoding=\"async\" src=\"https:\/\/resfoundation.org\/rs\/wp-content\/uploads\/2022\/12\/zene-dobre-energije-kragujevac-1024x768.jpg\" alt=\"\" class=\"wp-image-3332\" width=\"768\" height=\"576\" srcset=\"https:\/\/resfoundation.org\/rs\/wp-content\/uploads\/2022\/12\/zene-dobre-energije-kragujevac-1024x768.jpg 1024w, https:\/\/resfoundation.org\/rs\/wp-content\/uploads\/2022\/12\/zene-dobre-energije-kragujevac-300x225.jpg 300w, https:\/\/resfoundation.org\/rs\/wp-content\/uploads\/2022\/12\/zene-dobre-energije-kragujevac-768x576.jpg 768w, https:\/\/resfoundation.org\/rs\/wp-content\/uploads\/2022\/12\/zene-dobre-energije-kragujevac-1536x1152.jpg 1536w, https:\/\/resfoundation.org\/rs\/wp-content\/uploads\/2022\/12\/zene-dobre-energije-kragujevac.jpg 1600w\" sizes=\"(max-width: 768px) 100vw, 768px\" \/><figcaption class=\"wp-element-caption\">Kragujevac, 27.5.2022.<\/figcaption><\/figure>\n<\/div>\n\n<div class=\"wp-block-image\">\n<figure class=\"aligncenter size-large is-resized\"><img decoding=\"async\" src=\"https:\/\/resfoundation.org\/rs\/wp-content\/uploads\/2022\/12\/zene-dobre-energije-uzice-1024x768.jpg\" alt=\"\" class=\"wp-image-3333\" width=\"768\" height=\"576\" srcset=\"https:\/\/resfoundation.org\/rs\/wp-content\/uploads\/2022\/12\/zene-dobre-energije-uzice-1024x768.jpg 1024w, https:\/\/resfoundation.org\/rs\/wp-content\/uploads\/2022\/12\/zene-dobre-energije-uzice-300x225.jpg 300w, https:\/\/resfoundation.org\/rs\/wp-content\/uploads\/2022\/12\/zene-dobre-energije-uzice-768x576.jpg 768w, https:\/\/resfoundation.org\/rs\/wp-content\/uploads\/2022\/12\/zene-dobre-energije-uzice-1536x1152.jpg 1536w, https:\/\/resfoundation.org\/rs\/wp-content\/uploads\/2022\/12\/zene-dobre-energije-uzice.jpg 1600w\" sizes=\"(max-width: 768px) 100vw, 768px\" \/><figcaption class=\"wp-element-caption\">U\u017eice, 10.6.2022.<\/figcaption><\/figure>\n<\/div>\n\n<div class=\"wp-block-image\">\n<figure class=\"aligncenter size-large is-resized\"><img loading=\"lazy\" decoding=\"async\" src=\"https:\/\/resfoundation.org\/rs\/wp-content\/uploads\/2022\/12\/zene-dobre-energije-kraljevo-1024x768.jpg\" alt=\"zene dobre energije kraljevo\" class=\"wp-image-3330\" width=\"768\" height=\"576\" srcset=\"https:\/\/resfoundation.org\/rs\/wp-content\/uploads\/2022\/12\/zene-dobre-energije-kraljevo-1024x768.jpg 1024w, https:\/\/resfoundation.org\/rs\/wp-content\/uploads\/2022\/12\/zene-dobre-energije-kraljevo-300x225.jpg 300w, https:\/\/resfoundation.org\/rs\/wp-content\/uploads\/2022\/12\/zene-dobre-energije-kraljevo-768x576.jpg 768w, https:\/\/resfoundation.org\/rs\/wp-content\/uploads\/2022\/12\/zene-dobre-energije-kraljevo-1536x1152.jpg 1536w, https:\/\/resfoundation.org\/rs\/wp-content\/uploads\/2022\/12\/zene-dobre-energije-kraljevo.jpg 1600w\" sizes=\"(max-width: 768px) 100vw, 768px\" \/><figcaption class=\"wp-element-caption\">Kraljevo 24.6.2022.<\/figcaption><\/figure>\n<\/div>","protected":false},"excerpt":{"rendered":"<p>U okviru projekta \u201c\u017dene dobre energije\u201d koji sprovodi RES fondacija, tokom maja i juna odr\u017eani su seminari u 4 grada (U\u017eice, Kragujevac, Kraljevo i Ni\u0161) sa ciljem osna\u017eivanja i edukacije \u017eena zaposlenih u javnim institucijama u tim gradovima. Seminari su ukazali na va\u017enost energetske efikasnosti u javnim zgradama, te zna\u010daj uklju\u010divanja svih zaposlenih u ove [&hellip;]<\/p>\n","protected":false},"author":3,"featured_media":3330,"comment_status":"closed","ping_status":"closed","sticky":false,"template":"","format":"standard","meta":{"footnotes":""},"categories":[5],"tags":[20,19,17,31],"class_list":["post-3329","post","type-post","status-publish","format-standard","has-post-thumbnail","hentry","category-dogadjaji","tag-energetskaefikasnost","tag-energetskatranzicija","tag-lokalnesamouprave","tag-zenergetskatranzicija"],"_links":{"self":[{"href":"https:\/\/resfoundation.org\/rs\/wp-json\/wp\/v2\/posts\/3329","targetHints":{"allow":["GET"]}}],"collection":[{"href":"https:\/\/resfoundation.org\/rs\/wp-json\/wp\/v2\/posts"}],"about":[{"href":"https:\/\/resfoundation.org\/rs\/wp-json\/wp\/v2\/types\/post"}],"author":[{"embeddable":true,"href":"https:\/\/resfoundation.org\/rs\/wp-json\/wp\/v2\/users\/3"}],"replies":[{"embeddable":true,"href":"https:\/\/resfoundation.org\/rs\/wp-json\/wp\/v2\/comments?post=3329"}],"version-history":[{"count":5,"href":"https:\/\/resfoundation.org\/rs\/wp-json\/wp\/v2\/posts\/3329\/revisions"}],"predecessor-version":[{"id":3407,"href":"https:\/\/resfoundation.org\/rs\/wp-json\/wp\/v2\/posts\/3329\/revisions\/3407"}],"wp:featuredmedia":[{"embeddable":true,"href":"https:\/\/resfoundation.org\/rs\/wp-json\/wp\/v2\/media\/3330"}],"wp:attachment":[{"href":"https:\/\/resfoundation.org\/rs\/wp-json\/wp\/v2\/media?parent=3329"}],"wp:term":[{"taxonomy":"category","embeddable":true,"href":"https:\/\/resfoundation.org\/rs\/wp-json\/wp\/v2\/categories?post=3329"},{"taxonomy":"post_tag","embeddable":true,"href":"https:\/\/resfoundation.org\/rs\/wp-json\/wp\/v2\/tags?post=3329"}],"curies":[{"name":"wp","href":"https:\/\/api.w.org\/{rel}","templated":true}]}}