{"id":3933,"date":"2023-12-15T11:19:09","date_gmt":"2023-12-15T11:19:09","guid":{"rendered":"https:\/\/resfoundation.org\/rs\/?p=3933"},"modified":"2024-02-22T10:19:14","modified_gmt":"2024-02-22T10:19:14","slug":"konferencija-net0drzivo","status":"publish","type":"post","link":"https:\/\/resfoundation.org\/rs\/konferencija-net0drzivo\/","title":{"rendered":"Konferencija Net0dr\u017eivo"},"content":{"rendered":"\t\t<div data-elementor-type=\"wp-post\" data-elementor-id=\"3933\" class=\"elementor elementor-3933\">\n\t\t\t\t\t\t<section class=\"elementor-section elementor-top-section elementor-element elementor-element-4947eb59 elementor-section-boxed elementor-section-height-default elementor-section-height-default\" data-id=\"4947eb59\" data-element_type=\"section\" data-e-type=\"section\">\n\t\t\t\t\t\t<div class=\"elementor-container elementor-column-gap-default\">\n\t\t\t\t\t<div class=\"elementor-column elementor-col-100 elementor-top-column elementor-element elementor-element-7d5ba415\" data-id=\"7d5ba415\" data-element_type=\"column\" data-e-type=\"column\">\n\t\t\t<div class=\"elementor-widget-wrap elementor-element-populated\">\n\t\t\t\t\t\t<div class=\"elementor-element elementor-element-4a6b4bb9 elementor-widget elementor-widget-text-editor\" data-id=\"4a6b4bb9\" data-element_type=\"widget\" data-e-type=\"widget\" data-widget_type=\"text-editor.default\">\n\t\t\t\t<div class=\"elementor-widget-container\">\n\t\t\t\t\t\t\t\t\t<div class=\"wp-block-image\">\n<figure class=\"aligncenter size-large\"><img fetchpriority=\"high\" decoding=\"async\" width=\"1024\" height=\"409\" src=\"https:\/\/resfoundation.org\/rs\/wp-content\/uploads\/2023\/12\/net0biomass_web-01-1024x409.png\" alt=\"\" class=\"wp-image-3934\" srcset=\"https:\/\/resfoundation.org\/rs\/wp-content\/uploads\/2023\/12\/net0biomass_web-01-1024x409.png 1024w, https:\/\/resfoundation.org\/rs\/wp-content\/uploads\/2023\/12\/net0biomass_web-01-300x120.png 300w, https:\/\/resfoundation.org\/rs\/wp-content\/uploads\/2023\/12\/net0biomass_web-01-768x307.png 768w, https:\/\/resfoundation.org\/rs\/wp-content\/uploads\/2023\/12\/net0biomass_web-01.png 1537w\" sizes=\"(max-width: 1024px) 100vw, 1024px\" \/><\/figure>\n<\/div>\n\n\n<p class=\"wp-block-paragraph\"><strong>Bavimo se biomasom takti\u010dno, ali sa mnogo vi\u0161e ambicija!<\/strong><\/p>\n\n\n\n<p class=\"wp-block-paragraph\">To je zaklju\u010dak: na\u0161a konferencija Net0dr\u017eivo u sredu bila je uzbudljiva prilika da se dublje sagleda uloga koju biomasa mo\u017ee da igra u neto 0 buduc\u0301nosti na\u0161eg regiona, a jo\u0161 konkretnije, Srbije i Bosne i Hercegovine.<\/p>\n\n\n\n<p class=\"wp-block-paragraph\">Postoje tri glavna razloga za\u0161to je u obe zemlje potreban \u0161irok i transparentan dijalog o kori\u0161c\u0301enju odr\u017eive biomase za proizvodnju energije, uklju\u010dujuc\u0301i razvoj odgovarajuc\u0301ih politika.<\/p>\n\n\n\n<p class=\"wp-block-paragraph\">Prvi je ugra\u0111en u \u010dinjenice. Tradicionalna biomasa je klju\u010dni izvor energije na Zapadnom Balkanu i klju\u010dni izvor proizvodnje obnovljive energije u Srbiji i Bosni i Hercegovini. U 2020. godini, primarna \u010dvrsta biogoriva su \u010dinila 39% i 64% ukupne potro\u0161nje energije u domac\u0301instvima u Srbiji i Bosni i Hercegovini. Milioni tona pose\u010denog drveta decenijama dominiraju ovim procentima. Oni se neefikasno sagorevaju i proizvode ogromnu koli\u010dinu otpadne toplote i zaga\u0111enja. Istovremeno, moderna upotreba biogoriva i biootpada \u010dinila je samo 1% domac\u0301eg snabdevanja elektri\u010dnom energijom u Srbiji i 0% u Bosni i Hercegovini. Lo\u017eimo ekstenzivno i neefikasno, ali ne uspevamo da uzgajamo \u0161to vi\u0161e \u0161uma, s obzirom na kvalitet zemlji\u0161ta i klimatske uslove. Najnoviji podaci inventure \u0161uma Srbije su jo\u0161 jedan dokaz u prilog tome. Posledi\u010dno, gubimo potencijal sekvestracije ugljenika i potencijal za usluge ekosistema zbog neoptimalnog upravljanja.<\/p>\n\n\n\n<p class=\"wp-block-paragraph\">Drugi razlog proizilazi iz okvira javne politike EU koji najnovijim usvajanjem Direktive o obnovljivoj energiji (RED III) ja\u010da kriterijume odr\u017eivosti za kori\u0161c\u0301enje biomase za energiju kako bi se smanjio rizik od neodr\u017eive proizvodnje bioenergije. On nala\u017ee sprovo\u0111enje takozvanog \u201ekaskadnog principa\u201c. U skladu sa ovim principom, drvnu biomasu treba koristiti u skladu sa njenom najvi\u0161om ekonomskom i ekolo\u0161kom dodatnom vredno\u0161c\u0301u po sledec\u0301em redosledu prioriteta: proizvodi na bazi drveta, produ\u017eenje njihovog veka trajanja, ponovna upotreba, recikla\u017ea, bioenergija, odlaganje. Studije koje podupiru ovaj glavni zakonski akt nagla\u0161avaju brojna ograni\u010denja i rizike neodr\u017eivog kori\u0161c\u0301enja \u0161uma u \u200b\u200bvezi sa sekvestracijom ugljenika i biodiverzitetom.<\/p>\n\n\n\n<p class=\"wp-block-paragraph\">Trec\u0301i nas dovodi do obaveza RED III i njegovog fokusa na \u0161umsku biomasu u vezi sa procesom nacionalnog energetskog i klimatskog planiranja. Me\u0111utim, \u0161umska biomasa jo\u0161 uvek nije deo dijaloga i dono\u0161enja odluka u okviru nacionalnih energetskih i klimatskih planova u zemljama Zapadnog Balkana. Na primer, nacrt Nacionalnog energetskog i klimatskog plana u Bosni i Hercegovini predvi\u0111a skromnu proizvodnju energije iz biomase u elektroenergetskim i toplotnim objektima kako bi se postigli ciljevi politike i ne bavi se nijednim aspektom tradicionalnog kori\u0161c\u0301enja biomase, dok u Srbiji ne pominje ni kori\u0161c\u0301enje biomase za proizvodnju elektri\u010dne energije niti efikasnije tradicionalno kori\u0161c\u0301enje biomase.<\/p>\n\n\n\n<p class=\"wp-block-paragraph\">Zahvaljujuc\u0301i na\u0161im panelistima na sve tri sesije: o odr\u017eivim resursima biomase (znanje za neto 0), o propozicijama vrednosti odr\u017eive energije iz biomase (ekonomija neto 0 biomase), i o regulatornim okvirima koji nas mogu dovesti do boljeg- informisano kori\u0161c\u0301enje odr\u017eivih resursa biomase (politika za neto 0), sada smo daleko u boljem polo\u017eaju da dalje razvijamo ovaj razgovor u vrlo specifi\u010dnim pravcima.<\/p>\n\n\n\n<p class=\"wp-block-paragraph\">Saznali smo da se mo\u017eemo pohvaliti vodec\u0301im nau\u010dnicima i graditi na bazi znanja o biomasi koja donosiocima politi\u010dkih odluka mo\u017ee ponuditi mnogo vi\u0161e o energetskoj tranziciji nego \u0161to je to bio slu\u010daj do sada. Tako\u0111e smo bez sumnje shvatili da je, iako je komercijalno orijentisan, poslovni sektor najbolji u upravljanju i inicijativama za stvaranje vrednosti, ali to nec\u0301e u\u010diniti sam: treba da se pojavi otvoren i kontinuiran dijalog, partnerstvo i interakcija izme\u0111u svih zainteresovanih strana, po\u010dev\u0161i od nauke o biomasi u svakom od pojedina\u010dnih segmenata ili tipova biomase,&nbsp;tako da uklju\u010di kreatore javnih politika, lokalne zajednice i organizacije civilnog dru\u0161tva.<\/p>\n\n\n\n<p class=\"wp-block-paragraph\">\u0160tavi\u0161e, taj dijalog i osec\u0301aj partnerstva treba da odstupe od \u201esilosa\u201c najtradicionalnijeg \u201esektora biomase\u201c u okviru \u0161umarstva i dopru do srodnih sektora upravljanja kao \u0161to su prostorno planiranje, poljoprivreda, prevencija erozije, za\u0161tita biodiverziteta, klimatska politika, za\u0161tita kvaliteta vazduha, da spomenemo samo neke koje smo pomenuli u na\u0161im diskusijama.<\/p>\n\n\n\n<p class=\"wp-block-paragraph\">Moguc\u0301nosti za razvoj, moguc\u0301nost ubla\u017eavanja klimatskih promena, moguc\u0301nost za\u0161tite kvaliteta vazduha, moguc\u0301nost rasta zaposlenosti i druge \u2013 predstavljene potencijalnim uvo\u0111enjem merenja efikasnosti u buduc\u0301e odluke o povec\u0301anju javnih i privatnih ulaganja u pobolj\u0161ano upravljanje \u0161umskim resursima \u2013 su bez premca. Me\u0111utim, bic\u0301e potrebni naporni razgovori da bi se predstavili jasni dokazi izvedeni iz javnih politika i preobratile druge zainteresovane strane kada je re\u010d o izgledima za vi\u0161e razvojnih ambicija nego \u0161to su na\u0161e vlade artikulisale u poslednjih 30 godina.<\/p>\n\n\n\n<p class=\"wp-block-paragraph\">Kona\u010dno, bili smo inspirisani testiranim i inventivnim kreiranjem politike u drugim delovima Evrope, koje su predstavili gostujuc\u0301i govornici iz UK, Finske i savetodavni odbor Me\u0111unarodne agencije za energetiku za tehnologiju biomase. Uz to, shvatili smo da izvodljiva kombinacija politika i rje\u0161enja za Bosnu i Hercegovinu, Srbiju i ostatak na\u0161eg regiona, po svoj prilici, nec\u0301e doc\u0301i spolja. Za ambicioznije i sa potrebnom oprezno\u0161\u0107u i osetljivo\u0161c\u0301u bic\u0301e potreban sna\u017ean osec\u0301aj vlasni\u0161tva nad politikom koji zahteva autenti\u010dan pristup odozdo prema gore u razvoju sopstvene na dokazima zasnovane politike koja se ti\u010de biomase.<\/p>\n\n\n\n<p class=\"wp-block-paragraph\">Ovo je bio vrlo inspirativan prvi korak u onome \u0161to znamo da c\u0301e biti zanimljiv novi razgovor o tome za\u0161to i kako treba da artikuli\u0161emo politiku odr\u017eive biomase u slu\u017ebi na\u0161ih neto 0 energetskih aspiracija. Jedva \u010dekamo da olak\u0161amo i \u010dujemo vi\u0161e glasova u novoj godini, pa gledajte ovaj prostor!<\/p>\n\t\t\t\t\t\t\t\t<\/div>\n\t\t\t\t<\/div>\n\t\t\t\t\t<\/div>\n\t\t<\/div>\n\t\t\t\t\t<\/div>\n\t\t<\/section>\n\t\t\t\t<section class=\"elementor-section elementor-top-section elementor-element elementor-element-92d1e57 elementor-section-boxed elementor-section-height-default elementor-section-height-default\" data-id=\"92d1e57\" data-element_type=\"section\" data-e-type=\"section\">\n\t\t\t\t\t\t<div class=\"elementor-container elementor-column-gap-default\">\n\t\t\t\t\t<div class=\"elementor-column elementor-col-100 elementor-top-column elementor-element elementor-element-f6cee68\" data-id=\"f6cee68\" data-element_type=\"column\" data-e-type=\"column\">\n\t\t\t<div class=\"elementor-widget-wrap elementor-element-populated\">\n\t\t\t\t\t\t\t<\/div>\n\t\t<\/div>\n\t\t\t\t\t<\/div>\n\t\t<\/section>\n\t\t\t\t<\/div>\n\t\t","protected":false},"excerpt":{"rendered":"<p>Bavimo se biomasom takti\u010dno, ali sa mnogo vi\u0161e ambicija! To je zaklju\u010dak: na\u0161a konferencija Net0dr\u017eivo u sredu bila je uzbudljiva prilika da se dublje sagleda uloga koju biomasa mo\u017ee da igra u neto 0 buduc\u0301nosti na\u0161eg regiona, a jo\u0161 konkretnije, Srbije i Bosne i Hercegovine. Postoje tri glavna razloga za\u0161to je u obe zemlje potreban [&hellip;]<\/p>\n","protected":false},"author":3,"featured_media":3934,"comment_status":"closed","ping_status":"closed","sticky":false,"template":"","format":"standard","meta":{"footnotes":""},"categories":[5],"tags":[16],"class_list":["post-3933","post","type-post","status-publish","format-standard","has-post-thumbnail","hentry","category-dogadjaji","tag-javnepolitike"],"_links":{"self":[{"href":"https:\/\/resfoundation.org\/rs\/wp-json\/wp\/v2\/posts\/3933","targetHints":{"allow":["GET"]}}],"collection":[{"href":"https:\/\/resfoundation.org\/rs\/wp-json\/wp\/v2\/posts"}],"about":[{"href":"https:\/\/resfoundation.org\/rs\/wp-json\/wp\/v2\/types\/post"}],"author":[{"embeddable":true,"href":"https:\/\/resfoundation.org\/rs\/wp-json\/wp\/v2\/users\/3"}],"replies":[{"embeddable":true,"href":"https:\/\/resfoundation.org\/rs\/wp-json\/wp\/v2\/comments?post=3933"}],"version-history":[{"count":3,"href":"https:\/\/resfoundation.org\/rs\/wp-json\/wp\/v2\/posts\/3933\/revisions"}],"predecessor-version":[{"id":3939,"href":"https:\/\/resfoundation.org\/rs\/wp-json\/wp\/v2\/posts\/3933\/revisions\/3939"}],"wp:featuredmedia":[{"embeddable":true,"href":"https:\/\/resfoundation.org\/rs\/wp-json\/wp\/v2\/media\/3934"}],"wp:attachment":[{"href":"https:\/\/resfoundation.org\/rs\/wp-json\/wp\/v2\/media?parent=3933"}],"wp:term":[{"taxonomy":"category","embeddable":true,"href":"https:\/\/resfoundation.org\/rs\/wp-json\/wp\/v2\/categories?post=3933"},{"taxonomy":"post_tag","embeddable":true,"href":"https:\/\/resfoundation.org\/rs\/wp-json\/wp\/v2\/tags?post=3933"}],"curies":[{"name":"wp","href":"https:\/\/api.w.org\/{rel}","templated":true}]}}