{"id":4059,"date":"2024-03-14T08:22:00","date_gmt":"2024-03-14T08:22:00","guid":{"rendered":"https:\/\/resfoundation.org\/rs\/?p=4059"},"modified":"2024-04-17T08:39:08","modified_gmt":"2024-04-17T08:39:08","slug":"programska-direktorka-res-fondacije-jasminka-young-na-unece-regionalnom-forumu-2024","status":"publish","type":"post","link":"https:\/\/resfoundation.org\/rs\/programska-direktorka-res-fondacije-jasminka-young-na-unece-regionalnom-forumu-2024\/","title":{"rendered":"Programska direktorka RES fondacije Jasminka Young na UNECE Regionalnom forumu 2024"},"content":{"rendered":"\t\t<div data-elementor-type=\"wp-post\" data-elementor-id=\"4059\" class=\"elementor elementor-4059\">\n\t\t\t\t\t\t<section class=\"elementor-section elementor-top-section elementor-element elementor-element-a90ecf9 elementor-section-boxed elementor-section-height-default elementor-section-height-default\" data-id=\"a90ecf9\" data-element_type=\"section\" data-e-type=\"section\">\n\t\t\t\t\t\t<div class=\"elementor-container elementor-column-gap-default\">\n\t\t\t\t\t<div class=\"elementor-column elementor-col-100 elementor-top-column elementor-element elementor-element-6870ce5c\" data-id=\"6870ce5c\" data-element_type=\"column\" data-e-type=\"column\">\n\t\t\t<div class=\"elementor-widget-wrap elementor-element-populated\">\n\t\t\t\t\t\t<div class=\"elementor-element elementor-element-10c42fb8 elementor-widget elementor-widget-text-editor\" data-id=\"10c42fb8\" data-element_type=\"widget\" data-e-type=\"widget\" data-widget_type=\"text-editor.default\">\n\t\t\t\t<div class=\"elementor-widget-container\">\n\t\t\t\t\t\t\t\t\t<div class=\"wp-block-image\">\n<figure class=\"aligncenter size-large\"><img fetchpriority=\"high\" decoding=\"async\" width=\"1024\" height=\"768\" src=\"https:\/\/resfoundation.org\/rs\/wp-content\/uploads\/2024\/04\/IMG-20240416-WA0007-1024x768.jpg\" alt=\"\" class=\"wp-image-4063\" srcset=\"https:\/\/resfoundation.org\/rs\/wp-content\/uploads\/2024\/04\/IMG-20240416-WA0007-1024x768.jpg 1024w, https:\/\/resfoundation.org\/rs\/wp-content\/uploads\/2024\/04\/IMG-20240416-WA0007-300x225.jpg 300w, https:\/\/resfoundation.org\/rs\/wp-content\/uploads\/2024\/04\/IMG-20240416-WA0007-768x576.jpg 768w, https:\/\/resfoundation.org\/rs\/wp-content\/uploads\/2024\/04\/IMG-20240416-WA0007-1536x1152.jpg 1536w, https:\/\/resfoundation.org\/rs\/wp-content\/uploads\/2024\/04\/IMG-20240416-WA0007.jpg 1600w\" sizes=\"(max-width: 1024px) 100vw, 1024px\" \/><\/figure>\n<\/div>\n\n\n<p><\/p>\n\n\n\n<p>Jedna od u\u010desnica ovogodi\u0161njeg Regionalnog foruma UNECE, koji je odr\u017ean od 13. i 14. marta u \u017denevi, bila je i na\u0161a suosniva\u010dica i programska direktorka Jasminka Young. Regionalni forum 2024. odr\u017ean je u vreme vi\u0161estrukih kriza. Kao priznanje za sna\u017enu afirmaciju Agende 2030 na Samitu o ciljevima odr\u017eivog razvoja, vlade i zainteresovane strane \u0161irom regiona UNECE sada tra\u017ee uticajne, inovativne javne politike i re\u0161enja otporne na krize kako bi ubrzali implementaciju Ciljeva odr\u017eivog razvoja.<\/p>\n\n\n\n<p>U tom kontekstu,\u00a0tema Regionalnog foruma 2024. bila je:\u00a0\u201eJa\u010danje Agende za odr\u017eivi razvoj do 2030. u regionu Ekonomske komisije za Evropu u vreme vi\u0161estrukih kriza: Efikasno pru\u017eanje odr\u017eivih, otpornih i inovativnih re\u0161enja\u201c.<\/p>\n\n\n\n<p>Jasminka Young je u\u010destvovala na okruglom stolu na temu \u201eRe\u0161avanje Rubikove kocke planetarne krize: postavljanje javnopoliti\u010dkih re\u0161enja za klimatske rizike i gubitak biodiverziteta\u201c. Uz podr\u0161ku Regionalne kancelarije UN Women za Evropu i Centralnu Aziju, ona je istakla rodnu perspektivu o klimatskim rizicima i re\u0161enjima za gubitak biodiverziteta.<\/p>\n\n\n\n<p>Prva polovina okruglog stola bila je fokusirana na va\u017enost ja\u010danja spremnosti za klimatske ekstreme kroz sisteme ranog upozoravanja na vi\u0161e opasnosti, nadovezujuc\u0301i se na inicijativu ranih upozorenja za sve (EV4All) generalnog sekretara UN, koja ima za cilj da predvodi akciju kako bi se osiguralo da svaka osoba na Zemlji bude za\u0161tic\u0301ena sistemima ranog upozorenja do 2027.\u00a0 Druga polovina okruglog stola istra\u017eivala je na\u010dine na koje se klimatske promene i gubitak biodiverziteta mo\u017eemo i moramo baviti zajedno sa javnim politikama koje su se u velikoj meri samostalno bavile ovim izazovima.<\/p>\n\n\n\n<p>Young je govorila o rodnoj i dru\u0161tvenoj nejednakosti, u smislu pristupa imovini, u\u010de\u0161c\u0301a u dono\u0161enju odluka i znanju, koji su duboko isprepleteni sa klimatskim promenama i gubitkom biodiverziteta. Ona je naglasila da zbog dru\u0161tveno propisanih rodnih uloga \u017eene na Zapadnom Balkanu vi\u0161e vremena provode kod kuc\u0301e kuvajuc\u0301i i snosiv\u0161i dodatne posledice neefikasnog kori\u0161c\u0301enja energije, kao i da studija SZO pokazuje da zdravlje \u017eena i dece vi\u0161e pate od zaga\u0111enja vazduha u regionu Zapadnog Balkana.<\/p>\n\n\n\n<p>Po njenom mi\u0161ljenju, da bismo izazvali efikasnu promenu, prvo moramo da se pozabavimo strukturnim pokreta\u010dima dru\u0161tvene nejednakosti i siroma\u0161tva na integrisan na\u010din kako bismo ubla\u017eili \u0161tetne uticaje klimatskih promena i gubitka biodiverziteta i utrli put pravednoj tranziciji. Kona\u010dno, od klju\u010dne je va\u017enosti uklju\u010diti \u017eene u osmi\u0161ljavanje i implementaciju javnih politika i re\u0161enja na lokalnom nivou jer su bli\u017ee ciljnoj grupi (\u017eene i devojke u siroma\u0161tvu), zaklju\u010dila je Young.<\/p>\n\t\t\t\t\t\t\t\t<\/div>\n\t\t\t\t<\/div>\n\t\t\t\t\t<\/div>\n\t\t<\/div>\n\t\t\t\t\t<\/div>\n\t\t<\/section>\n\t\t\t\t<section class=\"elementor-section elementor-top-section elementor-element elementor-element-c9f105b elementor-section-boxed elementor-section-height-default elementor-section-height-default\" data-id=\"c9f105b\" data-element_type=\"section\" data-e-type=\"section\">\n\t\t\t\t\t\t<div class=\"elementor-container elementor-column-gap-default\">\n\t\t\t\t\t<div class=\"elementor-column elementor-col-100 elementor-top-column elementor-element elementor-element-67ba3eb\" data-id=\"67ba3eb\" data-element_type=\"column\" data-e-type=\"column\">\n\t\t\t<div class=\"elementor-widget-wrap elementor-element-populated\">\n\t\t\t\t\t\t<div class=\"elementor-element elementor-element-a7f948d elementor-widget elementor-widget-image-gallery\" data-id=\"a7f948d\" data-element_type=\"widget\" data-e-type=\"widget\" data-widget_type=\"image-gallery.default\">\n\t\t\t\t<div class=\"elementor-widget-container\">\n\t\t\t\t\t\t\t<div class=\"elementor-image-gallery\">\n\t\t\t<div id='gallery-1' class='gallery galleryid-4059 gallery-columns-4 gallery-size-thumbnail'><figure class='gallery-item'>\n\t\t\t<div class='gallery-icon landscape'>\n\t\t\t\t<a data-elementor-open-lightbox=\"yes\" data-elementor-lightbox-slideshow=\"a7f948d\" data-elementor-lightbox-title=\"young unece\" data-e-action-hash=\"#elementor-action%3Aaction%3Dlightbox%26settings%3DeyJpZCI6NDA2MywidXJsIjoiaHR0cHM6XC9cL3Jlc2ZvdW5kYXRpb24ub3JnXC9yc1wvd3AtY29udGVudFwvdXBsb2Fkc1wvMjAyNFwvMDRcL0lNRy0yMDI0MDQxNi1XQTAwMDcuanBnIiwic2xpZGVzaG93IjoiYTdmOTQ4ZCJ9\" href='https:\/\/resfoundation.org\/rs\/wp-content\/uploads\/2024\/04\/IMG-20240416-WA0007.jpg'><img decoding=\"async\" width=\"150\" height=\"150\" src=\"https:\/\/resfoundation.org\/rs\/wp-content\/uploads\/2024\/04\/IMG-20240416-WA0007-150x150.jpg\" class=\"attachment-thumbnail size-thumbnail\" alt=\"\" \/><\/a>\n\t\t\t<\/div><\/figure><figure class='gallery-item'>\n\t\t\t<div class='gallery-icon portrait'>\n\t\t\t\t<a data-elementor-open-lightbox=\"yes\" data-elementor-lightbox-slideshow=\"a7f948d\" data-elementor-lightbox-title=\"IMG-20240416-WA0001\" data-e-action-hash=\"#elementor-action%3Aaction%3Dlightbox%26settings%3DeyJpZCI6NDA2MSwidXJsIjoiaHR0cHM6XC9cL3Jlc2ZvdW5kYXRpb24ub3JnXC9yc1wvd3AtY29udGVudFwvdXBsb2Fkc1wvMjAyNFwvMDRcL0lNRy0yMDI0MDQxNi1XQTAwMDEuanBnIiwic2xpZGVzaG93IjoiYTdmOTQ4ZCJ9\" href='https:\/\/resfoundation.org\/rs\/wp-content\/uploads\/2024\/04\/IMG-20240416-WA0001.jpg'><img decoding=\"async\" width=\"150\" height=\"150\" src=\"https:\/\/resfoundation.org\/rs\/wp-content\/uploads\/2024\/04\/IMG-20240416-WA0001-150x150.jpg\" class=\"attachment-thumbnail size-thumbnail\" alt=\"\" \/><\/a>\n\t\t\t<\/div><\/figure><figure class='gallery-item'>\n\t\t\t<div class='gallery-icon landscape'>\n\t\t\t\t<a data-elementor-open-lightbox=\"yes\" data-elementor-lightbox-slideshow=\"a7f948d\" data-elementor-lightbox-title=\"IMG-20240416-WA0002\" data-e-action-hash=\"#elementor-action%3Aaction%3Dlightbox%26settings%3DeyJpZCI6NDA2NywidXJsIjoiaHR0cHM6XC9cL3Jlc2ZvdW5kYXRpb24ub3JnXC9yc1wvd3AtY29udGVudFwvdXBsb2Fkc1wvMjAyNFwvMDRcL0lNRy0yMDI0MDQxNi1XQTAwMDIuanBnIiwic2xpZGVzaG93IjoiYTdmOTQ4ZCJ9\" href='https:\/\/resfoundation.org\/rs\/wp-content\/uploads\/2024\/04\/IMG-20240416-WA0002.jpg'><img loading=\"lazy\" decoding=\"async\" width=\"150\" height=\"150\" src=\"https:\/\/resfoundation.org\/rs\/wp-content\/uploads\/2024\/04\/IMG-20240416-WA0002-150x150.jpg\" class=\"attachment-thumbnail size-thumbnail\" alt=\"\" \/><\/a>\n\t\t\t<\/div><\/figure><figure class='gallery-item'>\n\t\t\t<div class='gallery-icon portrait'>\n\t\t\t\t<a data-elementor-open-lightbox=\"yes\" data-elementor-lightbox-slideshow=\"a7f948d\" data-elementor-lightbox-title=\"IMG-20240416-WA0003\" data-e-action-hash=\"#elementor-action%3Aaction%3Dlightbox%26settings%3DeyJpZCI6NDA2NCwidXJsIjoiaHR0cHM6XC9cL3Jlc2ZvdW5kYXRpb24ub3JnXC9yc1wvd3AtY29udGVudFwvdXBsb2Fkc1wvMjAyNFwvMDRcL0lNRy0yMDI0MDQxNi1XQTAwMDMuanBnIiwic2xpZGVzaG93IjoiYTdmOTQ4ZCJ9\" href='https:\/\/resfoundation.org\/rs\/wp-content\/uploads\/2024\/04\/IMG-20240416-WA0003.jpg'><img loading=\"lazy\" decoding=\"async\" width=\"150\" height=\"150\" src=\"https:\/\/resfoundation.org\/rs\/wp-content\/uploads\/2024\/04\/IMG-20240416-WA0003-150x150.jpg\" class=\"attachment-thumbnail size-thumbnail\" alt=\"\" \/><\/a>\n\t\t\t<\/div><\/figure><figure class='gallery-item'>\n\t\t\t<div class='gallery-icon portrait'>\n\t\t\t\t<a data-elementor-open-lightbox=\"yes\" data-elementor-lightbox-slideshow=\"a7f948d\" data-elementor-lightbox-title=\"IMG-20240416-WA0006\" data-e-action-hash=\"#elementor-action%3Aaction%3Dlightbox%26settings%3DeyJpZCI6NDA2MiwidXJsIjoiaHR0cHM6XC9cL3Jlc2ZvdW5kYXRpb24ub3JnXC9yc1wvd3AtY29udGVudFwvdXBsb2Fkc1wvMjAyNFwvMDRcL0lNRy0yMDI0MDQxNi1XQTAwMDYuanBnIiwic2xpZGVzaG93IjoiYTdmOTQ4ZCJ9\" href='https:\/\/resfoundation.org\/rs\/wp-content\/uploads\/2024\/04\/IMG-20240416-WA0006.jpg'><img loading=\"lazy\" decoding=\"async\" width=\"150\" height=\"150\" src=\"https:\/\/resfoundation.org\/rs\/wp-content\/uploads\/2024\/04\/IMG-20240416-WA0006-150x150.jpg\" class=\"attachment-thumbnail size-thumbnail\" alt=\"\" \/><\/a>\n\t\t\t<\/div><\/figure><figure class='gallery-item'>\n\t\t\t<div class='gallery-icon portrait'>\n\t\t\t\t<a data-elementor-open-lightbox=\"yes\" data-elementor-lightbox-slideshow=\"a7f948d\" data-elementor-lightbox-title=\"IMG-20240416-WA0005\" data-e-action-hash=\"#elementor-action%3Aaction%3Dlightbox%26settings%3DeyJpZCI6NDA2NSwidXJsIjoiaHR0cHM6XC9cL3Jlc2ZvdW5kYXRpb24ub3JnXC9yc1wvd3AtY29udGVudFwvdXBsb2Fkc1wvMjAyNFwvMDRcL0lNRy0yMDI0MDQxNi1XQTAwMDUuanBnIiwic2xpZGVzaG93IjoiYTdmOTQ4ZCJ9\" href='https:\/\/resfoundation.org\/rs\/wp-content\/uploads\/2024\/04\/IMG-20240416-WA0005.jpg'><img loading=\"lazy\" decoding=\"async\" width=\"150\" height=\"150\" src=\"https:\/\/resfoundation.org\/rs\/wp-content\/uploads\/2024\/04\/IMG-20240416-WA0005-150x150.jpg\" class=\"attachment-thumbnail size-thumbnail\" alt=\"\" \/><\/a>\n\t\t\t<\/div><\/figure><figure class='gallery-item'>\n\t\t\t<div class='gallery-icon portrait'>\n\t\t\t\t<a data-elementor-open-lightbox=\"yes\" data-elementor-lightbox-slideshow=\"a7f948d\" data-elementor-lightbox-title=\"IMG-20240416-WA0004\" data-e-action-hash=\"#elementor-action%3Aaction%3Dlightbox%26settings%3DeyJpZCI6NDA2NiwidXJsIjoiaHR0cHM6XC9cL3Jlc2ZvdW5kYXRpb24ub3JnXC9yc1wvd3AtY29udGVudFwvdXBsb2Fkc1wvMjAyNFwvMDRcL0lNRy0yMDI0MDQxNi1XQTAwMDQtZTE3MTMzNDI5MTE3MjYuanBnIiwic2xpZGVzaG93IjoiYTdmOTQ4ZCJ9\" href='https:\/\/resfoundation.org\/rs\/wp-content\/uploads\/2024\/04\/IMG-20240416-WA0004-e1713342911726.jpg'><img loading=\"lazy\" decoding=\"async\" width=\"150\" height=\"150\" src=\"https:\/\/resfoundation.org\/rs\/wp-content\/uploads\/2024\/04\/IMG-20240416-WA0004-e1713342911726-150x150.jpg\" class=\"attachment-thumbnail size-thumbnail\" alt=\"\" \/><\/a>\n\t\t\t<\/div><\/figure><figure class='gallery-item'>\n\t\t\t<div class='gallery-icon portrait'>\n\t\t\t\t<a data-elementor-open-lightbox=\"yes\" data-elementor-lightbox-slideshow=\"a7f948d\" data-elementor-lightbox-title=\"IMG-20240416-WA0000\" data-e-action-hash=\"#elementor-action%3Aaction%3Dlightbox%26settings%3DeyJpZCI6NDA2MCwidXJsIjoiaHR0cHM6XC9cL3Jlc2ZvdW5kYXRpb24ub3JnXC9yc1wvd3AtY29udGVudFwvdXBsb2Fkc1wvMjAyNFwvMDRcL0lNRy0yMDI0MDQxNi1XQTAwMDAtZTE3MTMzNDI4NzcyNDcuanBnIiwic2xpZGVzaG93IjoiYTdmOTQ4ZCJ9\" href='https:\/\/resfoundation.org\/rs\/wp-content\/uploads\/2024\/04\/IMG-20240416-WA0000-e1713342877247.jpg'><img loading=\"lazy\" decoding=\"async\" width=\"150\" height=\"150\" src=\"https:\/\/resfoundation.org\/rs\/wp-content\/uploads\/2024\/04\/IMG-20240416-WA0000-e1713342877247-150x150.jpg\" class=\"attachment-thumbnail size-thumbnail\" alt=\"\" srcset=\"https:\/\/resfoundation.org\/rs\/wp-content\/uploads\/2024\/04\/IMG-20240416-WA0000-e1713342877247-150x150.jpg 150w, https:\/\/resfoundation.org\/rs\/wp-content\/uploads\/2024\/04\/IMG-20240416-WA0000-e1713342877247-300x300.jpg 300w, https:\/\/resfoundation.org\/rs\/wp-content\/uploads\/2024\/04\/IMG-20240416-WA0000-e1713342877247.jpg 738w\" sizes=\"(max-width: 150px) 100vw, 150px\" \/><\/a>\n\t\t\t<\/div><\/figure>\n\t\t<\/div>\n\t\t<\/div>\n\t\t\t\t\t\t<\/div>\n\t\t\t\t<\/div>\n\t\t\t\t\t<\/div>\n\t\t<\/div>\n\t\t\t\t\t<\/div>\n\t\t<\/section>\n\t\t\t\t<\/div>\n\t\t","protected":false},"excerpt":{"rendered":"<p>Jedna od u\u010desnica ovogodi\u0161njeg Regionalnog foruma UNECE, koji je odr\u017ean od 13. i 14. marta u \u017denevi, bila je i na\u0161a suosniva\u010dica i programska direktorka Jasminka Young. Regionalni forum 2024. odr\u017ean je u vreme vi\u0161estrukih kriza. Kao priznanje za sna\u017enu afirmaciju Agende 2030 na Samitu o ciljevima odr\u017eivog razvoja, vlade i zainteresovane strane \u0161irom regiona [&hellip;]<\/p>\n","protected":false},"author":3,"featured_media":4063,"comment_status":"closed","ping_status":"closed","sticky":false,"template":"","format":"standard","meta":{"footnotes":""},"categories":[5],"tags":[19,15],"class_list":["post-4059","post","type-post","status-publish","format-standard","has-post-thumbnail","hentry","category-dogadjaji","tag-energetskatranzicija","tag-klimatskepromene"],"yoast_head":"<!-- This site is optimized with the Yoast SEO plugin v27.4 - https:\/\/yoast.com\/product\/yoast-seo-wordpress\/ -->\n<title>Programska direktorka RES fondacije Jasminka Young na UNECE Regionalnom forumu 2024 - RES fondacija<\/title>\n<meta name=\"robots\" content=\"index, follow, max-snippet:-1, max-image-preview:large, max-video-preview:-1\" \/>\n<link rel=\"canonical\" href=\"https:\/\/resfoundation.org\/rs\/programska-direktorka-res-fondacije-jasminka-young-na-unece-regionalnom-forumu-2024\/\" \/>\n<meta property=\"og:locale\" content=\"sr_RS\" \/>\n<meta property=\"og:type\" content=\"article\" \/>\n<meta property=\"og:title\" content=\"Programska direktorka RES fondacije Jasminka Young na UNECE Regionalnom forumu 2024 - RES fondacija\" \/>\n<meta property=\"og:description\" content=\"Jedna od u\u010desnica ovogodi\u0161njeg Regionalnog foruma UNECE, koji je odr\u017ean od 13. i 14. marta u \u017denevi, bila je i na\u0161a suosniva\u010dica i programska direktorka Jasminka Young. Regionalni forum 2024. odr\u017ean je u vreme vi\u0161estrukih kriza. Kao priznanje za sna\u017enu afirmaciju Agende 2030 na Samitu o ciljevima odr\u017eivog razvoja, vlade i zainteresovane strane \u0161irom regiona [&hellip;]\" \/>\n<meta property=\"og:url\" content=\"https:\/\/resfoundation.org\/rs\/programska-direktorka-res-fondacije-jasminka-young-na-unece-regionalnom-forumu-2024\/\" \/>\n<meta property=\"og:site_name\" content=\"RES fondacija\" \/>\n<meta property=\"article:published_time\" content=\"2024-03-14T08:22:00+00:00\" \/>\n<meta property=\"article:modified_time\" content=\"2024-04-17T08:39:08+00:00\" \/>\n<meta property=\"og:image\" content=\"https:\/\/resfoundation.org\/rs\/wp-content\/uploads\/2024\/04\/IMG-20240416-WA0007.jpg\" \/>\n\t<meta property=\"og:image:width\" content=\"1600\" \/>\n\t<meta property=\"og:image:height\" content=\"1200\" \/>\n\t<meta property=\"og:image:type\" content=\"image\/jpeg\" \/>\n<meta name=\"author\" content=\"Admin\" \/>\n<meta name=\"twitter:card\" content=\"summary_large_image\" \/>\n<meta name=\"twitter:label1\" content=\"\u041d\u0430\u043f\u0438\u0441\u0430\u043d\u043e \u043e\u0434\" \/>\n\t<meta name=\"twitter:data1\" content=\"Admin\" \/>\n\t<meta name=\"twitter:label2\" content=\"\u041f\u0440\u043e\u0446\u0435\u045a\u0435\u043d\u043e \u0432\u0440\u0435\u043c\u0435 \u0447\u0438\u0442\u0430\u045a\u0430\" \/>\n\t<meta name=\"twitter:data2\" content=\"4 \u043c\u0438\u043d\u0443\u0442\u0430\" \/>\n<script type=\"application\/ld+json\" class=\"yoast-schema-graph\">{\"@context\":\"https:\\\/\\\/schema.org\",\"@graph\":[{\"@type\":\"Article\",\"@id\":\"https:\\\/\\\/resfoundation.org\\\/rs\\\/programska-direktorka-res-fondacije-jasminka-young-na-unece-regionalnom-forumu-2024\\\/#article\",\"isPartOf\":{\"@id\":\"https:\\\/\\\/resfoundation.org\\\/rs\\\/programska-direktorka-res-fondacije-jasminka-young-na-unece-regionalnom-forumu-2024\\\/\"},\"author\":{\"name\":\"Admin\",\"@id\":\"https:\\\/\\\/resfoundation.org\\\/rs\\\/#\\\/schema\\\/person\\\/742e2bf0bb2a53a86ecf6c4ad424f2ec\"},\"headline\":\"Programska direktorka RES fondacije Jasminka Young na UNECE Regionalnom forumu 2024\",\"datePublished\":\"2024-03-14T08:22:00+00:00\",\"dateModified\":\"2024-04-17T08:39:08+00:00\",\"mainEntityOfPage\":{\"@id\":\"https:\\\/\\\/resfoundation.org\\\/rs\\\/programska-direktorka-res-fondacije-jasminka-young-na-unece-regionalnom-forumu-2024\\\/\"},\"wordCount\":451,\"publisher\":{\"@id\":\"https:\\\/\\\/resfoundation.org\\\/rs\\\/#organization\"},\"image\":{\"@id\":\"https:\\\/\\\/resfoundation.org\\\/rs\\\/programska-direktorka-res-fondacije-jasminka-young-na-unece-regionalnom-forumu-2024\\\/#primaryimage\"},\"thumbnailUrl\":\"https:\\\/\\\/resfoundation.org\\\/rs\\\/wp-content\\\/uploads\\\/2024\\\/04\\\/IMG-20240416-WA0007.jpg\",\"keywords\":[\"EnergetskaTranzicija\",\"KlimatskePromene\"],\"articleSection\":[\"Doga\u0111aji\"],\"inLanguage\":\"sr-RS\"},{\"@type\":\"WebPage\",\"@id\":\"https:\\\/\\\/resfoundation.org\\\/rs\\\/programska-direktorka-res-fondacije-jasminka-young-na-unece-regionalnom-forumu-2024\\\/\",\"url\":\"https:\\\/\\\/resfoundation.org\\\/rs\\\/programska-direktorka-res-fondacije-jasminka-young-na-unece-regionalnom-forumu-2024\\\/\",\"name\":\"Programska direktorka RES fondacije Jasminka Young na UNECE Regionalnom forumu 2024 - RES fondacija\",\"isPartOf\":{\"@id\":\"https:\\\/\\\/resfoundation.org\\\/rs\\\/#website\"},\"primaryImageOfPage\":{\"@id\":\"https:\\\/\\\/resfoundation.org\\\/rs\\\/programska-direktorka-res-fondacije-jasminka-young-na-unece-regionalnom-forumu-2024\\\/#primaryimage\"},\"image\":{\"@id\":\"https:\\\/\\\/resfoundation.org\\\/rs\\\/programska-direktorka-res-fondacije-jasminka-young-na-unece-regionalnom-forumu-2024\\\/#primaryimage\"},\"thumbnailUrl\":\"https:\\\/\\\/resfoundation.org\\\/rs\\\/wp-content\\\/uploads\\\/2024\\\/04\\\/IMG-20240416-WA0007.jpg\",\"datePublished\":\"2024-03-14T08:22:00+00:00\",\"dateModified\":\"2024-04-17T08:39:08+00:00\",\"breadcrumb\":{\"@id\":\"https:\\\/\\\/resfoundation.org\\\/rs\\\/programska-direktorka-res-fondacije-jasminka-young-na-unece-regionalnom-forumu-2024\\\/#breadcrumb\"},\"inLanguage\":\"sr-RS\",\"potentialAction\":[{\"@type\":\"ReadAction\",\"target\":[\"https:\\\/\\\/resfoundation.org\\\/rs\\\/programska-direktorka-res-fondacije-jasminka-young-na-unece-regionalnom-forumu-2024\\\/\"]}]},{\"@type\":\"ImageObject\",\"inLanguage\":\"sr-RS\",\"@id\":\"https:\\\/\\\/resfoundation.org\\\/rs\\\/programska-direktorka-res-fondacije-jasminka-young-na-unece-regionalnom-forumu-2024\\\/#primaryimage\",\"url\":\"https:\\\/\\\/resfoundation.org\\\/rs\\\/wp-content\\\/uploads\\\/2024\\\/04\\\/IMG-20240416-WA0007.jpg\",\"contentUrl\":\"https:\\\/\\\/resfoundation.org\\\/rs\\\/wp-content\\\/uploads\\\/2024\\\/04\\\/IMG-20240416-WA0007.jpg\",\"width\":1600,\"height\":1200},{\"@type\":\"BreadcrumbList\",\"@id\":\"https:\\\/\\\/resfoundation.org\\\/rs\\\/programska-direktorka-res-fondacije-jasminka-young-na-unece-regionalnom-forumu-2024\\\/#breadcrumb\",\"itemListElement\":[{\"@type\":\"ListItem\",\"position\":1,\"name\":\"\u041f\u043e\u0447\u0435\u0442\u043d\u0430\",\"item\":\"https:\\\/\\\/resfoundation.org\\\/rs\\\/\"},{\"@type\":\"ListItem\",\"position\":2,\"name\":\"Programska direktorka RES fondacije Jasminka Young na UNECE Regionalnom forumu 2024\"}]},{\"@type\":\"WebSite\",\"@id\":\"https:\\\/\\\/resfoundation.org\\\/rs\\\/#website\",\"url\":\"https:\\\/\\\/resfoundation.org\\\/rs\\\/\",\"name\":\"RES fondacija\",\"description\":\"Partnerships for Resilience\",\"publisher\":{\"@id\":\"https:\\\/\\\/resfoundation.org\\\/rs\\\/#organization\"},\"potentialAction\":[{\"@type\":\"SearchAction\",\"target\":{\"@type\":\"EntryPoint\",\"urlTemplate\":\"https:\\\/\\\/resfoundation.org\\\/rs\\\/?s={search_term_string}\"},\"query-input\":{\"@type\":\"PropertyValueSpecification\",\"valueRequired\":true,\"valueName\":\"search_term_string\"}}],\"inLanguage\":\"sr-RS\"},{\"@type\":\"Organization\",\"@id\":\"https:\\\/\\\/resfoundation.org\\\/rs\\\/#organization\",\"name\":\"RES fondacija\",\"url\":\"https:\\\/\\\/resfoundation.org\\\/rs\\\/\",\"logo\":{\"@type\":\"ImageObject\",\"inLanguage\":\"sr-RS\",\"@id\":\"https:\\\/\\\/resfoundation.org\\\/rs\\\/#\\\/schema\\\/logo\\\/image\\\/\",\"url\":\"https:\\\/\\\/resfoundation.org\\\/rs\\\/wp-content\\\/uploads\\\/2021\\\/03\\\/cropped-cropped-cropped-res-bez-ispisa.png\",\"contentUrl\":\"https:\\\/\\\/resfoundation.org\\\/rs\\\/wp-content\\\/uploads\\\/2021\\\/03\\\/cropped-cropped-cropped-res-bez-ispisa.png\",\"width\":512,\"height\":512,\"caption\":\"RES fondacija\"},\"image\":{\"@id\":\"https:\\\/\\\/resfoundation.org\\\/rs\\\/#\\\/schema\\\/logo\\\/image\\\/\"}},{\"@type\":\"Person\",\"@id\":\"https:\\\/\\\/resfoundation.org\\\/rs\\\/#\\\/schema\\\/person\\\/742e2bf0bb2a53a86ecf6c4ad424f2ec\",\"name\":\"Admin\",\"image\":{\"@type\":\"ImageObject\",\"inLanguage\":\"sr-RS\",\"@id\":\"https:\\\/\\\/secure.gravatar.com\\\/avatar\\\/a89f0bcfcafea886f55b948a23f20a40ba0a924a3f8e5494e130e069c504b756?s=96&d=mm&r=g\",\"url\":\"https:\\\/\\\/secure.gravatar.com\\\/avatar\\\/a89f0bcfcafea886f55b948a23f20a40ba0a924a3f8e5494e130e069c504b756?s=96&d=mm&r=g\",\"contentUrl\":\"https:\\\/\\\/secure.gravatar.com\\\/avatar\\\/a89f0bcfcafea886f55b948a23f20a40ba0a924a3f8e5494e130e069c504b756?s=96&d=mm&r=g\",\"caption\":\"Admin\"},\"sameAs\":[\"https:\\\/\\\/resfoundation.org\\\/rs\"],\"url\":\"https:\\\/\\\/resfoundation.org\\\/rs\\\/author\\\/zoricaresfoundation-org\\\/\"}]}<\/script>\n<!-- \/ Yoast SEO plugin. -->","yoast_head_json":{"title":"Programska direktorka RES fondacije Jasminka Young na UNECE Regionalnom forumu 2024 - RES fondacija","robots":{"index":"index","follow":"follow","max-snippet":"max-snippet:-1","max-image-preview":"max-image-preview:large","max-video-preview":"max-video-preview:-1"},"canonical":"https:\/\/resfoundation.org\/rs\/programska-direktorka-res-fondacije-jasminka-young-na-unece-regionalnom-forumu-2024\/","og_locale":"sr_RS","og_type":"article","og_title":"Programska direktorka RES fondacije Jasminka Young na UNECE Regionalnom forumu 2024 - RES fondacija","og_description":"Jedna od u\u010desnica ovogodi\u0161njeg Regionalnog foruma UNECE, koji je odr\u017ean od 13. i 14. marta u \u017denevi, bila je i na\u0161a suosniva\u010dica i programska direktorka Jasminka Young. Regionalni forum 2024. odr\u017ean je u vreme vi\u0161estrukih kriza. Kao priznanje za sna\u017enu afirmaciju Agende 2030 na Samitu o ciljevima odr\u017eivog razvoja, vlade i zainteresovane strane \u0161irom regiona [&hellip;]","og_url":"https:\/\/resfoundation.org\/rs\/programska-direktorka-res-fondacije-jasminka-young-na-unece-regionalnom-forumu-2024\/","og_site_name":"RES fondacija","article_published_time":"2024-03-14T08:22:00+00:00","article_modified_time":"2024-04-17T08:39:08+00:00","og_image":[{"width":1600,"height":1200,"url":"https:\/\/resfoundation.org\/rs\/wp-content\/uploads\/2024\/04\/IMG-20240416-WA0007.jpg","type":"image\/jpeg"}],"author":"Admin","twitter_card":"summary_large_image","twitter_misc":{"\u041d\u0430\u043f\u0438\u0441\u0430\u043d\u043e \u043e\u0434":"Admin","\u041f\u0440\u043e\u0446\u0435\u045a\u0435\u043d\u043e \u0432\u0440\u0435\u043c\u0435 \u0447\u0438\u0442\u0430\u045a\u0430":"4 \u043c\u0438\u043d\u0443\u0442\u0430"},"schema":{"@context":"https:\/\/schema.org","@graph":[{"@type":"Article","@id":"https:\/\/resfoundation.org\/rs\/programska-direktorka-res-fondacije-jasminka-young-na-unece-regionalnom-forumu-2024\/#article","isPartOf":{"@id":"https:\/\/resfoundation.org\/rs\/programska-direktorka-res-fondacije-jasminka-young-na-unece-regionalnom-forumu-2024\/"},"author":{"name":"Admin","@id":"https:\/\/resfoundation.org\/rs\/#\/schema\/person\/742e2bf0bb2a53a86ecf6c4ad424f2ec"},"headline":"Programska direktorka RES fondacije Jasminka Young na UNECE Regionalnom forumu 2024","datePublished":"2024-03-14T08:22:00+00:00","dateModified":"2024-04-17T08:39:08+00:00","mainEntityOfPage":{"@id":"https:\/\/resfoundation.org\/rs\/programska-direktorka-res-fondacije-jasminka-young-na-unece-regionalnom-forumu-2024\/"},"wordCount":451,"publisher":{"@id":"https:\/\/resfoundation.org\/rs\/#organization"},"image":{"@id":"https:\/\/resfoundation.org\/rs\/programska-direktorka-res-fondacije-jasminka-young-na-unece-regionalnom-forumu-2024\/#primaryimage"},"thumbnailUrl":"https:\/\/resfoundation.org\/rs\/wp-content\/uploads\/2024\/04\/IMG-20240416-WA0007.jpg","keywords":["EnergetskaTranzicija","KlimatskePromene"],"articleSection":["Doga\u0111aji"],"inLanguage":"sr-RS"},{"@type":"WebPage","@id":"https:\/\/resfoundation.org\/rs\/programska-direktorka-res-fondacije-jasminka-young-na-unece-regionalnom-forumu-2024\/","url":"https:\/\/resfoundation.org\/rs\/programska-direktorka-res-fondacije-jasminka-young-na-unece-regionalnom-forumu-2024\/","name":"Programska direktorka RES fondacije Jasminka Young na UNECE Regionalnom forumu 2024 - RES fondacija","isPartOf":{"@id":"https:\/\/resfoundation.org\/rs\/#website"},"primaryImageOfPage":{"@id":"https:\/\/resfoundation.org\/rs\/programska-direktorka-res-fondacije-jasminka-young-na-unece-regionalnom-forumu-2024\/#primaryimage"},"image":{"@id":"https:\/\/resfoundation.org\/rs\/programska-direktorka-res-fondacije-jasminka-young-na-unece-regionalnom-forumu-2024\/#primaryimage"},"thumbnailUrl":"https:\/\/resfoundation.org\/rs\/wp-content\/uploads\/2024\/04\/IMG-20240416-WA0007.jpg","datePublished":"2024-03-14T08:22:00+00:00","dateModified":"2024-04-17T08:39:08+00:00","breadcrumb":{"@id":"https:\/\/resfoundation.org\/rs\/programska-direktorka-res-fondacije-jasminka-young-na-unece-regionalnom-forumu-2024\/#breadcrumb"},"inLanguage":"sr-RS","potentialAction":[{"@type":"ReadAction","target":["https:\/\/resfoundation.org\/rs\/programska-direktorka-res-fondacije-jasminka-young-na-unece-regionalnom-forumu-2024\/"]}]},{"@type":"ImageObject","inLanguage":"sr-RS","@id":"https:\/\/resfoundation.org\/rs\/programska-direktorka-res-fondacije-jasminka-young-na-unece-regionalnom-forumu-2024\/#primaryimage","url":"https:\/\/resfoundation.org\/rs\/wp-content\/uploads\/2024\/04\/IMG-20240416-WA0007.jpg","contentUrl":"https:\/\/resfoundation.org\/rs\/wp-content\/uploads\/2024\/04\/IMG-20240416-WA0007.jpg","width":1600,"height":1200},{"@type":"BreadcrumbList","@id":"https:\/\/resfoundation.org\/rs\/programska-direktorka-res-fondacije-jasminka-young-na-unece-regionalnom-forumu-2024\/#breadcrumb","itemListElement":[{"@type":"ListItem","position":1,"name":"\u041f\u043e\u0447\u0435\u0442\u043d\u0430","item":"https:\/\/resfoundation.org\/rs\/"},{"@type":"ListItem","position":2,"name":"Programska direktorka RES fondacije Jasminka Young na UNECE Regionalnom forumu 2024"}]},{"@type":"WebSite","@id":"https:\/\/resfoundation.org\/rs\/#website","url":"https:\/\/resfoundation.org\/rs\/","name":"RES fondacija","description":"Partnerships for Resilience","publisher":{"@id":"https:\/\/resfoundation.org\/rs\/#organization"},"potentialAction":[{"@type":"SearchAction","target":{"@type":"EntryPoint","urlTemplate":"https:\/\/resfoundation.org\/rs\/?s={search_term_string}"},"query-input":{"@type":"PropertyValueSpecification","valueRequired":true,"valueName":"search_term_string"}}],"inLanguage":"sr-RS"},{"@type":"Organization","@id":"https:\/\/resfoundation.org\/rs\/#organization","name":"RES fondacija","url":"https:\/\/resfoundation.org\/rs\/","logo":{"@type":"ImageObject","inLanguage":"sr-RS","@id":"https:\/\/resfoundation.org\/rs\/#\/schema\/logo\/image\/","url":"https:\/\/resfoundation.org\/rs\/wp-content\/uploads\/2021\/03\/cropped-cropped-cropped-res-bez-ispisa.png","contentUrl":"https:\/\/resfoundation.org\/rs\/wp-content\/uploads\/2021\/03\/cropped-cropped-cropped-res-bez-ispisa.png","width":512,"height":512,"caption":"RES fondacija"},"image":{"@id":"https:\/\/resfoundation.org\/rs\/#\/schema\/logo\/image\/"}},{"@type":"Person","@id":"https:\/\/resfoundation.org\/rs\/#\/schema\/person\/742e2bf0bb2a53a86ecf6c4ad424f2ec","name":"Admin","image":{"@type":"ImageObject","inLanguage":"sr-RS","@id":"https:\/\/secure.gravatar.com\/avatar\/a89f0bcfcafea886f55b948a23f20a40ba0a924a3f8e5494e130e069c504b756?s=96&d=mm&r=g","url":"https:\/\/secure.gravatar.com\/avatar\/a89f0bcfcafea886f55b948a23f20a40ba0a924a3f8e5494e130e069c504b756?s=96&d=mm&r=g","contentUrl":"https:\/\/secure.gravatar.com\/avatar\/a89f0bcfcafea886f55b948a23f20a40ba0a924a3f8e5494e130e069c504b756?s=96&d=mm&r=g","caption":"Admin"},"sameAs":["https:\/\/resfoundation.org\/rs"],"url":"https:\/\/resfoundation.org\/rs\/author\/zoricaresfoundation-org\/"}]}},"_links":{"self":[{"href":"https:\/\/resfoundation.org\/rs\/wp-json\/wp\/v2\/posts\/4059","targetHints":{"allow":["GET"]}}],"collection":[{"href":"https:\/\/resfoundation.org\/rs\/wp-json\/wp\/v2\/posts"}],"about":[{"href":"https:\/\/resfoundation.org\/rs\/wp-json\/wp\/v2\/types\/post"}],"author":[{"embeddable":true,"href":"https:\/\/resfoundation.org\/rs\/wp-json\/wp\/v2\/users\/3"}],"replies":[{"embeddable":true,"href":"https:\/\/resfoundation.org\/rs\/wp-json\/wp\/v2\/comments?post=4059"}],"version-history":[{"count":5,"href":"https:\/\/resfoundation.org\/rs\/wp-json\/wp\/v2\/posts\/4059\/revisions"}],"predecessor-version":[{"id":4072,"href":"https:\/\/resfoundation.org\/rs\/wp-json\/wp\/v2\/posts\/4059\/revisions\/4072"}],"wp:featuredmedia":[{"embeddable":true,"href":"https:\/\/resfoundation.org\/rs\/wp-json\/wp\/v2\/media\/4063"}],"wp:attachment":[{"href":"https:\/\/resfoundation.org\/rs\/wp-json\/wp\/v2\/media?parent=4059"}],"wp:term":[{"taxonomy":"category","embeddable":true,"href":"https:\/\/resfoundation.org\/rs\/wp-json\/wp\/v2\/categories?post=4059"},{"taxonomy":"post_tag","embeddable":true,"href":"https:\/\/resfoundation.org\/rs\/wp-json\/wp\/v2\/tags?post=4059"}],"curies":[{"name":"wp","href":"https:\/\/api.w.org\/{rel}","templated":true}]}}