{"id":4082,"date":"2024-03-27T10:14:00","date_gmt":"2024-03-27T10:14:00","guid":{"rendered":"https:\/\/resfoundation.org\/rs\/?p=4082"},"modified":"2024-04-19T10:22:54","modified_gmt":"2024-04-19T10:22:54","slug":"programska-direktorka-res-fondacije-ucesnica-nacionalnog-dijaloga-o-pravednoj-zelenoj-tranziciji-i-energetskom-siromastvu-u-srbiji","status":"publish","type":"post","link":"https:\/\/resfoundation.org\/rs\/programska-direktorka-res-fondacije-ucesnica-nacionalnog-dijaloga-o-pravednoj-zelenoj-tranziciji-i-energetskom-siromastvu-u-srbiji\/","title":{"rendered":"Programska direktorka RES fondacije u\u010desnica Nacionalnog dijaloga o pravednoj zelenoj tranziciji i energetskom siroma\u0161tvu u Srbiji"},"content":{"rendered":"\t\t<div data-elementor-type=\"wp-post\" data-elementor-id=\"4082\" class=\"elementor elementor-4082\">\n\t\t\t\t\t\t<section class=\"elementor-section elementor-top-section elementor-element elementor-element-5c606ce9 elementor-section-boxed elementor-section-height-default elementor-section-height-default\" data-id=\"5c606ce9\" data-element_type=\"section\" data-e-type=\"section\">\n\t\t\t\t\t\t<div class=\"elementor-container elementor-column-gap-default\">\n\t\t\t\t\t<div class=\"elementor-column elementor-col-100 elementor-top-column elementor-element elementor-element-3eef91ab\" data-id=\"3eef91ab\" data-element_type=\"column\" data-e-type=\"column\">\n\t\t\t<div class=\"elementor-widget-wrap elementor-element-populated\">\n\t\t\t\t\t\t<div class=\"elementor-element elementor-element-6d891be2 elementor-widget elementor-widget-text-editor\" data-id=\"6d891be2\" data-element_type=\"widget\" data-e-type=\"widget\" data-widget_type=\"text-editor.default\">\n\t\t\t\t<div class=\"elementor-widget-container\">\n\t\t\t\t\t\t\t\t\t<div class=\"wp-block-image\">\n<figure class=\"aligncenter size-large\"><img fetchpriority=\"high\" decoding=\"async\" width=\"1024\" height=\"681\" class=\"wp-image-4086\" src=\"https:\/\/resfoundation.org\/rs\/wp-content\/uploads\/2024\/04\/DSC_8830-1024x681.jpg\" alt=\"\" srcset=\"https:\/\/resfoundation.org\/rs\/wp-content\/uploads\/2024\/04\/DSC_8830-1024x681.jpg 1024w, https:\/\/resfoundation.org\/rs\/wp-content\/uploads\/2024\/04\/DSC_8830-300x200.jpg 300w, https:\/\/resfoundation.org\/rs\/wp-content\/uploads\/2024\/04\/DSC_8830-768x511.jpg 768w, https:\/\/resfoundation.org\/rs\/wp-content\/uploads\/2024\/04\/DSC_8830.jpg 1500w\" sizes=\"(max-width: 1024px) 100vw, 1024px\" \/>\n<figcaption class=\"wp-element-caption\">Fotografije: UNDP Srbija<\/figcaption>\n<\/figure>\n<\/div>\n<p>Uz podr\u0161ku Vlade Japana, i u partnerstvu sa Ministarstvom za\u0161tite \u017eivotne sredine i Ministarstvom rudarstva i energetike, Program Ujedinjenih nacija za razvoj (UNDP) organizovao je 26. marta sedmi u nizu dijaloga o tome kako da zelena tranzicija privrede u Srbiji bude sprovedena na strate\u0161ki i pravedan na\u010din, koji uva\u017eava potrebe ljudi u sektorima i regionima koji se oslanjaju na intenzivno kori\u0161\u0107enje fosilnih goriva.<\/p>\n\n<p>Na drugom panelu, &#8222;Kako odgovoriti na energetsko siroma\u0161tvo?&#8220; u\u010destvovala je programska direktorka RES fondacije, Jasminka Young. Sagovornice ne panelu bile su Senida Tahirbegovi\u0107 iz Ministarstva rudarstva i energetike, Svetlana Drakul iz Odeljenja za za\u0161titu \u017eivotne sredine i odr\u017eivi razvoj Grada U\u017eica, Tanja Popovicki &#8211; ekspertkinja, Platforma za energetsku tranziciju, a panel je moderirala Ivana Maksi\u0107, konsultantkinja na projektu UNDP.<\/p>\n\n<p>Young je govorila o tome da li se postojec\u0301i nacionalni i EU mehanizmi podr\u0161ke mogu koristiti nepromenjeni za efikasno prepoznavanje onih koji su u opasnosti od ozbiljnih i negativnih posledica energetskog siroma\u0161tva i zaklju\u010dila da mora do\u0107i do promene pristupa i na\u010dina targetiranja kako bi se ovaj problem re\u0161io. Osnovna poruka je da je potrebno da se osmisle \u0161eme podr\u0161ke \u201cpo meri\u201c. Osvrnula se na potrebu da se identifikuje najugro\u017eenija lokalna populacija u saradnji s Centrima za socijalni rad i da im se pru\u017ei potpuna podr\u0161ka za promenu na\u010dina grejanja i izolaciju objekata u kojima \u017eive. Ova doma\u0107instva nemaju mogu\u0107nost da sama sufinansiraju i\/ili da pristupe komercijalnom novcu. Kona\u010dno, potrebno je fokusirati se i na dosledno sprovo\u0111enje Uredbe donesene u decembru 2024. koja kona\u010dno uvodi eko-dizajn standarde EU za \u0161porete, kao i Programa za za\u0161titu kvaliteta vazduha.<\/p>\n\n<p>Na doga\u0111aju su predstavljene i inovacije za pravednu zelenu tranziciju, koje su kompanije iz privatnog i javnog sektora sprovele \u0161irom Srbije uz finansijsku podr\u0161ku Vlade Japana. Zahvaljuju\u0107i ovim inovativnim re\u0161enjima, otvorena su 83 zelena radna mesta, a emisije CO<sub>2<\/sub>\u00a0bi\u0107e smanjene za 28.200 tona godi\u0161nje.<\/p>\n\n<p>U dijalogu su u\u010destvovali predstavnici i predstavnice ministarstava nadle\u017enih za energetiku, za\u0161titu \u017eivotne sredine, kao i predstavnici\/ce poslodavaca, reprezentativnih sindikata radnika\/ca, civilnog dru\u0161tva i me\u0111unarodnih organizacija.<\/p>\n\t\t\t\t\t\t\t\t<\/div>\n\t\t\t\t<\/div>\n\t\t\t\t\t<\/div>\n\t\t<\/div>\n\t\t\t\t\t<\/div>\n\t\t<\/section>\n\t\t\t\t<section class=\"elementor-section elementor-top-section elementor-element elementor-element-2e6d1cc elementor-section-boxed elementor-section-height-default elementor-section-height-default\" data-id=\"2e6d1cc\" data-element_type=\"section\" data-e-type=\"section\">\n\t\t\t\t\t\t<div class=\"elementor-container elementor-column-gap-default\">\n\t\t\t\t\t<div class=\"elementor-column elementor-col-100 elementor-top-column elementor-element elementor-element-b15f9a8\" data-id=\"b15f9a8\" data-element_type=\"column\" data-e-type=\"column\">\n\t\t\t<div class=\"elementor-widget-wrap elementor-element-populated\">\n\t\t\t\t\t\t<div class=\"elementor-element elementor-element-00e84e6 elementor-widget elementor-widget-image-gallery\" data-id=\"00e84e6\" data-element_type=\"widget\" data-e-type=\"widget\" data-widget_type=\"image-gallery.default\">\n\t\t\t\t<div class=\"elementor-widget-container\">\n\t\t\t\t\t\t\t<div class=\"elementor-image-gallery\">\n\t\t\t<div id='gallery-1' class='gallery galleryid-4082 gallery-columns-3 gallery-size-medium'><figure class='gallery-item'>\n\t\t\t<div class='gallery-icon landscape'>\n\t\t\t\t<a data-elementor-open-lightbox=\"yes\" data-elementor-lightbox-slideshow=\"00e84e6\" data-elementor-lightbox-title=\"DSC_8830\" data-e-action-hash=\"#elementor-action%3Aaction%3Dlightbox%26settings%3DeyJpZCI6NDA4NiwidXJsIjoiaHR0cHM6XC9cL3Jlc2ZvdW5kYXRpb24ub3JnXC9yc1wvd3AtY29udGVudFwvdXBsb2Fkc1wvMjAyNFwvMDRcL0RTQ184ODMwLmpwZyIsInNsaWRlc2hvdyI6IjAwZTg0ZTYifQ%3D%3D\" href='https:\/\/resfoundation.org\/rs\/wp-content\/uploads\/2024\/04\/DSC_8830.jpg'><img decoding=\"async\" width=\"300\" height=\"200\" src=\"https:\/\/resfoundation.org\/rs\/wp-content\/uploads\/2024\/04\/DSC_8830-300x200.jpg\" class=\"attachment-medium size-medium\" alt=\"\" srcset=\"https:\/\/resfoundation.org\/rs\/wp-content\/uploads\/2024\/04\/DSC_8830-300x200.jpg 300w, https:\/\/resfoundation.org\/rs\/wp-content\/uploads\/2024\/04\/DSC_8830-1024x681.jpg 1024w, https:\/\/resfoundation.org\/rs\/wp-content\/uploads\/2024\/04\/DSC_8830-768x511.jpg 768w, https:\/\/resfoundation.org\/rs\/wp-content\/uploads\/2024\/04\/DSC_8830.jpg 1500w\" sizes=\"(max-width: 300px) 100vw, 300px\" \/><\/a>\n\t\t\t<\/div><\/figure><figure class='gallery-item'>\n\t\t\t<div class='gallery-icon landscape'>\n\t\t\t\t<a data-elementor-open-lightbox=\"yes\" data-elementor-lightbox-slideshow=\"00e84e6\" data-elementor-lightbox-title=\"DSC_8836\" data-e-action-hash=\"#elementor-action%3Aaction%3Dlightbox%26settings%3DeyJpZCI6NDA4NSwidXJsIjoiaHR0cHM6XC9cL3Jlc2ZvdW5kYXRpb24ub3JnXC9yc1wvd3AtY29udGVudFwvdXBsb2Fkc1wvMjAyNFwvMDRcL0RTQ184ODM2LmpwZyIsInNsaWRlc2hvdyI6IjAwZTg0ZTYifQ%3D%3D\" href='https:\/\/resfoundation.org\/rs\/wp-content\/uploads\/2024\/04\/DSC_8836.jpg'><img decoding=\"async\" width=\"300\" height=\"200\" src=\"https:\/\/resfoundation.org\/rs\/wp-content\/uploads\/2024\/04\/DSC_8836-300x200.jpg\" class=\"attachment-medium size-medium\" alt=\"\" srcset=\"https:\/\/resfoundation.org\/rs\/wp-content\/uploads\/2024\/04\/DSC_8836-300x200.jpg 300w, https:\/\/resfoundation.org\/rs\/wp-content\/uploads\/2024\/04\/DSC_8836-1024x681.jpg 1024w, https:\/\/resfoundation.org\/rs\/wp-content\/uploads\/2024\/04\/DSC_8836-768x511.jpg 768w, https:\/\/resfoundation.org\/rs\/wp-content\/uploads\/2024\/04\/DSC_8836.jpg 1500w\" sizes=\"(max-width: 300px) 100vw, 300px\" \/><\/a>\n\t\t\t<\/div><\/figure><figure class='gallery-item'>\n\t\t\t<div class='gallery-icon landscape'>\n\t\t\t\t<a data-elementor-open-lightbox=\"yes\" data-elementor-lightbox-slideshow=\"00e84e6\" data-elementor-lightbox-title=\"DSC_8871\" data-e-action-hash=\"#elementor-action%3Aaction%3Dlightbox%26settings%3DeyJpZCI6NDA4NCwidXJsIjoiaHR0cHM6XC9cL3Jlc2ZvdW5kYXRpb24ub3JnXC9yc1wvd3AtY29udGVudFwvdXBsb2Fkc1wvMjAyNFwvMDRcL0RTQ184ODcxLmpwZyIsInNsaWRlc2hvdyI6IjAwZTg0ZTYifQ%3D%3D\" href='https:\/\/resfoundation.org\/rs\/wp-content\/uploads\/2024\/04\/DSC_8871.jpg'><img loading=\"lazy\" decoding=\"async\" width=\"300\" height=\"245\" src=\"https:\/\/resfoundation.org\/rs\/wp-content\/uploads\/2024\/04\/DSC_8871-300x245.jpg\" class=\"attachment-medium size-medium\" alt=\"\" srcset=\"https:\/\/resfoundation.org\/rs\/wp-content\/uploads\/2024\/04\/DSC_8871-300x245.jpg 300w, https:\/\/resfoundation.org\/rs\/wp-content\/uploads\/2024\/04\/DSC_8871-1024x837.jpg 1024w, https:\/\/resfoundation.org\/rs\/wp-content\/uploads\/2024\/04\/DSC_8871-768x628.jpg 768w, https:\/\/resfoundation.org\/rs\/wp-content\/uploads\/2024\/04\/DSC_8871.jpg 1142w\" sizes=\"(max-width: 300px) 100vw, 300px\" \/><\/a>\n\t\t\t<\/div><\/figure><figure class='gallery-item'>\n\t\t\t<div class='gallery-icon landscape'>\n\t\t\t\t<a data-elementor-open-lightbox=\"yes\" data-elementor-lightbox-slideshow=\"00e84e6\" data-elementor-lightbox-title=\"DSC_8873\" data-e-action-hash=\"#elementor-action%3Aaction%3Dlightbox%26settings%3DeyJpZCI6NDA4MywidXJsIjoiaHR0cHM6XC9cL3Jlc2ZvdW5kYXRpb24ub3JnXC9yc1wvd3AtY29udGVudFwvdXBsb2Fkc1wvMjAyNFwvMDRcL0RTQ184ODczLmpwZyIsInNsaWRlc2hvdyI6IjAwZTg0ZTYifQ%3D%3D\" href='https:\/\/resfoundation.org\/rs\/wp-content\/uploads\/2024\/04\/DSC_8873.jpg'><img loading=\"lazy\" decoding=\"async\" width=\"300\" height=\"243\" src=\"https:\/\/resfoundation.org\/rs\/wp-content\/uploads\/2024\/04\/DSC_8873-300x243.jpg\" class=\"attachment-medium size-medium\" alt=\"\" srcset=\"https:\/\/resfoundation.org\/rs\/wp-content\/uploads\/2024\/04\/DSC_8873-300x243.jpg 300w, https:\/\/resfoundation.org\/rs\/wp-content\/uploads\/2024\/04\/DSC_8873-1024x828.jpg 1024w, https:\/\/resfoundation.org\/rs\/wp-content\/uploads\/2024\/04\/DSC_8873-768x621.jpg 768w, https:\/\/resfoundation.org\/rs\/wp-content\/uploads\/2024\/04\/DSC_8873.jpg 1143w\" sizes=\"(max-width: 300px) 100vw, 300px\" \/><\/a>\n\t\t\t<\/div><\/figure><figure class='gallery-item'>\n\t\t\t<div class='gallery-icon landscape'>\n\t\t\t\t<a data-elementor-open-lightbox=\"yes\" data-elementor-lightbox-slideshow=\"00e84e6\" data-elementor-lightbox-title=\"DSC_8827\" data-e-action-hash=\"#elementor-action%3Aaction%3Dlightbox%26settings%3DeyJpZCI6NDA4NywidXJsIjoiaHR0cHM6XC9cL3Jlc2ZvdW5kYXRpb24ub3JnXC9yc1wvd3AtY29udGVudFwvdXBsb2Fkc1wvMjAyNFwvMDRcL0RTQ184ODI3LmpwZyIsInNsaWRlc2hvdyI6IjAwZTg0ZTYifQ%3D%3D\" href='https:\/\/resfoundation.org\/rs\/wp-content\/uploads\/2024\/04\/DSC_8827.jpg'><img loading=\"lazy\" decoding=\"async\" width=\"300\" height=\"200\" src=\"https:\/\/resfoundation.org\/rs\/wp-content\/uploads\/2024\/04\/DSC_8827-300x200.jpg\" class=\"attachment-medium size-medium\" alt=\"\" srcset=\"https:\/\/resfoundation.org\/rs\/wp-content\/uploads\/2024\/04\/DSC_8827-300x200.jpg 300w, https:\/\/resfoundation.org\/rs\/wp-content\/uploads\/2024\/04\/DSC_8827-1024x681.jpg 1024w, https:\/\/resfoundation.org\/rs\/wp-content\/uploads\/2024\/04\/DSC_8827-768x511.jpg 768w, https:\/\/resfoundation.org\/rs\/wp-content\/uploads\/2024\/04\/DSC_8827.jpg 1500w\" sizes=\"(max-width: 300px) 100vw, 300px\" \/><\/a>\n\t\t\t<\/div><\/figure>\n\t\t<\/div>\n\t\t<\/div>\n\t\t\t\t\t\t<\/div>\n\t\t\t\t<\/div>\n\t\t\t\t\t<\/div>\n\t\t<\/div>\n\t\t\t\t\t<\/div>\n\t\t<\/section>\n\t\t\t\t<\/div>\n\t\t","protected":false},"excerpt":{"rendered":"<p>Uz podr\u0161ku Vlade Japana, i u partnerstvu sa Ministarstvom za\u0161tite \u017eivotne sredine i Ministarstvom rudarstva i energetike, Program Ujedinjenih nacija za razvoj (UNDP) organizovao je 26. marta sedmi u nizu dijaloga o tome kako da zelena tranzicija privrede u Srbiji bude sprovedena na strate\u0161ki i pravedan na\u010din, koji uva\u017eava potrebe ljudi u sektorima i regionima [&hellip;]<\/p>\n","protected":false},"author":3,"featured_media":4086,"comment_status":"closed","ping_status":"closed","sticky":false,"template":"","format":"standard","meta":{"footnotes":""},"categories":[5],"tags":[19,21],"class_list":["post-4082","post","type-post","status-publish","format-standard","has-post-thumbnail","hentry","category-dogadjaji","tag-energetskatranzicija","tag-energetskosiromastvo"],"yoast_head":"<!-- This site is optimized with the Yoast SEO plugin v27.4 - https:\/\/yoast.com\/product\/yoast-seo-wordpress\/ -->\n<title>Programska direktorka RES fondacije u\u010desnica Nacionalnog dijaloga o pravednoj zelenoj tranziciji i energetskom siroma\u0161tvu u Srbiji - RES fondacija<\/title>\n<meta name=\"robots\" content=\"index, follow, max-snippet:-1, max-image-preview:large, max-video-preview:-1\" \/>\n<link rel=\"canonical\" href=\"https:\/\/resfoundation.org\/rs\/programska-direktorka-res-fondacije-ucesnica-nacionalnog-dijaloga-o-pravednoj-zelenoj-tranziciji-i-energetskom-siromastvu-u-srbiji\/\" \/>\n<meta property=\"og:locale\" content=\"sr_RS\" \/>\n<meta property=\"og:type\" content=\"article\" \/>\n<meta property=\"og:title\" content=\"Programska direktorka RES fondacije u\u010desnica Nacionalnog dijaloga o pravednoj zelenoj tranziciji i energetskom siroma\u0161tvu u Srbiji - RES fondacija\" \/>\n<meta property=\"og:description\" content=\"Uz podr\u0161ku Vlade Japana, i u partnerstvu sa Ministarstvom za\u0161tite \u017eivotne sredine i Ministarstvom rudarstva i energetike, Program Ujedinjenih nacija za razvoj (UNDP) organizovao je 26. marta sedmi u nizu dijaloga o tome kako da zelena tranzicija privrede u Srbiji bude sprovedena na strate\u0161ki i pravedan na\u010din, koji uva\u017eava potrebe ljudi u sektorima i regionima [&hellip;]\" \/>\n<meta property=\"og:url\" content=\"https:\/\/resfoundation.org\/rs\/programska-direktorka-res-fondacije-ucesnica-nacionalnog-dijaloga-o-pravednoj-zelenoj-tranziciji-i-energetskom-siromastvu-u-srbiji\/\" \/>\n<meta property=\"og:site_name\" content=\"RES fondacija\" \/>\n<meta property=\"article:published_time\" content=\"2024-03-27T10:14:00+00:00\" \/>\n<meta property=\"article:modified_time\" content=\"2024-04-19T10:22:54+00:00\" \/>\n<meta property=\"og:image\" content=\"https:\/\/resfoundation.org\/rs\/wp-content\/uploads\/2024\/04\/DSC_8830.jpg\" \/>\n\t<meta property=\"og:image:width\" content=\"1500\" \/>\n\t<meta property=\"og:image:height\" content=\"998\" \/>\n\t<meta property=\"og:image:type\" content=\"image\/jpeg\" \/>\n<meta name=\"author\" content=\"Admin\" \/>\n<meta name=\"twitter:card\" content=\"summary_large_image\" \/>\n<meta name=\"twitter:label1\" content=\"\u041d\u0430\u043f\u0438\u0441\u0430\u043d\u043e \u043e\u0434\" \/>\n\t<meta name=\"twitter:data1\" content=\"Admin\" \/>\n\t<meta name=\"twitter:label2\" content=\"\u041f\u0440\u043e\u0446\u0435\u045a\u0435\u043d\u043e \u0432\u0440\u0435\u043c\u0435 \u0447\u0438\u0442\u0430\u045a\u0430\" \/>\n\t<meta name=\"twitter:data2\" content=\"4 \u043c\u0438\u043d\u0443\u0442\u0430\" \/>\n<script type=\"application\/ld+json\" class=\"yoast-schema-graph\">{\"@context\":\"https:\\\/\\\/schema.org\",\"@graph\":[{\"@type\":\"Article\",\"@id\":\"https:\\\/\\\/resfoundation.org\\\/rs\\\/programska-direktorka-res-fondacije-ucesnica-nacionalnog-dijaloga-o-pravednoj-zelenoj-tranziciji-i-energetskom-siromastvu-u-srbiji\\\/#article\",\"isPartOf\":{\"@id\":\"https:\\\/\\\/resfoundation.org\\\/rs\\\/programska-direktorka-res-fondacije-ucesnica-nacionalnog-dijaloga-o-pravednoj-zelenoj-tranziciji-i-energetskom-siromastvu-u-srbiji\\\/\"},\"author\":{\"name\":\"Admin\",\"@id\":\"https:\\\/\\\/resfoundation.org\\\/rs\\\/#\\\/schema\\\/person\\\/742e2bf0bb2a53a86ecf6c4ad424f2ec\"},\"headline\":\"Programska direktorka RES fondacije u\u010desnica Nacionalnog dijaloga o pravednoj zelenoj tranziciji i energetskom siroma\u0161tvu u Srbiji\",\"datePublished\":\"2024-03-27T10:14:00+00:00\",\"dateModified\":\"2024-04-19T10:22:54+00:00\",\"mainEntityOfPage\":{\"@id\":\"https:\\\/\\\/resfoundation.org\\\/rs\\\/programska-direktorka-res-fondacije-ucesnica-nacionalnog-dijaloga-o-pravednoj-zelenoj-tranziciji-i-energetskom-siromastvu-u-srbiji\\\/\"},\"wordCount\":390,\"publisher\":{\"@id\":\"https:\\\/\\\/resfoundation.org\\\/rs\\\/#organization\"},\"image\":{\"@id\":\"https:\\\/\\\/resfoundation.org\\\/rs\\\/programska-direktorka-res-fondacije-ucesnica-nacionalnog-dijaloga-o-pravednoj-zelenoj-tranziciji-i-energetskom-siromastvu-u-srbiji\\\/#primaryimage\"},\"thumbnailUrl\":\"https:\\\/\\\/resfoundation.org\\\/rs\\\/wp-content\\\/uploads\\\/2024\\\/04\\\/DSC_8830.jpg\",\"keywords\":[\"EnergetskaTranzicija\",\"EnergetskoSiroma\u0161tvo\"],\"articleSection\":[\"Doga\u0111aji\"],\"inLanguage\":\"sr-RS\"},{\"@type\":\"WebPage\",\"@id\":\"https:\\\/\\\/resfoundation.org\\\/rs\\\/programska-direktorka-res-fondacije-ucesnica-nacionalnog-dijaloga-o-pravednoj-zelenoj-tranziciji-i-energetskom-siromastvu-u-srbiji\\\/\",\"url\":\"https:\\\/\\\/resfoundation.org\\\/rs\\\/programska-direktorka-res-fondacije-ucesnica-nacionalnog-dijaloga-o-pravednoj-zelenoj-tranziciji-i-energetskom-siromastvu-u-srbiji\\\/\",\"name\":\"Programska direktorka RES fondacije u\u010desnica Nacionalnog dijaloga o pravednoj zelenoj tranziciji i energetskom siroma\u0161tvu u Srbiji - RES fondacija\",\"isPartOf\":{\"@id\":\"https:\\\/\\\/resfoundation.org\\\/rs\\\/#website\"},\"primaryImageOfPage\":{\"@id\":\"https:\\\/\\\/resfoundation.org\\\/rs\\\/programska-direktorka-res-fondacije-ucesnica-nacionalnog-dijaloga-o-pravednoj-zelenoj-tranziciji-i-energetskom-siromastvu-u-srbiji\\\/#primaryimage\"},\"image\":{\"@id\":\"https:\\\/\\\/resfoundation.org\\\/rs\\\/programska-direktorka-res-fondacije-ucesnica-nacionalnog-dijaloga-o-pravednoj-zelenoj-tranziciji-i-energetskom-siromastvu-u-srbiji\\\/#primaryimage\"},\"thumbnailUrl\":\"https:\\\/\\\/resfoundation.org\\\/rs\\\/wp-content\\\/uploads\\\/2024\\\/04\\\/DSC_8830.jpg\",\"datePublished\":\"2024-03-27T10:14:00+00:00\",\"dateModified\":\"2024-04-19T10:22:54+00:00\",\"breadcrumb\":{\"@id\":\"https:\\\/\\\/resfoundation.org\\\/rs\\\/programska-direktorka-res-fondacije-ucesnica-nacionalnog-dijaloga-o-pravednoj-zelenoj-tranziciji-i-energetskom-siromastvu-u-srbiji\\\/#breadcrumb\"},\"inLanguage\":\"sr-RS\",\"potentialAction\":[{\"@type\":\"ReadAction\",\"target\":[\"https:\\\/\\\/resfoundation.org\\\/rs\\\/programska-direktorka-res-fondacije-ucesnica-nacionalnog-dijaloga-o-pravednoj-zelenoj-tranziciji-i-energetskom-siromastvu-u-srbiji\\\/\"]}]},{\"@type\":\"ImageObject\",\"inLanguage\":\"sr-RS\",\"@id\":\"https:\\\/\\\/resfoundation.org\\\/rs\\\/programska-direktorka-res-fondacije-ucesnica-nacionalnog-dijaloga-o-pravednoj-zelenoj-tranziciji-i-energetskom-siromastvu-u-srbiji\\\/#primaryimage\",\"url\":\"https:\\\/\\\/resfoundation.org\\\/rs\\\/wp-content\\\/uploads\\\/2024\\\/04\\\/DSC_8830.jpg\",\"contentUrl\":\"https:\\\/\\\/resfoundation.org\\\/rs\\\/wp-content\\\/uploads\\\/2024\\\/04\\\/DSC_8830.jpg\",\"width\":1500,\"height\":998},{\"@type\":\"BreadcrumbList\",\"@id\":\"https:\\\/\\\/resfoundation.org\\\/rs\\\/programska-direktorka-res-fondacije-ucesnica-nacionalnog-dijaloga-o-pravednoj-zelenoj-tranziciji-i-energetskom-siromastvu-u-srbiji\\\/#breadcrumb\",\"itemListElement\":[{\"@type\":\"ListItem\",\"position\":1,\"name\":\"\u041f\u043e\u0447\u0435\u0442\u043d\u0430\",\"item\":\"https:\\\/\\\/resfoundation.org\\\/rs\\\/\"},{\"@type\":\"ListItem\",\"position\":2,\"name\":\"Programska direktorka RES fondacije u\u010desnica Nacionalnog dijaloga o pravednoj zelenoj tranziciji i energetskom siroma\u0161tvu u Srbiji\"}]},{\"@type\":\"WebSite\",\"@id\":\"https:\\\/\\\/resfoundation.org\\\/rs\\\/#website\",\"url\":\"https:\\\/\\\/resfoundation.org\\\/rs\\\/\",\"name\":\"RES fondacija\",\"description\":\"Partnerships for Resilience\",\"publisher\":{\"@id\":\"https:\\\/\\\/resfoundation.org\\\/rs\\\/#organization\"},\"potentialAction\":[{\"@type\":\"SearchAction\",\"target\":{\"@type\":\"EntryPoint\",\"urlTemplate\":\"https:\\\/\\\/resfoundation.org\\\/rs\\\/?s={search_term_string}\"},\"query-input\":{\"@type\":\"PropertyValueSpecification\",\"valueRequired\":true,\"valueName\":\"search_term_string\"}}],\"inLanguage\":\"sr-RS\"},{\"@type\":\"Organization\",\"@id\":\"https:\\\/\\\/resfoundation.org\\\/rs\\\/#organization\",\"name\":\"RES fondacija\",\"url\":\"https:\\\/\\\/resfoundation.org\\\/rs\\\/\",\"logo\":{\"@type\":\"ImageObject\",\"inLanguage\":\"sr-RS\",\"@id\":\"https:\\\/\\\/resfoundation.org\\\/rs\\\/#\\\/schema\\\/logo\\\/image\\\/\",\"url\":\"https:\\\/\\\/resfoundation.org\\\/rs\\\/wp-content\\\/uploads\\\/2021\\\/03\\\/cropped-cropped-cropped-res-bez-ispisa.png\",\"contentUrl\":\"https:\\\/\\\/resfoundation.org\\\/rs\\\/wp-content\\\/uploads\\\/2021\\\/03\\\/cropped-cropped-cropped-res-bez-ispisa.png\",\"width\":512,\"height\":512,\"caption\":\"RES fondacija\"},\"image\":{\"@id\":\"https:\\\/\\\/resfoundation.org\\\/rs\\\/#\\\/schema\\\/logo\\\/image\\\/\"}},{\"@type\":\"Person\",\"@id\":\"https:\\\/\\\/resfoundation.org\\\/rs\\\/#\\\/schema\\\/person\\\/742e2bf0bb2a53a86ecf6c4ad424f2ec\",\"name\":\"Admin\",\"image\":{\"@type\":\"ImageObject\",\"inLanguage\":\"sr-RS\",\"@id\":\"https:\\\/\\\/secure.gravatar.com\\\/avatar\\\/a89f0bcfcafea886f55b948a23f20a40ba0a924a3f8e5494e130e069c504b756?s=96&d=mm&r=g\",\"url\":\"https:\\\/\\\/secure.gravatar.com\\\/avatar\\\/a89f0bcfcafea886f55b948a23f20a40ba0a924a3f8e5494e130e069c504b756?s=96&d=mm&r=g\",\"contentUrl\":\"https:\\\/\\\/secure.gravatar.com\\\/avatar\\\/a89f0bcfcafea886f55b948a23f20a40ba0a924a3f8e5494e130e069c504b756?s=96&d=mm&r=g\",\"caption\":\"Admin\"},\"sameAs\":[\"https:\\\/\\\/resfoundation.org\\\/rs\"],\"url\":\"https:\\\/\\\/resfoundation.org\\\/rs\\\/author\\\/zoricaresfoundation-org\\\/\"}]}<\/script>\n<!-- \/ Yoast SEO plugin. -->","yoast_head_json":{"title":"Programska direktorka RES fondacije u\u010desnica Nacionalnog dijaloga o pravednoj zelenoj tranziciji i energetskom siroma\u0161tvu u Srbiji - RES fondacija","robots":{"index":"index","follow":"follow","max-snippet":"max-snippet:-1","max-image-preview":"max-image-preview:large","max-video-preview":"max-video-preview:-1"},"canonical":"https:\/\/resfoundation.org\/rs\/programska-direktorka-res-fondacije-ucesnica-nacionalnog-dijaloga-o-pravednoj-zelenoj-tranziciji-i-energetskom-siromastvu-u-srbiji\/","og_locale":"sr_RS","og_type":"article","og_title":"Programska direktorka RES fondacije u\u010desnica Nacionalnog dijaloga o pravednoj zelenoj tranziciji i energetskom siroma\u0161tvu u Srbiji - RES fondacija","og_description":"Uz podr\u0161ku Vlade Japana, i u partnerstvu sa Ministarstvom za\u0161tite \u017eivotne sredine i Ministarstvom rudarstva i energetike, Program Ujedinjenih nacija za razvoj (UNDP) organizovao je 26. marta sedmi u nizu dijaloga o tome kako da zelena tranzicija privrede u Srbiji bude sprovedena na strate\u0161ki i pravedan na\u010din, koji uva\u017eava potrebe ljudi u sektorima i regionima [&hellip;]","og_url":"https:\/\/resfoundation.org\/rs\/programska-direktorka-res-fondacije-ucesnica-nacionalnog-dijaloga-o-pravednoj-zelenoj-tranziciji-i-energetskom-siromastvu-u-srbiji\/","og_site_name":"RES fondacija","article_published_time":"2024-03-27T10:14:00+00:00","article_modified_time":"2024-04-19T10:22:54+00:00","og_image":[{"width":1500,"height":998,"url":"https:\/\/resfoundation.org\/rs\/wp-content\/uploads\/2024\/04\/DSC_8830.jpg","type":"image\/jpeg"}],"author":"Admin","twitter_card":"summary_large_image","twitter_misc":{"\u041d\u0430\u043f\u0438\u0441\u0430\u043d\u043e \u043e\u0434":"Admin","\u041f\u0440\u043e\u0446\u0435\u045a\u0435\u043d\u043e \u0432\u0440\u0435\u043c\u0435 \u0447\u0438\u0442\u0430\u045a\u0430":"4 \u043c\u0438\u043d\u0443\u0442\u0430"},"schema":{"@context":"https:\/\/schema.org","@graph":[{"@type":"Article","@id":"https:\/\/resfoundation.org\/rs\/programska-direktorka-res-fondacije-ucesnica-nacionalnog-dijaloga-o-pravednoj-zelenoj-tranziciji-i-energetskom-siromastvu-u-srbiji\/#article","isPartOf":{"@id":"https:\/\/resfoundation.org\/rs\/programska-direktorka-res-fondacije-ucesnica-nacionalnog-dijaloga-o-pravednoj-zelenoj-tranziciji-i-energetskom-siromastvu-u-srbiji\/"},"author":{"name":"Admin","@id":"https:\/\/resfoundation.org\/rs\/#\/schema\/person\/742e2bf0bb2a53a86ecf6c4ad424f2ec"},"headline":"Programska direktorka RES fondacije u\u010desnica Nacionalnog dijaloga o pravednoj zelenoj tranziciji i energetskom siroma\u0161tvu u Srbiji","datePublished":"2024-03-27T10:14:00+00:00","dateModified":"2024-04-19T10:22:54+00:00","mainEntityOfPage":{"@id":"https:\/\/resfoundation.org\/rs\/programska-direktorka-res-fondacije-ucesnica-nacionalnog-dijaloga-o-pravednoj-zelenoj-tranziciji-i-energetskom-siromastvu-u-srbiji\/"},"wordCount":390,"publisher":{"@id":"https:\/\/resfoundation.org\/rs\/#organization"},"image":{"@id":"https:\/\/resfoundation.org\/rs\/programska-direktorka-res-fondacije-ucesnica-nacionalnog-dijaloga-o-pravednoj-zelenoj-tranziciji-i-energetskom-siromastvu-u-srbiji\/#primaryimage"},"thumbnailUrl":"https:\/\/resfoundation.org\/rs\/wp-content\/uploads\/2024\/04\/DSC_8830.jpg","keywords":["EnergetskaTranzicija","EnergetskoSiroma\u0161tvo"],"articleSection":["Doga\u0111aji"],"inLanguage":"sr-RS"},{"@type":"WebPage","@id":"https:\/\/resfoundation.org\/rs\/programska-direktorka-res-fondacije-ucesnica-nacionalnog-dijaloga-o-pravednoj-zelenoj-tranziciji-i-energetskom-siromastvu-u-srbiji\/","url":"https:\/\/resfoundation.org\/rs\/programska-direktorka-res-fondacije-ucesnica-nacionalnog-dijaloga-o-pravednoj-zelenoj-tranziciji-i-energetskom-siromastvu-u-srbiji\/","name":"Programska direktorka RES fondacije u\u010desnica Nacionalnog dijaloga o pravednoj zelenoj tranziciji i energetskom siroma\u0161tvu u Srbiji - RES fondacija","isPartOf":{"@id":"https:\/\/resfoundation.org\/rs\/#website"},"primaryImageOfPage":{"@id":"https:\/\/resfoundation.org\/rs\/programska-direktorka-res-fondacije-ucesnica-nacionalnog-dijaloga-o-pravednoj-zelenoj-tranziciji-i-energetskom-siromastvu-u-srbiji\/#primaryimage"},"image":{"@id":"https:\/\/resfoundation.org\/rs\/programska-direktorka-res-fondacije-ucesnica-nacionalnog-dijaloga-o-pravednoj-zelenoj-tranziciji-i-energetskom-siromastvu-u-srbiji\/#primaryimage"},"thumbnailUrl":"https:\/\/resfoundation.org\/rs\/wp-content\/uploads\/2024\/04\/DSC_8830.jpg","datePublished":"2024-03-27T10:14:00+00:00","dateModified":"2024-04-19T10:22:54+00:00","breadcrumb":{"@id":"https:\/\/resfoundation.org\/rs\/programska-direktorka-res-fondacije-ucesnica-nacionalnog-dijaloga-o-pravednoj-zelenoj-tranziciji-i-energetskom-siromastvu-u-srbiji\/#breadcrumb"},"inLanguage":"sr-RS","potentialAction":[{"@type":"ReadAction","target":["https:\/\/resfoundation.org\/rs\/programska-direktorka-res-fondacije-ucesnica-nacionalnog-dijaloga-o-pravednoj-zelenoj-tranziciji-i-energetskom-siromastvu-u-srbiji\/"]}]},{"@type":"ImageObject","inLanguage":"sr-RS","@id":"https:\/\/resfoundation.org\/rs\/programska-direktorka-res-fondacije-ucesnica-nacionalnog-dijaloga-o-pravednoj-zelenoj-tranziciji-i-energetskom-siromastvu-u-srbiji\/#primaryimage","url":"https:\/\/resfoundation.org\/rs\/wp-content\/uploads\/2024\/04\/DSC_8830.jpg","contentUrl":"https:\/\/resfoundation.org\/rs\/wp-content\/uploads\/2024\/04\/DSC_8830.jpg","width":1500,"height":998},{"@type":"BreadcrumbList","@id":"https:\/\/resfoundation.org\/rs\/programska-direktorka-res-fondacije-ucesnica-nacionalnog-dijaloga-o-pravednoj-zelenoj-tranziciji-i-energetskom-siromastvu-u-srbiji\/#breadcrumb","itemListElement":[{"@type":"ListItem","position":1,"name":"\u041f\u043e\u0447\u0435\u0442\u043d\u0430","item":"https:\/\/resfoundation.org\/rs\/"},{"@type":"ListItem","position":2,"name":"Programska direktorka RES fondacije u\u010desnica Nacionalnog dijaloga o pravednoj zelenoj tranziciji i energetskom siroma\u0161tvu u Srbiji"}]},{"@type":"WebSite","@id":"https:\/\/resfoundation.org\/rs\/#website","url":"https:\/\/resfoundation.org\/rs\/","name":"RES fondacija","description":"Partnerships for Resilience","publisher":{"@id":"https:\/\/resfoundation.org\/rs\/#organization"},"potentialAction":[{"@type":"SearchAction","target":{"@type":"EntryPoint","urlTemplate":"https:\/\/resfoundation.org\/rs\/?s={search_term_string}"},"query-input":{"@type":"PropertyValueSpecification","valueRequired":true,"valueName":"search_term_string"}}],"inLanguage":"sr-RS"},{"@type":"Organization","@id":"https:\/\/resfoundation.org\/rs\/#organization","name":"RES fondacija","url":"https:\/\/resfoundation.org\/rs\/","logo":{"@type":"ImageObject","inLanguage":"sr-RS","@id":"https:\/\/resfoundation.org\/rs\/#\/schema\/logo\/image\/","url":"https:\/\/resfoundation.org\/rs\/wp-content\/uploads\/2021\/03\/cropped-cropped-cropped-res-bez-ispisa.png","contentUrl":"https:\/\/resfoundation.org\/rs\/wp-content\/uploads\/2021\/03\/cropped-cropped-cropped-res-bez-ispisa.png","width":512,"height":512,"caption":"RES fondacija"},"image":{"@id":"https:\/\/resfoundation.org\/rs\/#\/schema\/logo\/image\/"}},{"@type":"Person","@id":"https:\/\/resfoundation.org\/rs\/#\/schema\/person\/742e2bf0bb2a53a86ecf6c4ad424f2ec","name":"Admin","image":{"@type":"ImageObject","inLanguage":"sr-RS","@id":"https:\/\/secure.gravatar.com\/avatar\/a89f0bcfcafea886f55b948a23f20a40ba0a924a3f8e5494e130e069c504b756?s=96&d=mm&r=g","url":"https:\/\/secure.gravatar.com\/avatar\/a89f0bcfcafea886f55b948a23f20a40ba0a924a3f8e5494e130e069c504b756?s=96&d=mm&r=g","contentUrl":"https:\/\/secure.gravatar.com\/avatar\/a89f0bcfcafea886f55b948a23f20a40ba0a924a3f8e5494e130e069c504b756?s=96&d=mm&r=g","caption":"Admin"},"sameAs":["https:\/\/resfoundation.org\/rs"],"url":"https:\/\/resfoundation.org\/rs\/author\/zoricaresfoundation-org\/"}]}},"_links":{"self":[{"href":"https:\/\/resfoundation.org\/rs\/wp-json\/wp\/v2\/posts\/4082","targetHints":{"allow":["GET"]}}],"collection":[{"href":"https:\/\/resfoundation.org\/rs\/wp-json\/wp\/v2\/posts"}],"about":[{"href":"https:\/\/resfoundation.org\/rs\/wp-json\/wp\/v2\/types\/post"}],"author":[{"embeddable":true,"href":"https:\/\/resfoundation.org\/rs\/wp-json\/wp\/v2\/users\/3"}],"replies":[{"embeddable":true,"href":"https:\/\/resfoundation.org\/rs\/wp-json\/wp\/v2\/comments?post=4082"}],"version-history":[{"count":8,"href":"https:\/\/resfoundation.org\/rs\/wp-json\/wp\/v2\/posts\/4082\/revisions"}],"predecessor-version":[{"id":4096,"href":"https:\/\/resfoundation.org\/rs\/wp-json\/wp\/v2\/posts\/4082\/revisions\/4096"}],"wp:featuredmedia":[{"embeddable":true,"href":"https:\/\/resfoundation.org\/rs\/wp-json\/wp\/v2\/media\/4086"}],"wp:attachment":[{"href":"https:\/\/resfoundation.org\/rs\/wp-json\/wp\/v2\/media?parent=4082"}],"wp:term":[{"taxonomy":"category","embeddable":true,"href":"https:\/\/resfoundation.org\/rs\/wp-json\/wp\/v2\/categories?post=4082"},{"taxonomy":"post_tag","embeddable":true,"href":"https:\/\/resfoundation.org\/rs\/wp-json\/wp\/v2\/tags?post=4082"}],"curies":[{"name":"wp","href":"https:\/\/api.w.org\/{rel}","templated":true}]}}