{"id":4121,"date":"2024-05-07T11:16:51","date_gmt":"2024-05-07T11:16:51","guid":{"rendered":"https:\/\/resfoundation.org\/rs\/?p=4121"},"modified":"2024-05-07T11:52:38","modified_gmt":"2024-05-07T11:52:38","slug":"macura-za-cord-magazine-pomazemo-bogatijima-umesto-siromasnima","status":"publish","type":"post","link":"https:\/\/resfoundation.org\/rs\/macura-za-cord-magazine-pomazemo-bogatijima-umesto-siromasnima\/","title":{"rendered":"Macura za Cord Magazine: Poma\u017eemo bogatijima, umesto siroma\u0161nima"},"content":{"rendered":"<div class=\"wp-block-image\">\n<figure class=\"aligncenter size-large\"><img fetchpriority=\"high\" decoding=\"async\" width=\"1024\" height=\"683\" src=\"https:\/\/resfoundation.org\/rs\/wp-content\/uploads\/2024\/05\/Aleksandar-Macura-1024x683.jpg\" alt=\"\" class=\"wp-image-4122\" srcset=\"https:\/\/resfoundation.org\/rs\/wp-content\/uploads\/2024\/05\/Aleksandar-Macura-1024x683.jpg 1024w, https:\/\/resfoundation.org\/rs\/wp-content\/uploads\/2024\/05\/Aleksandar-Macura-300x200.jpg 300w, https:\/\/resfoundation.org\/rs\/wp-content\/uploads\/2024\/05\/Aleksandar-Macura-768x512.jpg 768w, https:\/\/resfoundation.org\/rs\/wp-content\/uploads\/2024\/05\/Aleksandar-Macura.jpg 1200w\" sizes=\"(max-width: 1024px) 100vw, 1024px\" \/><figcaption class=\"wp-element-caption\"><em>Aleksandar Macura; fotografija: Cord Magazine<\/em><\/figcaption><\/figure>\n<\/div>\n\n\n<p class=\"wp-block-paragraph\"><em><a href=\"https:\/\/cordmagazine.com\/sr\/intervju\/aleksandar-macura-res-foundation-pomazemo-bogatijima-umesto-siromasnima\/\" target=\"_blank\" rel=\"noreferrer noopener\">Izvor: Cord Magazine<\/a><\/em><\/p>\n\n\n\n<h4 class=\"wp-block-heading\"><strong><em>\u010cini se da sada\u0161nji programi podsticaja za podizanje energetske efikasnosti potpuno proma\u0161uju najsiroma\u0161nije gra\u0111ane i koriste onim grupama stanovnika koji bi u najve\u0107oj meri mogli sami da priu\u0161te takve investicije<\/em><\/strong><\/h4>\n\n\n\n<p class=\"wp-block-paragraph\">U Srbiji smo preduzeli neke korake koji vode ka uvo\u0111enju energetske efikasnosti, ali nam izazovi tek predstoje, ka\u017ee Aleksandar Macura,&nbsp; suosniva\u010d i programski direktor za energetiku RES Fondacije. U ovom intervjuu on govori o nekima od njih, od nedostatka dobre analize i planiranja do pogre\u0161no podstavljenih podsticaja za energetsku tranziciju doma\u0107instava.<\/p>\n\n\n\n<p class=\"wp-block-paragraph\"><strong>Sa kojim izazovima se Srbija suo\u010dava u energetskoj diversifikaciji i ozelenjavanju u regionu i koliko uspe\u0161no sa njima izlazi na kraj?<\/strong><\/p>\n\n\n\n<p class=\"wp-block-paragraph\">Srbija se kao i sve druge zemlje suo\u010dava sa pitanjem kako da obezbedi sigurno, priu\u0161tivo, konkurentno i odr\u017eivo snabdevanje energijom. Pod odr\u017eivo\u0161\u0107u se ve\u0107 dugo vremena podrazumeva i takozvana dekarbonizacija: prestanak emitovanja gasova sa efektom staklene ba\u0161te.<\/p>\n\n\n<div class=\"wp-block-image\">\n<figure class=\"alignleft\"><a href=\"https:\/\/cordmagazine.com\/wp-content\/uploads\/2024\/05\/Aleksandar-Macura-1.jpg\"><img decoding=\"async\" src=\"https:\/\/cordmagazine.com\/wp-content\/uploads\/2024\/05\/Aleksandar-Macura-1-399x600.jpg\" alt=\"\" class=\"wp-image-229391\"\/><\/a><\/figure>\n<\/div>\n\n\n<p class=\"wp-block-paragraph\">Mi smo svedoci da smo u toku pro\u0161le nedelje pozdravili pu\u0161tanje u probni rad postrojenja za odsumporavanje u termoelektrani Nikola Tesla \u010dime po\u010dinjemo da ispunjavamo obavezu da prestanemo da trujemo gra\u0111ane. Rok za potpuno ispunjenje ove obaveze koji smo imali je istekao pre vi\u0161e od 6 godina a na\u010din na koji smanjujemo emisije sumpor dioksida dovodi do pove\u0107anja emisija ugljen dioksida. Ovim du\u017eim opisom sam \u017eeleo da uka\u017eem da su izazovi za koje pitate jako slo\u017eeni i da mi kasno i jo\u0161 uvek nedovoljno dobro odgovaramo na njih. Neke korake smo preduzeli, izgradnja odre\u0111enih objekata koji koriste energiju vetra i sunca je u toku, o nekim razvojima sam i ja pisao za va\u0161a izdanja. Pravi izazovi su tek pred nama.<\/p>\n\n\n\n<p class=\"wp-block-paragraph\"><strong>\u0160ta bi Srbija postigla na planu prelaska sa fosilnih goriva na druge izvore energije ukoliko bi se opredelila za izgradnju nuklearke i koliko je to izvodljivo?<\/strong><\/p>\n\n\n\n<p class=\"wp-block-paragraph\">Ovo pitanje tako\u0111e ukazuje na strahovitu slo\u017eenost izazova iz prvog pitanja. Nuklearna energija nosi zna\u010dajne rizike ali donosi i mnogobrojne koristi. Mi trenutno nemamo kapacitete koji su neophodni da se izgradi nuklearna elektrana ili da se njome upravlja. Moje li\u010dno mi\u0161ljenje je da sa ovakvim stanjem profesionalne, pravne i politi\u010dke odgovornosti kakvo je trenutno u na\u0161em dru\u0161tvu mi ne bismo smeli da se upu\u0161tamo u takve rizike. Sa druge strane takvo stanje u dru\u0161tvu onemogu\u0107ava kvalitetne procese planiranja. Nadajmo se da \u0107e ishodi na\u0161ih planova biti\u00a0u najgorem slu\u010daju umereno opasni.<\/p>\n\n\n\n<p class=\"wp-block-paragraph\"><strong>\u0160ta su za Srbiju najisplativiji modeli energetske tranzicije? Koliko koristimo izvore kao \u0161to je biomasa na primer?<\/strong><\/p>\n\n\n\n<p class=\"wp-block-paragraph\">Ne bih znao da ka\u017eem \u0161ta je za Srbiju najisplativiji model energetske tranzicije, ali bih voleo da vidim organizovanije poku\u0161aje da na to pitanje odgovorimo. Iz razloga koje sam pomenuo u odgovoru na prethodno pitanje nisam siguran kada \u0107emo videti te poku\u0161aje. Biomasa je resurs koji koristimo u ogromnim koli\u010dinama na u\u017easno neefikasan na\u010din. Ovu \u010dinjenicu ignori\u0161emo u potpunosti u planskim procesima.<\/p>\n\n\n\n<blockquote class=\"wp-block-quote is-layout-flow wp-block-quote-is-layout-flow\">\n<p class=\"wp-block-paragraph\">RES fondacija \u0107e sa velikim zanimanjem i pa\u017enjom da isprati kako su lokalne samouprave po Srbiji odlu\u010dile da se pona\u0161aju prema siroma\u0161nijim gra\u0111anima koriste\u0107i pare poreskih obveznika i za\u0161to ba\u0161 tako<\/p>\n<\/blockquote>\n\n\n\n<p class=\"wp-block-paragraph\">Energent koji ima najve\u0107i udeo u potro\u0161nji doma\u0107instava u Srbiji je biomasa. Srbija ima velike povr\u0161ine pod marginalnim i niskokvalitetnim zemlji\u0161tem na kome se mo\u017ee gajiti biomasa. Srbija ima ogromne povr\u0161ine pod lo\u0161im \u0161umama uklju\u010duju\u0107i i povr\u0161ine pod lo\u0161im \u0161umama na dobrom zemlji\u0161tu. Srbija nema razvojni ni prostorni plan a ima nizak nivo profesionalne, politi\u010dke i pravne odgovornosti. Da je situacija druga\u010dija uveren sam da bi Srbija bila jedna od zemalja u kojoj bi biomasa imala zna\u010dajniju ulogu u procesu energetske tranzicije.<\/p>\n\n\n\n<p class=\"wp-block-paragraph\"><strong>Koliko je tema zelene tranzicije prisutna u poslovnom sektoru u Srbiji?<\/strong><\/p>\n\n\n\n<p class=\"wp-block-paragraph\">Kako nisam poslovni \u010dovek mogu samo da sudim posredno o de\u0161avanjima u poslovnom sektoru. Moj je utisak da je tema postala veoma \u017eiva u poslovnom sektoru. Uzroci su verovatno u najavi uvo\u0111enja prekograni\u010dne takse na ugljenik, uticaju lanaca snabdevanja koji zavr\u0161avaju u Evropi, visokim cenama energije ali i sve boljem razumevanju i znanju o postojanju odgovaraju\u0107ih tehnolo\u0161kih re\u0161enja.<\/p>\n\n\n\n<p class=\"wp-block-paragraph\"><strong>Da li su podsticaji za gra\u0111ane za postizanje energetske efikasnosti (obnova fasada, zamena prozora, prelazak na kori\u0161\u0107enje obnovljivih izvra energije) dobro postavljeni\u00a0ili izazivaju dalju socijalnu podelu?\u00a0<\/strong><\/p>\n\n\n\n<p class=\"wp-block-paragraph\">Ovim pitanjima \u0107e se RES fondacija intenzivno baviti u 2024. godini. Nadamo se prilici da svoje nalaze podelimo sa vama i sa zainteresovanom javno\u0161\u0107u. Republika Srbija se zadu\u017eila kod Svetske banke i sprema zadu\u017eenje kod Evropske banke za obnovu i razvoj radi investiranja javnih sredstava u unapre\u0111enje energetske efikasnosti doma\u0107instava. Pored ovih sredstava u istu svrhu se ula\u017eu i druga javna sredstva iz bud\u017eeta lokalnih samouprava. U jednom slu\u010daju se za u\u010de\u0161\u0107e tra\u017ei sufinansiranje u iznosu od 50%\u00a0 (u slu\u010daju kredita uzetog od Svetske banke) a o drugoj \u0161emi\u00a0(kredit u najavi od Evropske banke za obnovu i razvoj) za sada samo znamo da \u0107e njeni korisnici biti oni na\u0161i sugra\u0111ani koji \u017eive u vi\u0161e porodi\u010dnim stambenim zgradama priklju\u010denim na sistem daljinskog grejanja u jednoj od 16 lokalnih samouprava u Republici Srbiji. Ako smo dobro razumeli najave ovog drugog programa i njegovi korisnici \u0107e se radovati besplatnoj polovini sredstava za unapre\u0111enje energetske efikasnosti svojih objekata i omogu\u0107avanje prelaska na naplatu daljinskog grejanja po potro\u0161nji. Ovu radost \u0107e im omogu\u0107iti svi sada\u0161nji, a naro\u010dito budu\u0107i poreski obveznici. <\/p>\n\n\n\n<p class=\"wp-block-paragraph\">Iako \u0107emo rezultate detaljnije analize imati kasnije u toku godine nije te\u0161ko razumeti da oba ova programa, za sada,\u00a0potpuno proma\u0161uju najsiroma\u0161nije gra\u0111ane i koriste upravo onim grupama koje bi u najve\u0107oj meri mogle same da priu\u0161te takve investicije. U novom javnom pozivu lokalnim samoupravama kroz projekat \u201e\u010cista energija i energetska efikasnost za gra\u0111ane\u201c\u00a0ostavljena je mogu\u0107nost da op\u0161tine i gradovi koji ba\u0161 vole da poma\u017eu siroma\u0161nijim gra\u0111anima mogu deo sredstava da odvoje i za njih, bez ikakve obaveze da to i u\u010dine. RES fondacija \u0107e sa velikim zanimanjem i pa\u017enjom da isprati kako su lokalne samouprave po Srbiji odlu\u010dile da se pona\u0161aju prema siroma\u0161nijim gra\u0111anima koriste\u0107i na\u0161e pare i za\u0161to ba\u0161 tako.<\/p>\n\n\n\n<figure class=\"wp-block-table\"><table><tbody><tr><th><strong>POMAK<\/strong><br>Nedavno je u probni rad pu\u0161teno postrojenja za odsumporavanje u termoelektrani Nikola Tesla \u010dime po\u010dinjemo da ispunjavamo obavezu da prestanemo da trujemo gra\u0111ane.<\/th><th><strong>UPOZORENJE<\/strong><br>Sa ovakvim stanjem profesionalne, pravne i politi\u010dke odgovornosti kakvo je trenutno u na\u0161em dru\u0161tvu mi ne bismo smeli da se upu\u0161tamo u izgradnju nuklearke<\/th><th><strong>RESURSI<\/strong><br>Da imamo odgovorno planiranje uveren sam da bi Srbija bila jedna od zemalja u kojoj bi biomasa imala zna\u010dajniju ulogu u procesu energetske tranzicije.<\/th><\/tr><\/tbody><\/table><\/figure>\n\n\n\n<p class=\"wp-block-paragraph\">Pogledajte specijalno izdanje Cord Magazina <a href=\"https:\/\/cordmagazine.com\/special-editions\/green-serbia-2024\/\" target=\"_blank\" rel=\"noreferrer noopener\">Green Serbia 2024<\/a>.<\/p>\n","protected":false},"excerpt":{"rendered":"<p>Izvor: Cord Magazine \u010cini se da sada\u0161nji programi podsticaja za podizanje energetske efikasnosti potpuno proma\u0161uju najsiroma\u0161nije gra\u0111ane i koriste onim grupama stanovnika koji bi u najve\u0107oj meri mogli sami da priu\u0161te takve investicije U Srbiji smo preduzeli neke korake koji vode ka uvo\u0111enju energetske efikasnosti, ali nam izazovi tek predstoje, ka\u017ee Aleksandar Macura,&nbsp; suosniva\u010d i [&hellip;]<\/p>\n","protected":false},"author":3,"featured_media":4122,"comment_status":"closed","ping_status":"closed","sticky":false,"template":"","format":"standard","meta":{"footnotes":""},"categories":[4],"tags":[19,21],"class_list":["post-4121","post","type-post","status-publish","format-standard","has-post-thumbnail","hentry","category-inmediasres","tag-energetskatranzicija","tag-energetskosiromastvo"],"_links":{"self":[{"href":"https:\/\/resfoundation.org\/rs\/wp-json\/wp\/v2\/posts\/4121","targetHints":{"allow":["GET"]}}],"collection":[{"href":"https:\/\/resfoundation.org\/rs\/wp-json\/wp\/v2\/posts"}],"about":[{"href":"https:\/\/resfoundation.org\/rs\/wp-json\/wp\/v2\/types\/post"}],"author":[{"embeddable":true,"href":"https:\/\/resfoundation.org\/rs\/wp-json\/wp\/v2\/users\/3"}],"replies":[{"embeddable":true,"href":"https:\/\/resfoundation.org\/rs\/wp-json\/wp\/v2\/comments?post=4121"}],"version-history":[{"count":4,"href":"https:\/\/resfoundation.org\/rs\/wp-json\/wp\/v2\/posts\/4121\/revisions"}],"predecessor-version":[{"id":4128,"href":"https:\/\/resfoundation.org\/rs\/wp-json\/wp\/v2\/posts\/4121\/revisions\/4128"}],"wp:featuredmedia":[{"embeddable":true,"href":"https:\/\/resfoundation.org\/rs\/wp-json\/wp\/v2\/media\/4122"}],"wp:attachment":[{"href":"https:\/\/resfoundation.org\/rs\/wp-json\/wp\/v2\/media?parent=4121"}],"wp:term":[{"taxonomy":"category","embeddable":true,"href":"https:\/\/resfoundation.org\/rs\/wp-json\/wp\/v2\/categories?post=4121"},{"taxonomy":"post_tag","embeddable":true,"href":"https:\/\/resfoundation.org\/rs\/wp-json\/wp\/v2\/tags?post=4121"}],"curies":[{"name":"wp","href":"https:\/\/api.w.org\/{rel}","templated":true}]}}