{"id":4790,"date":"2025-02-05T23:13:15","date_gmt":"2025-02-05T23:13:15","guid":{"rendered":"https:\/\/resfoundation.org\/rs\/?p=4790"},"modified":"2025-02-05T23:47:19","modified_gmt":"2025-02-05T23:47:19","slug":"cija-je-energetska-efikasnost-slucaj-daljinske-pomoci-daljinskom-grejanju","status":"publish","type":"post","link":"https:\/\/resfoundation.org\/rs\/cija-je-energetska-efikasnost-slucaj-daljinske-pomoci-daljinskom-grejanju\/","title":{"rendered":"\u010cija je energetska efikasnost &#8211; Slu\u010daj daljinske pomo\u0107i daljinskom grejanju"},"content":{"rendered":"<div class=\"wp-block-image\">\n<figure class=\"aligncenter size-full\"><img fetchpriority=\"high\" decoding=\"async\" width=\"663\" height=\"634\" src=\"https:\/\/resfoundation.org\/rs\/wp-content\/uploads\/2025\/02\/cija-je-ee-naslovna-1.png\" alt=\"\" class=\"wp-image-4793\" srcset=\"https:\/\/resfoundation.org\/rs\/wp-content\/uploads\/2025\/02\/cija-je-ee-naslovna-1.png 663w, https:\/\/resfoundation.org\/rs\/wp-content\/uploads\/2025\/02\/cija-je-ee-naslovna-1-300x287.png 300w\" sizes=\"(max-width: 663px) 100vw, 663px\" \/><\/figure>\n<\/div>\n\n\n<p class=\"wp-block-paragraph\">Poreski obveznici Republike Srbije i poreski obveznici zemalja koje pru\u017eaju Republici Srbiji me\u0111unarodnu pomo\u0107 \u0107e sufinansirati sa 65 miliona evra energetsku sanaciju stambenih zgrada priklju\u010denih na sisteme daljinskog grejanja u 14 lokalnih samouprava u Republici Srbiji<sup data-fn=\"7d15d362-600a-46ef-9ba3-ac109e269650\" class=\"fn\"><a id=\"7d15d362-600a-46ef-9ba3-ac109e269650-link\" href=\"#7d15d362-600a-46ef-9ba3-ac109e269650\">1<\/a><\/sup>. Potro\u0161nja toplotne energije u doma\u0107instvima u sistemima daljinskog grejanja je u 2022.godini predstavljala manje od 4% ukupne finalne potro\u0161nje energije i ne\u0161to vi\u0161e od 11% finalne potro\u0161nje energije u doma\u0107instvima.<\/p>\n\n\n\n<p class=\"wp-block-paragraph\">73% svih stambenih zajednica koje su iskazale interesovanje da u\u010destvuju u projektu nalaze se u Beogradu i Novom Sadu. Ovaj udeo odgovara udelu korisnika usluge daljinskog grejanja u ovim gradovima u ukupnom broju svih korisnika ove usluge u Republici Srbiji.<\/p>\n\n\n\n<p class=\"wp-block-paragraph\">Vrednost nekretnina u 271 stambenoj zajednici u Beogradu koje su se prijavile da budu korisnici ove velikodu\u0161ne pomo\u0107i iznosi gotovo 1.5 milijardi evra<sup data-fn=\"9f823c84-86ac-48c4-99e9-979120e5ce03\" class=\"fn\"><a id=\"9f823c84-86ac-48c4-99e9-979120e5ce03-link\" href=\"#9f823c84-86ac-48c4-99e9-979120e5ce03\">2<\/a><\/sup>. Ove stambene zajednice se nalaze u gradu u kome preduze\u0107e koje obavlja uslugu daljinskog grejanja jo\u0161 uvek nema licencu za obavljanje delatnosti proizvodnje toplotne energije<sup data-fn=\"29c90454-a2a1-426b-9bd1-5861d3821191\" class=\"fn\"><a id=\"29c90454-a2a1-426b-9bd1-5861d3821191-link\" href=\"#29c90454-a2a1-426b-9bd1-5861d3821191\">3<\/a><\/sup>, a proizvodna postrojenja ovog preduze\u0107a nemaju integrisane dozvole<sup data-fn=\"5cface08-38b4-453d-82fc-45580e45d569\" class=\"fn\"><a id=\"5cface08-38b4-453d-82fc-45580e45d569-link\" href=\"#5cface08-38b4-453d-82fc-45580e45d569\">4<\/a><\/sup>. Ovo preduze\u0107e ne sprovodi naplatu toplotne energije po utro\u0161ku ni vi\u0161e od 10 godina nakon stupanja na snagu zakonske obaveze<sup data-fn=\"7365153f-9f2a-4e1d-bd12-ff26699bd750\" class=\"fn\"><a id=\"7365153f-9f2a-4e1d-bd12-ff26699bd750-link\" href=\"#7365153f-9f2a-4e1d-bd12-ff26699bd750\">5<\/a><\/sup>. Ostvaruju\u0107i profit ne ispunjava zakonske odredbe vezane za cenu toplotne energije<sup data-fn=\"e6299dc2-6504-454f-b80b-f091a49526f2\" class=\"fn\"><a id=\"e6299dc2-6504-454f-b80b-f091a49526f2-link\" href=\"#e6299dc2-6504-454f-b80b-f091a49526f2\">6<\/a><\/sup>. Posmatraju\u0107i spisak stambenih zajednica koje su se prijavile za projekat u Gradu Beogradu i posmatraju\u0107i prose\u010dnu potro\u0161nju toplotne energije po jedinici priklju\u010dene povr\u0161ine sti\u010demo utisak da prose\u010dna potro\u0161nja obuhva\u0107enih stambenih zajednica nije ve\u0107a od prose\u010dne potro\u0161nje<sup data-fn=\"b4f32651-6d51-4d9c-a460-1364499a4f51\" class=\"fn\"><a id=\"b4f32651-6d51-4d9c-a460-1364499a4f51-link\" href=\"#b4f32651-6d51-4d9c-a460-1364499a4f51\">7<\/a><\/sup>.<\/p>\n\n\n\n<p class=\"wp-block-paragraph\">Javni (ili privatni) ESCO predstavlja model kojim se mogu prevazi\u0107i zna\u010dajne prepreke za unapre\u0111enje energetske efikasnosti i mo\u017ee pomo\u0107i da se naro\u010dito efikasno prevazi\u0111u prepreke za unapre\u0111ene energetske efikasnosti vi\u0161eporodi\u010dnih stambenih zgrada kao \u0161to smo ve\u0107 imali prilike da vidimo u Republici Srbiji<sup data-fn=\"6721f9be-aa26-4bd6-aa8a-9694ec414aa2\" class=\"fn\"><a id=\"6721f9be-aa26-4bd6-aa8a-9694ec414aa2-link\" href=\"#6721f9be-aa26-4bd6-aa8a-9694ec414aa2\">8<\/a><\/sup>.<\/p>\n\n\n\n<p class=\"wp-block-paragraph\">Podr\u0161ka dobrostoje\u0107im gra\u0111anima da unaprede energetsku efikasnost usluge \u010diji je udeo u ukupnoj finalnoj potro\u0161nji energije mali i koja se odvija na na\u010din koji ne predstavlja dobru globalnu praksu nije ni najefikasniji ni najpo\u0161teniji na\u010din da se pristupi tro\u0161enju javnog novca za ostvarivanje energetske efikasnosti kao javnog dobra.<\/p>\n\n\n\n<p class=\"wp-block-paragraph\">Ukoliko se ne odustane od sprovo\u0111enja ove aktivnosti na zami\u0161ljen na\u010din nadamo se prilici da svi zajedno razumemo kako su se stekle politi\u010dke volje lokalnih samouprava, Republike Srbije, Evropske Unije i drugih \u010dinilaca oko ovako osmi\u0161ljene intervencije. To je naro\u010dito va\u017eno za budu\u0107e kreatore javnih politika dobre energije u novom srpskom dru\u0161tvu. Jer \u201etko ne pamti iznova pro\u017eivljava\u201c<sup data-fn=\"7f196996-bda5-4e0a-a76c-4f6102299db3\" class=\"fn\"><a id=\"7f196996-bda5-4e0a-a76c-4f6102299db3-link\" href=\"#7f196996-bda5-4e0a-a76c-4f6102299db3\">9<\/a><\/sup>.<\/p>\n\n\n\n<p class=\"wp-block-paragraph\">\u010citajte izve\u0161taj:<\/p>\n\n\n\n<p class=\"wp-block-paragraph\"><a href=\"https:\/\/resfoundation.org\/rs\/wp-content\/uploads\/2025\/02\/Daljinsko_grejanje_updated.pdf\" target=\"_blank\" rel=\"noreferrer noopener\"><strong>\u010cija je energetska efikasnost &#8211; Slu\u010daj daljinske pomo\u0107i daljinskom grejanju<\/strong><\/a><\/p>\n\n\n\n<p class=\"wp-block-paragraph\"><\/p>\n\n\n\n<p class=\"wp-block-paragraph\">_______________________________________________<br><\/p>\n\n\n<ol class=\"wp-block-footnotes\"><li id=\"7d15d362-600a-46ef-9ba3-ac109e269650\"><a href=\"https:\/\/www.mre.gov.rs\/tekst\/2437\/projekat-energetska-sanacija-stambenih-vise-porodicnih-zgrada-prikljucenih-na-sistem-daljinskoggrejanja-javni-esco-projekat-.php\">https:\/\/www.mre.gov.rs\/tekst\/2437\/projekat-energetska-sanacija-stambenih-vise-porodicnih-zgrada-prikljucenih-na-sistem-daljinskoggrejanja-javni-esco-projekat-.php<\/a> <a href=\"#7d15d362-600a-46ef-9ba3-ac109e269650-link\" aria-label=\"\u0421\u043a\u043e\u0447\u0438 \u043d\u0430 \u0444\u0443\u0441\u043d\u043e\u0442\u0443 1\">\u21a9\ufe0e<\/a><\/li><li id=\"9f823c84-86ac-48c4-99e9-979120e5ce03\">Prema cenama ostvarenim na tr\u017ei\u0161tu u 2023. godini <a href=\"#9f823c84-86ac-48c4-99e9-979120e5ce03-link\" aria-label=\"\u0421\u043a\u043e\u0447\u0438 \u043d\u0430 \u0444\u0443\u0441\u043d\u043e\u0442\u0443 2\">\u21a9\ufe0e<\/a><\/li><li id=\"29c90454-a2a1-426b-9bd1-5861d3821191\">Ili odluku o dodeljivanju licence nije mogu\u0107e na\u0107i u odgovaraju\u0107em registru. Licence za obavljanje delatnosti distribucije toplotne energije i snabdevanja toplotnom energijom je dobilo u 2022. odnosno 2023. godini <a href=\"#29c90454-a2a1-426b-9bd1-5861d3821191-link\" aria-label=\"\u0421\u043a\u043e\u0447\u0438 \u043d\u0430 \u0444\u0443\u0441\u043d\u043e\u0442\u0443 3\">\u21a9\ufe0e<\/a><\/li><li id=\"5cface08-38b4-453d-82fc-45580e45d569\">Ili te dozvole, ako postoje, nije mogu\u0107e na\u0107i u odgovaraju\u0107em registru. <a href=\"#5cface08-38b4-453d-82fc-45580e45d569-link\" aria-label=\"\u0421\u043a\u043e\u0447\u0438 \u043d\u0430 \u0444\u0443\u0441\u043d\u043e\u0442\u0443 4\">\u21a9\ufe0e<\/a><\/li><li id=\"7365153f-9f2a-4e1d-bd12-ff26699bd750\"><a href=\"https:\/\/reri.org.rs\/wp-content\/uploads\/2024\/03\/RERI-Analiza-Zakona-o-ener-efikasnosti-i-rac-upot-ener.pdf\">https:\/\/reri.org.rs\/wp-content\/uploads\/2024\/03\/RERI-Analiza-Zakona-o-ener-efikasnosti-i-rac-upot-ener.pdf<\/a> <a href=\"#7365153f-9f2a-4e1d-bd12-ff26699bd750-link\" aria-label=\"\u0421\u043a\u043e\u0447\u0438 \u043d\u0430 \u0444\u0443\u0441\u043d\u043e\u0442\u0443 5\">\u21a9\ufe0e<\/a><\/li><li id=\"e6299dc2-6504-454f-b80b-f091a49526f2\"><a href=\"https:\/\/pravno-informacioni-sistem.rs\/eli\/rep\/sgrs\/vlada\/uredba\/2015\/63\/1\">https:\/\/pravno-informacioni-sistem.rs\/eli\/rep\/sgrs\/vlada\/uredba\/2015\/63\/1<\/a> <a href=\"#e6299dc2-6504-454f-b80b-f091a49526f2-link\" aria-label=\"\u0421\u043a\u043e\u0447\u0438 \u043d\u0430 \u0444\u0443\u0441\u043d\u043e\u0442\u0443 6\">\u21a9\ufe0e<\/a><\/li><li id=\"b4f32651-6d51-4d9c-a460-1364499a4f51\">Ovaj utisak ne mo\u017eemo da potvrdimo jer Grad Beograd nije objavio sve podatke koje je prikupio o stambenim zajednicama \u010diju \u0107emo energetsku efikasnost svi pla\u0107ati. <a href=\"#b4f32651-6d51-4d9c-a460-1364499a4f51-link\" aria-label=\"\u0421\u043a\u043e\u0447\u0438 \u043d\u0430 \u0444\u0443\u0441\u043d\u043e\u0442\u0443 7\">\u21a9\ufe0e<\/a><\/li><li id=\"6721f9be-aa26-4bd6-aa8a-9694ec414aa2\"><a href=\"https:\/\/balkangreenenergynews.com\/rs\/toplana-sabac-uzima-kredit-za-termoizolaciju-stambenih-zgrada-po-esco-modelu\/\">https:\/\/balkangreenenergynews.com\/rs\/toplana-sabac-uzima-kredit-za-termoizolaciju-stambenih-zgrada-po-esco-modelu\/<\/a> <a href=\"#6721f9be-aa26-4bd6-aa8a-9694ec414aa2-link\" aria-label=\"\u0421\u043a\u043e\u0447\u0438 \u043d\u0430 \u0444\u0443\u0441\u043d\u043e\u0442\u0443 8\">\u21a9\ufe0e<\/a><\/li><li id=\"7f196996-bda5-4e0a-a76c-4f6102299db3\">Hvala Branimiru \u0160tuli\u0107u na stihovima iz p(j)esme \u201eSloboda\u201c <a href=\"#7f196996-bda5-4e0a-a76c-4f6102299db3-link\" aria-label=\"\u0421\u043a\u043e\u0447\u0438 \u043d\u0430 \u0444\u0443\u0441\u043d\u043e\u0442\u0443 9\">\u21a9\ufe0e<\/a><\/li><\/ol>","protected":false},"excerpt":{"rendered":"<p>Poreski obveznici Republike Srbije i poreski obveznici zemalja koje pru\u017eaju Republici Srbiji me\u0111unarodnu pomo\u0107 \u0107e sufinansirati sa 65 miliona evra energetsku sanaciju stambenih zgrada priklju\u010denih na sisteme daljinskog grejanja u 14 lokalnih samouprava u Republici Srbiji1. Potro\u0161nja toplotne energije u doma\u0107instvima u sistemima daljinskog grejanja je u 2022.godini predstavljala manje od 4% ukupne finalne potro\u0161nje [&hellip;]<\/p>\n","protected":false},"author":3,"featured_media":4791,"comment_status":"closed","ping_status":"closed","sticky":false,"template":"","format":"standard","meta":{"footnotes":"[{\"content\":\"<a href=\\\"https:\/\/www.mre.gov.rs\/tekst\/2437\/projekat-energetska-sanacija-stambenih-vise-porodicnih-zgrada-prikljucenih-na-sistem-daljinskoggrejanja-javni-esco-projekat-.php\\\">https:\/\/www.mre.gov.rs\/tekst\/2437\/projekat-energetska-sanacija-stambenih-vise-porodicnih-zgrada-prikljucenih-na-sistem-daljinskoggrejanja-javni-esco-projekat-.php<\/a>\",\"id\":\"7d15d362-600a-46ef-9ba3-ac109e269650\"},{\"content\":\"Prema cenama ostvarenim na tr\u017ei\u0161tu u 2023. godini\",\"id\":\"9f823c84-86ac-48c4-99e9-979120e5ce03\"},{\"content\":\"Ili odluku o dodeljivanju licence nije mogu\u0107e na\u0107i u odgovaraju\u0107em registru. Licence za obavljanje delatnosti distribucije toplotne energije i snabdevanja toplotnom energijom je dobilo u 2022. odnosno 2023. godini\",\"id\":\"29c90454-a2a1-426b-9bd1-5861d3821191\"},{\"content\":\"Ili te dozvole, ako postoje, nije mogu\u0107e na\u0107i u odgovaraju\u0107em registru.\",\"id\":\"5cface08-38b4-453d-82fc-45580e45d569\"},{\"content\":\"<a href=\\\"https:\/\/reri.org.rs\/wp-content\/uploads\/2024\/03\/RERI-Analiza-Zakona-o-ener-efikasnosti-i-rac-upot-ener.pdf\\\">https:\/\/reri.org.rs\/wp-content\/uploads\/2024\/03\/RERI-Analiza-Zakona-o-ener-efikasnosti-i-rac-upot-ener.pdf<\/a>\",\"id\":\"7365153f-9f2a-4e1d-bd12-ff26699bd750\"},{\"content\":\"<a href=\\\"https:\/\/pravno-informacioni-sistem.rs\/eli\/rep\/sgrs\/vlada\/uredba\/2015\/63\/1\\\">https:\/\/pravno-informacioni-sistem.rs\/eli\/rep\/sgrs\/vlada\/uredba\/2015\/63\/1<\/a>\",\"id\":\"e6299dc2-6504-454f-b80b-f091a49526f2\"},{\"content\":\"Ovaj utisak ne mo\u017eemo da potvrdimo jer Grad Beograd nije objavio sve podatke koje je prikupio o stambenim zajednicama \u010diju \u0107emo energetsku efikasnost svi pla\u0107ati.\",\"id\":\"b4f32651-6d51-4d9c-a460-1364499a4f51\"},{\"content\":\"<a href=\\\"https:\/\/balkangreenenergynews.com\/rs\/toplana-sabac-uzima-kredit-za-termoizolaciju-stambenih-zgrada-po-esco-modelu\/\\\">https:\/\/balkangreenenergynews.com\/rs\/toplana-sabac-uzima-kredit-za-termoizolaciju-stambenih-zgrada-po-esco-modelu\/<\/a>\",\"id\":\"6721f9be-aa26-4bd6-aa8a-9694ec414aa2\"},{\"content\":\"Hvala Branimiru \u0160tuli\u0107u na stihovima iz p(j)esme \u201eSloboda\u201c\",\"id\":\"7f196996-bda5-4e0a-a76c-4f6102299db3\"}]"},"categories":[8],"tags":[20],"class_list":["post-4790","post","type-post","status-publish","format-standard","has-post-thumbnail","hentry","category-pregledi-javne-politike","tag-energetskaefikasnost"],"_links":{"self":[{"href":"https:\/\/resfoundation.org\/rs\/wp-json\/wp\/v2\/posts\/4790","targetHints":{"allow":["GET"]}}],"collection":[{"href":"https:\/\/resfoundation.org\/rs\/wp-json\/wp\/v2\/posts"}],"about":[{"href":"https:\/\/resfoundation.org\/rs\/wp-json\/wp\/v2\/types\/post"}],"author":[{"embeddable":true,"href":"https:\/\/resfoundation.org\/rs\/wp-json\/wp\/v2\/users\/3"}],"replies":[{"embeddable":true,"href":"https:\/\/resfoundation.org\/rs\/wp-json\/wp\/v2\/comments?post=4790"}],"version-history":[{"count":6,"href":"https:\/\/resfoundation.org\/rs\/wp-json\/wp\/v2\/posts\/4790\/revisions"}],"predecessor-version":[{"id":4802,"href":"https:\/\/resfoundation.org\/rs\/wp-json\/wp\/v2\/posts\/4790\/revisions\/4802"}],"wp:featuredmedia":[{"embeddable":true,"href":"https:\/\/resfoundation.org\/rs\/wp-json\/wp\/v2\/media\/4791"}],"wp:attachment":[{"href":"https:\/\/resfoundation.org\/rs\/wp-json\/wp\/v2\/media?parent=4790"}],"wp:term":[{"taxonomy":"category","embeddable":true,"href":"https:\/\/resfoundation.org\/rs\/wp-json\/wp\/v2\/categories?post=4790"},{"taxonomy":"post_tag","embeddable":true,"href":"https:\/\/resfoundation.org\/rs\/wp-json\/wp\/v2\/tags?post=4790"}],"curies":[{"name":"wp","href":"https:\/\/api.w.org\/{rel}","templated":true}]}}