{"id":4919,"date":"2025-04-04T18:12:04","date_gmt":"2025-04-04T18:12:04","guid":{"rendered":"https:\/\/resfoundation.org\/rs\/?p=4919"},"modified":"2025-04-07T18:31:29","modified_gmt":"2025-04-07T18:31:29","slug":"predavanje-za-korisnike-subvencija-grada-uzica-namenjenih-energetski-ugrozenom-stanovnistvu","status":"publish","type":"post","link":"https:\/\/resfoundation.org\/rs\/predavanje-za-korisnike-subvencija-grada-uzica-namenjenih-energetski-ugrozenom-stanovnistvu\/","title":{"rendered":"Predavanje za korisnike subvencija Grada U\u017eica namenjenih energetski ugro\u017eenom stanovni\u0161tvu"},"content":{"rendered":"\t\t<div data-elementor-type=\"wp-post\" data-elementor-id=\"4919\" class=\"elementor elementor-4919\">\n\t\t\t\t\t\t<section class=\"elementor-section elementor-top-section elementor-element elementor-element-706658d3 elementor-section-boxed elementor-section-height-default elementor-section-height-default\" data-id=\"706658d3\" data-element_type=\"section\" data-e-type=\"section\">\n\t\t\t\t\t\t<div class=\"elementor-container elementor-column-gap-default\">\n\t\t\t\t\t<div class=\"elementor-column elementor-col-100 elementor-top-column elementor-element elementor-element-6a1919e3\" data-id=\"6a1919e3\" data-element_type=\"column\" data-e-type=\"column\">\n\t\t\t<div class=\"elementor-widget-wrap elementor-element-populated\">\n\t\t\t\t\t\t<div class=\"elementor-element elementor-element-f629871 elementor-widget elementor-widget-text-editor\" data-id=\"f629871\" data-element_type=\"widget\" data-e-type=\"widget\" data-widget_type=\"text-editor.default\">\n\t\t\t\t<div class=\"elementor-widget-container\">\n\t\t\t\t\t\t\t\t\t<div class=\"wp-block-image\">\n<figure class=\"aligncenter size-large\"><img fetchpriority=\"high\" decoding=\"async\" width=\"1024\" height=\"768\" src=\"https:\/\/resfoundation.org\/rs\/wp-content\/uploads\/2025\/04\/489313035_1133255438600544_6661964611587840265_n-1024x768.jpg\" alt=\"\" class=\"wp-image-4922\" srcset=\"https:\/\/resfoundation.org\/rs\/wp-content\/uploads\/2025\/04\/489313035_1133255438600544_6661964611587840265_n-1024x768.jpg 1024w, https:\/\/resfoundation.org\/rs\/wp-content\/uploads\/2025\/04\/489313035_1133255438600544_6661964611587840265_n-300x225.jpg 300w, https:\/\/resfoundation.org\/rs\/wp-content\/uploads\/2025\/04\/489313035_1133255438600544_6661964611587840265_n-768x576.jpg 768w, https:\/\/resfoundation.org\/rs\/wp-content\/uploads\/2025\/04\/489313035_1133255438600544_6661964611587840265_n-1536x1152.jpg 1536w, https:\/\/resfoundation.org\/rs\/wp-content\/uploads\/2025\/04\/489313035_1133255438600544_6661964611587840265_n.jpg 2048w\" sizes=\"(max-width: 1024px) 100vw, 1024px\" \/><figcaption class=\"wp-element-caption\">Fotografije: Regionalna razvojna agencija Zlatibor<\/figcaption><\/figure>\n<\/div>\n\n\n<p class=\"wp-block-paragraph\">U saradnji sa Regionalnom razvojnom agencijom Zlatibor, RES fondacija je 4. aprila odr\u017eala jo\u0161 jedno u nizu predavanja za U\u017ei\u010dane na teme energetske efikasnosti, energetskog siroma\u0161tva i kori\u0161\u0107enja javnih subvencija za unapre\u0111enje energetskog statusa doma\u0107instava.<\/p>\n\n\n\n<p class=\"wp-block-paragraph\">U prostoru Centra za energetsko savetovanje, razgovor su vodili predstavnici RES fondacije, resornih slu\u017ebi Grada U\u017eica, RRA Zlatibor i U\u017ei\u010dani koji su ve\u0107 bili ili tek nameravaju da budu korisnici mera podr\u0161ke za energetski ugro\u017eeno stanovni\u0161tvo. U prethodne dve godine, Grad U\u017eice je energetski najugro\u017eenijim sugra\u0111anima podelio 113 \u0161poreta koji su napravljeni u skladu sa eko-dizajnom, a u tek zavr\u0161enom Javnom pozivu za sufinansiranje mera energetske sanacije porodi\u010dnih ku\u0107a i stanova, namenjenom energetski ugro\u017eenim kupcima (elektri\u010dne energije) za 2024, dodelio je sredstva u iznosu do 90% investicije za 8 podnetih prijava. Bila je ovo prilika da se dodatno afirmi\u0161u aktivnosti Grada usmerene ka ovoj ciljnog grupi, da se \u010duju iskustva i povratne informacije od dosada\u0161njih korisnika, ali i da im se ponove saveti i preporuke kako da budu energetski efikasniji.  Sa u\u010desnicima se razgovaralo o iskustvu i razli\u010ditim aspektima kori\u0161\u0107enja novih ure\u0111aja: gorivo, potro\u0161nja, broj lo\u017eenja, ali i o vezi izme\u0111u efikasnosti grejanja i zaga\u0111enja vazduha.<\/p>\n\n\n\n<p class=\"wp-block-paragraph\">Centar za energetsko savetovanje je uspostavljen u okviru projekta \u201eUnapre\u0111enje kori\u0161\u0107enja odr\u017eive energije u Zlatiborskom regionu\u201c, koji finansira Nema\u010dka organizacija za me\u0111unarodnu saradnju (GIZ), po nalogu Vlade Savezne republike Nema\u010dke (Savezno ministarstvo za ekonomsku saradnju i razvoj \u2013 BMZ), a koji sprovodi Regionalna razvojna agencija Zlatibor. <\/p>\n\n\n\n<p class=\"wp-block-paragraph\">Radno vreme Centra je utorkom i \u010detvrtkom, u intervalu od 10:00 do 13:00.<\/p>\n\n\n\n<p class=\"wp-block-paragraph\">Pogledajte fotografije:<\/p>\n\t\t\t\t\t\t\t\t<\/div>\n\t\t\t\t<\/div>\n\t\t\t\t\t<\/div>\n\t\t<\/div>\n\t\t\t\t\t<\/div>\n\t\t<\/section>\n\t\t\t\t<section class=\"elementor-section elementor-top-section elementor-element elementor-element-5a38890 elementor-section-boxed elementor-section-height-default elementor-section-height-default\" data-id=\"5a38890\" data-element_type=\"section\" data-e-type=\"section\">\n\t\t\t\t\t\t<div class=\"elementor-container elementor-column-gap-default\">\n\t\t\t\t\t<div class=\"elementor-column elementor-col-100 elementor-top-column elementor-element elementor-element-69c685d\" data-id=\"69c685d\" data-element_type=\"column\" data-e-type=\"column\">\n\t\t\t<div class=\"elementor-widget-wrap elementor-element-populated\">\n\t\t\t\t\t\t<div class=\"elementor-element elementor-element-9e4fe56 elementor-widget elementor-widget-image-gallery\" data-id=\"9e4fe56\" data-element_type=\"widget\" data-e-type=\"widget\" data-widget_type=\"image-gallery.default\">\n\t\t\t\t<div class=\"elementor-widget-container\">\n\t\t\t\t\t\t\t<div class=\"elementor-image-gallery\">\n\t\t\t<div id='gallery-2' class='gallery galleryid-4919 gallery-columns-3 gallery-size-thumbnail'><figure class='gallery-item'>\n\t\t\t<div class='gallery-icon landscape'>\n\t\t\t\t<a data-elementor-open-lightbox=\"yes\" data-elementor-lightbox-slideshow=\"9e4fe56\" data-elementor-lightbox-title=\"489313035_1133255438600544_6661964611587840265_n\" data-e-action-hash=\"#elementor-action%3Aaction%3Dlightbox%26settings%3DeyJpZCI6NDkyMiwidXJsIjoiaHR0cHM6XC9cL3Jlc2ZvdW5kYXRpb24ub3JnXC9yc1wvd3AtY29udGVudFwvdXBsb2Fkc1wvMjAyNVwvMDRcLzQ4OTMxMzAzNV8xMTMzMjU1NDM4NjAwNTQ0XzY2NjE5NjQ2MTE1ODc4NDAyNjVfbi5qcGciLCJzbGlkZXNob3ciOiI5ZTRmZTU2In0%3D\" href='https:\/\/resfoundation.org\/rs\/wp-content\/uploads\/2025\/04\/489313035_1133255438600544_6661964611587840265_n.jpg'><img decoding=\"async\" width=\"150\" height=\"150\" src=\"https:\/\/resfoundation.org\/rs\/wp-content\/uploads\/2025\/04\/489313035_1133255438600544_6661964611587840265_n-150x150.jpg\" class=\"attachment-thumbnail size-thumbnail\" alt=\"\" \/><\/a>\n\t\t\t<\/div><\/figure><figure class='gallery-item'>\n\t\t\t<div class='gallery-icon portrait'>\n\t\t\t\t<a data-elementor-open-lightbox=\"yes\" data-elementor-lightbox-slideshow=\"9e4fe56\" data-elementor-lightbox-title=\"489751097_1133255538600534_7631283847557649640_n\" data-e-action-hash=\"#elementor-action%3Aaction%3Dlightbox%26settings%3DeyJpZCI6NDkyMSwidXJsIjoiaHR0cHM6XC9cL3Jlc2ZvdW5kYXRpb24ub3JnXC9yc1wvd3AtY29udGVudFwvdXBsb2Fkc1wvMjAyNVwvMDRcLzQ4OTc1MTA5N18xMTMzMjU1NTM4NjAwNTM0Xzc2MzEyODM4NDc1NTc2NDk2NDBfbi5qcGciLCJzbGlkZXNob3ciOiI5ZTRmZTU2In0%3D\" href='https:\/\/resfoundation.org\/rs\/wp-content\/uploads\/2025\/04\/489751097_1133255538600534_7631283847557649640_n.jpg'><img decoding=\"async\" width=\"150\" height=\"150\" src=\"https:\/\/resfoundation.org\/rs\/wp-content\/uploads\/2025\/04\/489751097_1133255538600534_7631283847557649640_n-150x150.jpg\" class=\"attachment-thumbnail size-thumbnail\" alt=\"\" \/><\/a>\n\t\t\t<\/div><\/figure><figure class='gallery-item'>\n\t\t\t<div class='gallery-icon landscape'>\n\t\t\t\t<a data-elementor-open-lightbox=\"yes\" data-elementor-lightbox-slideshow=\"9e4fe56\" data-elementor-lightbox-title=\"488887861_1133255445267210_7591076777838733326_n\" data-e-action-hash=\"#elementor-action%3Aaction%3Dlightbox%26settings%3DeyJpZCI6NDkyMCwidXJsIjoiaHR0cHM6XC9cL3Jlc2ZvdW5kYXRpb24ub3JnXC9yc1wvd3AtY29udGVudFwvdXBsb2Fkc1wvMjAyNVwvMDRcLzQ4ODg4Nzg2MV8xMTMzMjU1NDQ1MjY3MjEwXzc1OTEwNzY3Nzc4Mzg3MzMzMjZfbi5qcGciLCJzbGlkZXNob3ciOiI5ZTRmZTU2In0%3D\" href='https:\/\/resfoundation.org\/rs\/wp-content\/uploads\/2025\/04\/488887861_1133255445267210_7591076777838733326_n.jpg'><img loading=\"lazy\" decoding=\"async\" width=\"150\" height=\"150\" src=\"https:\/\/resfoundation.org\/rs\/wp-content\/uploads\/2025\/04\/488887861_1133255445267210_7591076777838733326_n-150x150.jpg\" class=\"attachment-thumbnail size-thumbnail\" alt=\"\" \/><\/a>\n\t\t\t<\/div><\/figure>\n\t\t<\/div>\n\t\t<\/div>\n\t\t\t\t\t\t<\/div>\n\t\t\t\t<\/div>\n\t\t\t\t\t<\/div>\n\t\t<\/div>\n\t\t\t\t\t<\/div>\n\t\t<\/section>\n\t\t\t\t<\/div>\n\t\t","protected":false},"excerpt":{"rendered":"<p>U saradnji sa Regionalnom razvojnom agencijom Zlatibor, RES fondacija je 4. aprila odr\u017eala jo\u0161 jedno u nizu predavanja za U\u017ei\u010dane na teme energetske efikasnosti, energetskog siroma\u0161tva i kori\u0161\u0107enja javnih subvencija za unapre\u0111enje energetskog statusa doma\u0107instava. U prostoru Centra za energetsko savetovanje, razgovor su vodili predstavnici RES fondacije, resornih slu\u017ebi Grada U\u017eica, RRA Zlatibor i U\u017ei\u010dani [&hellip;]<\/p>\n","protected":false},"author":3,"featured_media":4922,"comment_status":"closed","ping_status":"closed","sticky":false,"template":"","format":"standard","meta":{"footnotes":""},"categories":[5],"tags":[20,27,13],"class_list":["post-4919","post","type-post","status-publish","format-standard","has-post-thumbnail","hentry","category-dogadjaji","tag-energetskaefikasnost","tag-energetskapolitika","tag-zagadjenjevazduha"],"_links":{"self":[{"href":"https:\/\/resfoundation.org\/rs\/wp-json\/wp\/v2\/posts\/4919","targetHints":{"allow":["GET"]}}],"collection":[{"href":"https:\/\/resfoundation.org\/rs\/wp-json\/wp\/v2\/posts"}],"about":[{"href":"https:\/\/resfoundation.org\/rs\/wp-json\/wp\/v2\/types\/post"}],"author":[{"embeddable":true,"href":"https:\/\/resfoundation.org\/rs\/wp-json\/wp\/v2\/users\/3"}],"replies":[{"embeddable":true,"href":"https:\/\/resfoundation.org\/rs\/wp-json\/wp\/v2\/comments?post=4919"}],"version-history":[{"count":5,"href":"https:\/\/resfoundation.org\/rs\/wp-json\/wp\/v2\/posts\/4919\/revisions"}],"predecessor-version":[{"id":4927,"href":"https:\/\/resfoundation.org\/rs\/wp-json\/wp\/v2\/posts\/4919\/revisions\/4927"}],"wp:featuredmedia":[{"embeddable":true,"href":"https:\/\/resfoundation.org\/rs\/wp-json\/wp\/v2\/media\/4922"}],"wp:attachment":[{"href":"https:\/\/resfoundation.org\/rs\/wp-json\/wp\/v2\/media?parent=4919"}],"wp:term":[{"taxonomy":"category","embeddable":true,"href":"https:\/\/resfoundation.org\/rs\/wp-json\/wp\/v2\/categories?post=4919"},{"taxonomy":"post_tag","embeddable":true,"href":"https:\/\/resfoundation.org\/rs\/wp-json\/wp\/v2\/tags?post=4919"}],"curies":[{"name":"wp","href":"https:\/\/api.w.org\/{rel}","templated":true}]}}