{"id":5420,"date":"2025-12-08T10:52:53","date_gmt":"2025-12-08T10:52:53","guid":{"rendered":"https:\/\/resfoundation.org\/rs\/?p=5420"},"modified":"2025-12-08T10:52:54","modified_gmt":"2025-12-08T10:52:54","slug":"razumevanje-statusa-prekretnice-cop30-globalni-bilans-geopolitika-i-buducnost-upravljanja-klimom-uz-niklasa-vagnera","status":"publish","type":"post","link":"https:\/\/resfoundation.org\/rs\/razumevanje-statusa-prekretnice-cop30-globalni-bilans-geopolitika-i-buducnost-upravljanja-klimom-uz-niklasa-vagnera\/","title":{"rendered":"Razumevanje statusa prekretnice COP30 \u2013 Globalni bilans, geopolitika i buduc\u0301nost upravljanja klimom uz Niklasa Vagnera"},"content":{"rendered":"<div class=\"wp-block-image\">\n<figure class=\"aligncenter size-large\"><img fetchpriority=\"high\" decoding=\"async\" width=\"1024\" height=\"771\" src=\"https:\/\/resfoundation.org\/rs\/wp-content\/uploads\/2025\/12\/DAC14EEC-08DF-497D-9BF0-1EC0DA3720C0-1024x771.jpeg\" alt=\"\" class=\"wp-image-5421\" srcset=\"https:\/\/resfoundation.org\/rs\/wp-content\/uploads\/2025\/12\/DAC14EEC-08DF-497D-9BF0-1EC0DA3720C0-1024x771.jpeg 1024w, https:\/\/resfoundation.org\/rs\/wp-content\/uploads\/2025\/12\/DAC14EEC-08DF-497D-9BF0-1EC0DA3720C0-300x226.jpeg 300w, https:\/\/resfoundation.org\/rs\/wp-content\/uploads\/2025\/12\/DAC14EEC-08DF-497D-9BF0-1EC0DA3720C0-768x578.jpeg 768w, https:\/\/resfoundation.org\/rs\/wp-content\/uploads\/2025\/12\/DAC14EEC-08DF-497D-9BF0-1EC0DA3720C0-1536x1156.jpeg 1536w, https:\/\/resfoundation.org\/rs\/wp-content\/uploads\/2025\/12\/DAC14EEC-08DF-497D-9BF0-1EC0DA3720C0.jpeg 1600w\" sizes=\"(max-width: 1024px) 100vw, 1024px\" \/><figcaption class=\"wp-element-caption\">Fotografija: Niklas Vagner<\/figcaption><\/figure>\n<\/div>\n\n\n<p>#RESTalksCOP je serija intervjua sa COP30, kreirana da ljudima pribli\u017ei proces Okvirne konvencije Ujedinjenih nacija o klimatskim promenama (UNFCCC). Kroz razgovore sa pregovara\u010dima, stru\u010dnjacima i civilnim dru\u0161tvom, istra\u017eujemo razli\u010dite perspektive i uvide iza kulisa. Snimljeni na terenu na 30. Konferenciji strana (COP30), ovi intervjui nude vremensku kapsulu uvida u ljude i pri\u010de koje oblikuju dana\u0161nje pregovore o klimi.<\/p>\n\n\n\n<p>Razgovarali smo sa <strong>Niklasom Vagnerom<\/strong>, postdoktorskim istra\u017eiva\u010dem na Nema\u010dkom institutu za razvoj i odr\u017eivost i Univerzitetu u \u017denevi, \u010diji se rad fokusira na Globalni pregled (GST) Pariskog sporazuma. Koristec\u0301i osmogodi\u0161nje iskustvo u procesu UNFCCC-a i opse\u017ena istra\u017eivanja o dizajnu GST-a, inkluzivnosti i politi\u010dkoj dinamici, Niklas razmi\u0161lja o lekcijama iz prvog GST-a, promenljivom geopoliti\u010dkom pejza\u017eu i \u0161ta \u201eCOP istine\u201c zna\u010di za buduc\u0301nost me\u0111unarodnog upravljanja klimom.<\/p>\n\n\n\n<p><strong>Niklas Vagner<\/strong>: Hvala Vam puno na pozivu! Moje ime je Niklas Vagner. Ja sam postdoktorski istra\u017eiva\u010d na Nema\u010dkom institutu za razvoj i odr\u017eivost, kao i na Univerzitetu u \u017denevi, i radim u obe institucije na Globalnom pregledu (GST) Pariskog sporazuma.<\/p>\n\n\n\n<p><strong>Zvezdana Bo\u017eovic\u0301<\/strong>: Koliko dugo ste uklju\u010deni u proces UNFCCC-a?<\/p>\n\n\n\n<p><strong>Niklas<\/strong>: Mislim da sam po\u010deo pre oko osam godina, dakle malo pre Fridays For Future. Moj prvi COP bio je Fiji COP u Bonu 2017. godine. Od tada sam se dosta bavio anga\u017eovanjem mladih i u nekom trenutku sam se sve vi\u0161e i vi\u0161e okrenuo istra\u017eivanju.<\/p>\n\n\n\n<p><strong>Zvezdana<\/strong>: \u0160ta pratite ove godine na COP-u?<\/p>\n\n\n\n<p><strong>Niklas<\/strong>: Na COP30, vec\u0301inu vremena pratim Globalni pregled stanja. Globalni pregled je proces uspostavljen u \u010dlanu 14 Pariskog sporazuma i to je proces za procenu kako napredujemo u sprovo\u0111enju Pariskog sporazuma u \u200b\u200bsva njegova tri cilja. To je veoma zanimljiv proces jer okuplja politi\u010dke pregovara\u010de sa civilnim dru\u0161tvom i nau\u010dnicima. Prvi put smo napravili pregled 2023. godine. Rezultat je bio Konsenzus UAE. Trenutno se pregovori uglavnom vode o tome kako \u017eelimo da sprovedemo prvi GST. U toku su pregovori u okviru onoga \u0161to se zove Dijalog u UAE, a zatim se vode i pregovori o usavr\u0161avanju GST-a. To su pregovori o tome \u0161ta smo nau\u010dili iz prvog GST-a i kako mo\u017eemo pobolj\u0161ati drugi GST.<\/p>\n\n\n\n<p><strong>Zvezdana<\/strong>: Da li postoje neki elementi ili najbolje prakse koje ste primetili u prvom GST-u koje biste potencijalno \u017eeleli da vidite nastavljene u drugom?<\/p>\n\n\n\n<p><strong>Niklas<\/strong>: Da. Mislim da je prvi GST bio, u odnosu na druge stvari koje smo videli u UNFCCC-u, relativno inovativan jer su kori\u0161c\u0301ena dva formata za koje mislim da su bila prili\u010dno korisna i koje \u017eelim da istaknem. Prvi format je bio kreativni prostor. Oni su nekako rekli: \u201ezapravo, lepo je ne samo da nau\u010dna znanja informi\u0161u na\u0161e razgovore, vec\u0301 da i emocije imaju ulogu\u201c, pa su nameravali da u proces uklju\u010de malo umetnosti, pozori\u0161ta i video zapisa. Mislim da je namera iza ovoga bila veoma dobra, mada mislim da se to mo\u017ee mnogo bolje implementirati.<\/p>\n\n\n\n<p>Druga stvar, koja je privukla dosta pa\u017enje, bio je format Svetskog kafea. Na ovim sesijama ljudi nisu dolazili sa svojim dugim i pripremljenim govorima, vec\u0301 je to bio razgovor o\u010di u o\u010di izme\u0111u svih vrsta aktera. Nije bilo va\u017eno da li ste \u0161ef delegacije ili posmatra\u010d civilnog dru\u0161tva. Svi su mogli jednostavno da govore i dele svoja iskustva i perspektive. Mislim da je ovo bilo veoma korisno dok prelazimo u fazu implementacije Pariskog sporazuma i va\u017eno je u\u010diti o postojec\u0301im dobrim praksama i preprekama. Na\u017ealost, ovaj duh razgovora na takvom nivou nije pre\u0161ao u politi\u010dku fazu Sporazuma o op\u0161toj bezbednosti gde smo se vratili uobi\u010dajenoj igri moc\u0301i. Pregovori su se zapravo vec\u0301inu vremena odvijali samo izme\u0111u strana, a u nekim fazama samo izme\u0111u odre\u0111enih strana, izostavljajuc\u0301i najranjivije me\u0111u civilnim dru\u0161tvom i stranama.<\/p>\n\n\n\n<p><strong>Zvezdana<\/strong>: Upravo ste pomenuli da je ovo prili\u010dno politi\u010dki proces. Videli smo da neke zemlje nisu poslale svoje delegacije na Konferenciju strana ove godine, a jedna od njih je ranije bila glavni igra\u010d u procesu pregovora. U sada\u0161njoj geopoliti\u010dkoj klimi, da li vidite bilo kakva pomeranja od odr\u017eivosti i klimatske politike i kako vidite da c\u0301e se to odvijati u buduc\u0301nosti?<\/p>\n\n\n\n<p><strong>Niklas<\/strong>: Mislim da mo\u017eemo imenovati slona koji nije u prostoriji, a taj slon su Sjedinjene Dr\u017eave. Njihova ti\u0161ina je veoma primetna, i veoma je va\u017eno pomenuti da nisu samo istorijski najvec\u0301i emiter, vec\u0301 i po emisijama po glavi stanovnika. Njihovo odsustvo je zaista u\u017easan signal jer imaju toliko istorijskog duga koji moraju da otplate. Mislim da, po\u0161to nisu ovde u procesu, veliko poverenje u me\u0111unarodno upravljanje klimom, ali i multilateralizam uop\u0161te, erodira. Mislim da je ovo poverenje ne\u0161to \u0161to je zaista potrebno i mislim da postoje neke veoma velike podele izme\u0111u strana, pa bih rekao da je odsustvo Sjedinjenih Dr\u017eava jedna primetna stvar koju sam uo\u010dio. Jo\u0161 jedna stvar koju sam primetio ove godine je da je kineska delegacija veoma prisutna i da Kina poja\u010dava svoj anga\u017eman. Veoma su vidljivi sa svojim paviljonom ovde. Ako pogledate po gradu, ima dosta BID vozila, pa \u010dak je i sam predsednik Lula do\u0161ao na Samit lidera u BID vozilu. Mnogo su glasniji u pregovorima trenutno i srec\u0301ni su \u0161to imaju predloge za povezivanje.<\/p>\n\n\n\n<p><strong>Zvezdana<\/strong>: Da se \u200b\u200bvratimo na temu ove godine, ovaj COP je nazvan COP istine. Pomenuli ste gubitak poverenja u proces, vakuum moc\u0301i u klimatskom liderstvu, prelazak sa razmatranja na sprovo\u0111enje, i sve to postavlja pitanje da li je proces kao takav dovoljno robustan ili postoji potreba za njegovom reformom. Ovo je vi\u0161e apstraktno pitanje, ali koliko je ovaj COP va\u017ean za buduc\u0301e izglede procesa u narednim godinama?<\/p>\n\n\n\n<p><strong>Niklas<\/strong>: Ovo uokvirivanje ovog COP-a kao \u201eCOP-a istine\u201c je veoma zanimljivo za mene kao istra\u017eiva\u010da. Postoje razli\u010dita tuma\u010denja ovoga. Jedno od njih je da smo trenutno na prekretnici, nau\u010dnoj prekretnici gde moramo preduzeti akcije kako bismo spasili odre\u0111ene biome poput amazonske pra\u0161ume, na primer, ali postoji i politi\u010dka prekretnica u pogledu multilateralizma. Mislim da je to tako\u0111e op\u0161tiji utisak \u201eako ovo ne uradimo odmah, posle nec\u0301e biti moguc\u0301e\u201c. Pomenuli ste implementaciju, i mislim da je sprovo\u0111enje Parizskog sporazuma i akcija u vezi sa klimatskim promenama klju\u010dno i mislim da su mnoge zemlje jo\u0161 zaglavljene u re\u017eimu pregovora. To je kao na\u010din pregovaranja jedni protiv drugih, jer su ljudi ovde obu\u010deni kao pregovara\u010di da bi pobedili u nekoj vrsti pregovara\u010dke bitke, ali ne razmi\u0161ljaju o zajedni\u010dkom delovanju. Mislim da je zaista potrebno vi\u0161e implementacije i svestan sam da za to treba da postoje sredstva za implementaciju. Mislim da globalni sever \u2013 EU, SAD \u2013 zaista treba da ulo\u017ee vi\u0161e novca u proces kako bi platili svu \u0161tetu koju su naneli kako bi omoguc\u0301ili implementaciju, koja je hitno potrebna.<\/p>\n\n\n<div class=\"wp-block-image\">\n<figure class=\"aligncenter size-full\"><img decoding=\"async\" width=\"1024\" height=\"768\" src=\"https:\/\/resfoundation.org\/rs\/wp-content\/uploads\/2025\/12\/cc1e8b13-5f55-4dce-a6cc-76a4b100f5a4.jpeg\" alt=\"\" class=\"wp-image-5422\" srcset=\"https:\/\/resfoundation.org\/rs\/wp-content\/uploads\/2025\/12\/cc1e8b13-5f55-4dce-a6cc-76a4b100f5a4.jpeg 1024w, https:\/\/resfoundation.org\/rs\/wp-content\/uploads\/2025\/12\/cc1e8b13-5f55-4dce-a6cc-76a4b100f5a4-300x225.jpeg 300w, https:\/\/resfoundation.org\/rs\/wp-content\/uploads\/2025\/12\/cc1e8b13-5f55-4dce-a6cc-76a4b100f5a4-768x576.jpeg 768w\" sizes=\"(max-width: 1024px) 100vw, 1024px\" \/><figcaption class=\"wp-element-caption\">Fotografija: Niklas Vagner<\/figcaption><\/figure>\n<\/div>\n\n\n<p><strong>Zvezdana<\/strong>: Po\u0161to ste pomenuli ovu vrstu konkurentskog pristupa pregovorima, bilo je mnogo razgovora i o tome koliku moc\u0301 zemlja domac\u0301in ima u odre\u0111ivanju dnevnog reda, pa \u010dak i odre\u0111ivanju ishoda. Trenutno su u toku veliki pregovori o tome ko c\u0301e biti domac\u0301in Konferencije strana izme\u0111u Australije i Turske. Kako to tuma\u010dite?<\/p>\n\n\n\n<p><strong>Niklas<\/strong>: Moc\u0301 predsedavanja je zanimljivo pitanje. Mislim da je veoma relevantno jer Konferencije strana, i mo\u017eda mogu ovo da pove\u017eem sa va\u0161im prethodnim pitanjem o reformi, mislim da svakako postoji potreba za reformom jer ove Konferencije strana postaju prevelike i preskupe. To nije samo logisti\u010dki izazov, vec\u0301 je i izazov u smislu da mnoge zemlje u svetu nisu u moguc\u0301nosti da budu domac\u0301ini doga\u0111aja sa pedeset do osamdeset hiljada ljudi. To dovodi do privilegovanog polo\u017eaja zemalja izvoznica nafte, koje su bogate zemlje koje mogu da budu domac\u0301ini ovakvih doga\u0111aja. Mislim da je veoma va\u017eno da reformi\u0161emo ovaj proces i preispitamo moc\u0301 ovih predsedavanja. Na primer, u UAE sam pratio prvi GST, i istra\u017eivanje pokazuje da je doma\u0107instvo imalo veliki uticaj na ishod GST-a.<\/p>\n\n\n\n<p><strong>Zvezdana<\/strong>: Na \u010demu sada radite u smislu projekata?<\/p>\n\n\n\n<p><strong>Niklas<\/strong>: Postoje tri konkretna istra\u017eiva\u010dka pitanja na koja poku\u0161avam da odgovorim. Jedno je o inkluzivnosti GST-a i poku\u0161aju razumevanja dinamike moc\u0301i tamo. Drugo je o tome koliko je GST relevantan za upravljanje adaptacijom uop\u0161te. Trec\u0301e je o prac\u0301enju GST-a u pregovorima ovde, kao i u Nacionalno odre\u0111enim doprinosima (NDC).<\/p>\n\n\n\n<p><strong>Zvezdana<\/strong>: Sjajno! Hvala Vam puno \u0161to ste odvojili vreme da razgovarate sa mnom.<\/p>\n\n\n\n<p><strong>Niklas<\/strong>: Bilo mi je zadovoljstvo!<\/p>\n\n\n\n<p><strong>Zvezdana<\/strong>: Ako ljudi \u017eele da saznaju Vi\u0161e o va\u0161em radu, gde Vas mogu pronac\u0301i?<\/p>\n\n\n\n<p><strong>Niklas<\/strong>: Na Linkedinu. Trenutno sam prili\u010dno aktivan, ali sam tako\u0111e prili\u010dno srec\u0301an kada me kontaktiraju putem e-maila, a mogu pronac\u0301i moj kontakt na veb-sajtu institucija sa kojima sara\u0111ujem.<\/p>\n\n\n\n<p><em>Intervju obavljen 17. novembra 2025.<\/em><\/p>\n","protected":false},"excerpt":{"rendered":"<p>#RESTalksCOP je serija intervjua sa COP30, kreirana da ljudima pribli\u017ei proces Okvirne konvencije Ujedinjenih nacija o klimatskim promenama (UNFCCC). Kroz razgovore sa pregovara\u010dima, stru\u010dnjacima i civilnim dru\u0161tvom, istra\u017eujemo razli\u010dite perspektive i uvide iza kulisa. Snimljeni na terenu na 30. Konferenciji strana (COP30), ovi intervjui nude vremensku kapsulu uvida u ljude i pri\u010de koje oblikuju dana\u0161nje [&hellip;]<\/p>\n","protected":false},"author":3,"featured_media":5421,"comment_status":"closed","ping_status":"closed","sticky":false,"template":"","format":"standard","meta":{"footnotes":""},"categories":[42],"tags":[15],"class_list":["post-5420","post","type-post","status-publish","format-standard","has-post-thumbnail","hentry","category-intervju","tag-klimatskepromene"],"yoast_head":"<!-- This site is optimized with the Yoast SEO plugin v27.5 - https:\/\/yoast.com\/product\/yoast-seo-wordpress\/ -->\n<title>Razumevanje statusa prekretnice COP30 \u2013 Globalni bilans, geopolitika i buduc\u0301nost upravljanja klimom uz Niklasa Vagnera - RES fondacija<\/title>\n<meta name=\"robots\" content=\"index, follow, max-snippet:-1, max-image-preview:large, max-video-preview:-1\" \/>\n<link rel=\"canonical\" href=\"https:\/\/resfoundation.org\/rs\/razumevanje-statusa-prekretnice-cop30-globalni-bilans-geopolitika-i-buducnost-upravljanja-klimom-uz-niklasa-vagnera\/\" \/>\n<meta property=\"og:locale\" content=\"sr_RS\" \/>\n<meta property=\"og:type\" content=\"article\" \/>\n<meta property=\"og:title\" content=\"Razumevanje statusa prekretnice COP30 \u2013 Globalni bilans, geopolitika i buduc\u0301nost upravljanja klimom uz Niklasa Vagnera - RES fondacija\" \/>\n<meta property=\"og:description\" content=\"#RESTalksCOP je serija intervjua sa COP30, kreirana da ljudima pribli\u017ei proces Okvirne konvencije Ujedinjenih nacija o klimatskim promenama (UNFCCC). Kroz razgovore sa pregovara\u010dima, stru\u010dnjacima i civilnim dru\u0161tvom, istra\u017eujemo razli\u010dite perspektive i uvide iza kulisa. Snimljeni na terenu na 30. Konferenciji strana (COP30), ovi intervjui nude vremensku kapsulu uvida u ljude i pri\u010de koje oblikuju dana\u0161nje [&hellip;]\" \/>\n<meta property=\"og:url\" content=\"https:\/\/resfoundation.org\/rs\/razumevanje-statusa-prekretnice-cop30-globalni-bilans-geopolitika-i-buducnost-upravljanja-klimom-uz-niklasa-vagnera\/\" \/>\n<meta property=\"og:site_name\" content=\"RES fondacija\" \/>\n<meta property=\"article:published_time\" content=\"2025-12-08T10:52:53+00:00\" \/>\n<meta property=\"article:modified_time\" content=\"2025-12-08T10:52:54+00:00\" \/>\n<meta property=\"og:image\" content=\"https:\/\/resfoundation.org\/rs\/wp-content\/uploads\/2025\/12\/DAC14EEC-08DF-497D-9BF0-1EC0DA3720C0.jpeg\" \/>\n\t<meta property=\"og:image:width\" content=\"1600\" \/>\n\t<meta property=\"og:image:height\" content=\"1204\" \/>\n\t<meta property=\"og:image:type\" content=\"image\/jpeg\" \/>\n<meta name=\"author\" content=\"Admin\" \/>\n<meta name=\"twitter:card\" content=\"summary_large_image\" \/>\n<meta name=\"twitter:label1\" content=\"\u041d\u0430\u043f\u0438\u0441\u0430\u043d\u043e \u043e\u0434\" \/>\n\t<meta name=\"twitter:data1\" content=\"Admin\" \/>\n\t<meta name=\"twitter:label2\" content=\"\u041f\u0440\u043e\u0446\u0435\u045a\u0435\u043d\u043e \u0432\u0440\u0435\u043c\u0435 \u0447\u0438\u0442\u0430\u045a\u0430\" \/>\n\t<meta name=\"twitter:data2\" content=\"9 \u043c\u0438\u043d\u0443\u0442\u0430\" \/>\n<script type=\"application\/ld+json\" class=\"yoast-schema-graph\">{\"@context\":\"https:\\\/\\\/schema.org\",\"@graph\":[{\"@type\":\"Article\",\"@id\":\"https:\\\/\\\/resfoundation.org\\\/rs\\\/razumevanje-statusa-prekretnice-cop30-globalni-bilans-geopolitika-i-buducnost-upravljanja-klimom-uz-niklasa-vagnera\\\/#article\",\"isPartOf\":{\"@id\":\"https:\\\/\\\/resfoundation.org\\\/rs\\\/razumevanje-statusa-prekretnice-cop30-globalni-bilans-geopolitika-i-buducnost-upravljanja-klimom-uz-niklasa-vagnera\\\/\"},\"author\":{\"name\":\"Admin\",\"@id\":\"https:\\\/\\\/resfoundation.org\\\/rs\\\/#\\\/schema\\\/person\\\/742e2bf0bb2a53a86ecf6c4ad424f2ec\"},\"headline\":\"Razumevanje statusa prekretnice COP30 \u2013 Globalni bilans, geopolitika i buduc\u0301nost upravljanja klimom uz Niklasa Vagnera\",\"datePublished\":\"2025-12-08T10:52:53+00:00\",\"dateModified\":\"2025-12-08T10:52:54+00:00\",\"mainEntityOfPage\":{\"@id\":\"https:\\\/\\\/resfoundation.org\\\/rs\\\/razumevanje-statusa-prekretnice-cop30-globalni-bilans-geopolitika-i-buducnost-upravljanja-klimom-uz-niklasa-vagnera\\\/\"},\"wordCount\":1542,\"publisher\":{\"@id\":\"https:\\\/\\\/resfoundation.org\\\/rs\\\/#organization\"},\"image\":{\"@id\":\"https:\\\/\\\/resfoundation.org\\\/rs\\\/razumevanje-statusa-prekretnice-cop30-globalni-bilans-geopolitika-i-buducnost-upravljanja-klimom-uz-niklasa-vagnera\\\/#primaryimage\"},\"thumbnailUrl\":\"https:\\\/\\\/resfoundation.org\\\/rs\\\/wp-content\\\/uploads\\\/2025\\\/12\\\/DAC14EEC-08DF-497D-9BF0-1EC0DA3720C0.jpeg\",\"keywords\":[\"KlimatskePromene\"],\"articleSection\":[\"Intervju\"],\"inLanguage\":\"sr-RS\"},{\"@type\":\"WebPage\",\"@id\":\"https:\\\/\\\/resfoundation.org\\\/rs\\\/razumevanje-statusa-prekretnice-cop30-globalni-bilans-geopolitika-i-buducnost-upravljanja-klimom-uz-niklasa-vagnera\\\/\",\"url\":\"https:\\\/\\\/resfoundation.org\\\/rs\\\/razumevanje-statusa-prekretnice-cop30-globalni-bilans-geopolitika-i-buducnost-upravljanja-klimom-uz-niklasa-vagnera\\\/\",\"name\":\"Razumevanje statusa prekretnice COP30 \u2013 Globalni bilans, geopolitika i buduc\u0301nost upravljanja klimom uz Niklasa Vagnera - RES fondacija\",\"isPartOf\":{\"@id\":\"https:\\\/\\\/resfoundation.org\\\/rs\\\/#website\"},\"primaryImageOfPage\":{\"@id\":\"https:\\\/\\\/resfoundation.org\\\/rs\\\/razumevanje-statusa-prekretnice-cop30-globalni-bilans-geopolitika-i-buducnost-upravljanja-klimom-uz-niklasa-vagnera\\\/#primaryimage\"},\"image\":{\"@id\":\"https:\\\/\\\/resfoundation.org\\\/rs\\\/razumevanje-statusa-prekretnice-cop30-globalni-bilans-geopolitika-i-buducnost-upravljanja-klimom-uz-niklasa-vagnera\\\/#primaryimage\"},\"thumbnailUrl\":\"https:\\\/\\\/resfoundation.org\\\/rs\\\/wp-content\\\/uploads\\\/2025\\\/12\\\/DAC14EEC-08DF-497D-9BF0-1EC0DA3720C0.jpeg\",\"datePublished\":\"2025-12-08T10:52:53+00:00\",\"dateModified\":\"2025-12-08T10:52:54+00:00\",\"breadcrumb\":{\"@id\":\"https:\\\/\\\/resfoundation.org\\\/rs\\\/razumevanje-statusa-prekretnice-cop30-globalni-bilans-geopolitika-i-buducnost-upravljanja-klimom-uz-niklasa-vagnera\\\/#breadcrumb\"},\"inLanguage\":\"sr-RS\",\"potentialAction\":[{\"@type\":\"ReadAction\",\"target\":[\"https:\\\/\\\/resfoundation.org\\\/rs\\\/razumevanje-statusa-prekretnice-cop30-globalni-bilans-geopolitika-i-buducnost-upravljanja-klimom-uz-niklasa-vagnera\\\/\"]}]},{\"@type\":\"ImageObject\",\"inLanguage\":\"sr-RS\",\"@id\":\"https:\\\/\\\/resfoundation.org\\\/rs\\\/razumevanje-statusa-prekretnice-cop30-globalni-bilans-geopolitika-i-buducnost-upravljanja-klimom-uz-niklasa-vagnera\\\/#primaryimage\",\"url\":\"https:\\\/\\\/resfoundation.org\\\/rs\\\/wp-content\\\/uploads\\\/2025\\\/12\\\/DAC14EEC-08DF-497D-9BF0-1EC0DA3720C0.jpeg\",\"contentUrl\":\"https:\\\/\\\/resfoundation.org\\\/rs\\\/wp-content\\\/uploads\\\/2025\\\/12\\\/DAC14EEC-08DF-497D-9BF0-1EC0DA3720C0.jpeg\",\"width\":1600,\"height\":1204},{\"@type\":\"BreadcrumbList\",\"@id\":\"https:\\\/\\\/resfoundation.org\\\/rs\\\/razumevanje-statusa-prekretnice-cop30-globalni-bilans-geopolitika-i-buducnost-upravljanja-klimom-uz-niklasa-vagnera\\\/#breadcrumb\",\"itemListElement\":[{\"@type\":\"ListItem\",\"position\":1,\"name\":\"\u041f\u043e\u0447\u0435\u0442\u043d\u0430\",\"item\":\"https:\\\/\\\/resfoundation.org\\\/rs\\\/\"},{\"@type\":\"ListItem\",\"position\":2,\"name\":\"Razumevanje statusa prekretnice COP30 \u2013 Globalni bilans, geopolitika i buduc\u0301nost upravljanja klimom uz Niklasa Vagnera\"}]},{\"@type\":\"WebSite\",\"@id\":\"https:\\\/\\\/resfoundation.org\\\/rs\\\/#website\",\"url\":\"https:\\\/\\\/resfoundation.org\\\/rs\\\/\",\"name\":\"RES fondacija\",\"description\":\"Partnerships for Resilience\",\"publisher\":{\"@id\":\"https:\\\/\\\/resfoundation.org\\\/rs\\\/#organization\"},\"potentialAction\":[{\"@type\":\"SearchAction\",\"target\":{\"@type\":\"EntryPoint\",\"urlTemplate\":\"https:\\\/\\\/resfoundation.org\\\/rs\\\/?s={search_term_string}\"},\"query-input\":{\"@type\":\"PropertyValueSpecification\",\"valueRequired\":true,\"valueName\":\"search_term_string\"}}],\"inLanguage\":\"sr-RS\"},{\"@type\":\"Organization\",\"@id\":\"https:\\\/\\\/resfoundation.org\\\/rs\\\/#organization\",\"name\":\"RES fondacija\",\"url\":\"https:\\\/\\\/resfoundation.org\\\/rs\\\/\",\"logo\":{\"@type\":\"ImageObject\",\"inLanguage\":\"sr-RS\",\"@id\":\"https:\\\/\\\/resfoundation.org\\\/rs\\\/#\\\/schema\\\/logo\\\/image\\\/\",\"url\":\"https:\\\/\\\/resfoundation.org\\\/rs\\\/wp-content\\\/uploads\\\/2021\\\/03\\\/cropped-cropped-cropped-res-bez-ispisa.png\",\"contentUrl\":\"https:\\\/\\\/resfoundation.org\\\/rs\\\/wp-content\\\/uploads\\\/2021\\\/03\\\/cropped-cropped-cropped-res-bez-ispisa.png\",\"width\":512,\"height\":512,\"caption\":\"RES fondacija\"},\"image\":{\"@id\":\"https:\\\/\\\/resfoundation.org\\\/rs\\\/#\\\/schema\\\/logo\\\/image\\\/\"}},{\"@type\":\"Person\",\"@id\":\"https:\\\/\\\/resfoundation.org\\\/rs\\\/#\\\/schema\\\/person\\\/742e2bf0bb2a53a86ecf6c4ad424f2ec\",\"name\":\"Admin\",\"image\":{\"@type\":\"ImageObject\",\"inLanguage\":\"sr-RS\",\"@id\":\"https:\\\/\\\/secure.gravatar.com\\\/avatar\\\/a89f0bcfcafea886f55b948a23f20a40ba0a924a3f8e5494e130e069c504b756?s=96&d=mm&r=g\",\"url\":\"https:\\\/\\\/secure.gravatar.com\\\/avatar\\\/a89f0bcfcafea886f55b948a23f20a40ba0a924a3f8e5494e130e069c504b756?s=96&d=mm&r=g\",\"contentUrl\":\"https:\\\/\\\/secure.gravatar.com\\\/avatar\\\/a89f0bcfcafea886f55b948a23f20a40ba0a924a3f8e5494e130e069c504b756?s=96&d=mm&r=g\",\"caption\":\"Admin\"},\"sameAs\":[\"https:\\\/\\\/resfoundation.org\\\/rs\"],\"url\":\"https:\\\/\\\/resfoundation.org\\\/rs\\\/author\\\/zoricaresfoundation-org\\\/\"}]}<\/script>\n<!-- \/ Yoast SEO plugin. -->","yoast_head_json":{"title":"Razumevanje statusa prekretnice COP30 \u2013 Globalni bilans, geopolitika i buduc\u0301nost upravljanja klimom uz Niklasa Vagnera - RES fondacija","robots":{"index":"index","follow":"follow","max-snippet":"max-snippet:-1","max-image-preview":"max-image-preview:large","max-video-preview":"max-video-preview:-1"},"canonical":"https:\/\/resfoundation.org\/rs\/razumevanje-statusa-prekretnice-cop30-globalni-bilans-geopolitika-i-buducnost-upravljanja-klimom-uz-niklasa-vagnera\/","og_locale":"sr_RS","og_type":"article","og_title":"Razumevanje statusa prekretnice COP30 \u2013 Globalni bilans, geopolitika i buduc\u0301nost upravljanja klimom uz Niklasa Vagnera - RES fondacija","og_description":"#RESTalksCOP je serija intervjua sa COP30, kreirana da ljudima pribli\u017ei proces Okvirne konvencije Ujedinjenih nacija o klimatskim promenama (UNFCCC). Kroz razgovore sa pregovara\u010dima, stru\u010dnjacima i civilnim dru\u0161tvom, istra\u017eujemo razli\u010dite perspektive i uvide iza kulisa. Snimljeni na terenu na 30. Konferenciji strana (COP30), ovi intervjui nude vremensku kapsulu uvida u ljude i pri\u010de koje oblikuju dana\u0161nje [&hellip;]","og_url":"https:\/\/resfoundation.org\/rs\/razumevanje-statusa-prekretnice-cop30-globalni-bilans-geopolitika-i-buducnost-upravljanja-klimom-uz-niklasa-vagnera\/","og_site_name":"RES fondacija","article_published_time":"2025-12-08T10:52:53+00:00","article_modified_time":"2025-12-08T10:52:54+00:00","og_image":[{"width":1600,"height":1204,"url":"https:\/\/resfoundation.org\/rs\/wp-content\/uploads\/2025\/12\/DAC14EEC-08DF-497D-9BF0-1EC0DA3720C0.jpeg","type":"image\/jpeg"}],"author":"Admin","twitter_card":"summary_large_image","twitter_misc":{"\u041d\u0430\u043f\u0438\u0441\u0430\u043d\u043e \u043e\u0434":"Admin","\u041f\u0440\u043e\u0446\u0435\u045a\u0435\u043d\u043e \u0432\u0440\u0435\u043c\u0435 \u0447\u0438\u0442\u0430\u045a\u0430":"9 \u043c\u0438\u043d\u0443\u0442\u0430"},"schema":{"@context":"https:\/\/schema.org","@graph":[{"@type":"Article","@id":"https:\/\/resfoundation.org\/rs\/razumevanje-statusa-prekretnice-cop30-globalni-bilans-geopolitika-i-buducnost-upravljanja-klimom-uz-niklasa-vagnera\/#article","isPartOf":{"@id":"https:\/\/resfoundation.org\/rs\/razumevanje-statusa-prekretnice-cop30-globalni-bilans-geopolitika-i-buducnost-upravljanja-klimom-uz-niklasa-vagnera\/"},"author":{"name":"Admin","@id":"https:\/\/resfoundation.org\/rs\/#\/schema\/person\/742e2bf0bb2a53a86ecf6c4ad424f2ec"},"headline":"Razumevanje statusa prekretnice COP30 \u2013 Globalni bilans, geopolitika i buduc\u0301nost upravljanja klimom uz Niklasa Vagnera","datePublished":"2025-12-08T10:52:53+00:00","dateModified":"2025-12-08T10:52:54+00:00","mainEntityOfPage":{"@id":"https:\/\/resfoundation.org\/rs\/razumevanje-statusa-prekretnice-cop30-globalni-bilans-geopolitika-i-buducnost-upravljanja-klimom-uz-niklasa-vagnera\/"},"wordCount":1542,"publisher":{"@id":"https:\/\/resfoundation.org\/rs\/#organization"},"image":{"@id":"https:\/\/resfoundation.org\/rs\/razumevanje-statusa-prekretnice-cop30-globalni-bilans-geopolitika-i-buducnost-upravljanja-klimom-uz-niklasa-vagnera\/#primaryimage"},"thumbnailUrl":"https:\/\/resfoundation.org\/rs\/wp-content\/uploads\/2025\/12\/DAC14EEC-08DF-497D-9BF0-1EC0DA3720C0.jpeg","keywords":["KlimatskePromene"],"articleSection":["Intervju"],"inLanguage":"sr-RS"},{"@type":"WebPage","@id":"https:\/\/resfoundation.org\/rs\/razumevanje-statusa-prekretnice-cop30-globalni-bilans-geopolitika-i-buducnost-upravljanja-klimom-uz-niklasa-vagnera\/","url":"https:\/\/resfoundation.org\/rs\/razumevanje-statusa-prekretnice-cop30-globalni-bilans-geopolitika-i-buducnost-upravljanja-klimom-uz-niklasa-vagnera\/","name":"Razumevanje statusa prekretnice COP30 \u2013 Globalni bilans, geopolitika i buduc\u0301nost upravljanja klimom uz Niklasa Vagnera - RES fondacija","isPartOf":{"@id":"https:\/\/resfoundation.org\/rs\/#website"},"primaryImageOfPage":{"@id":"https:\/\/resfoundation.org\/rs\/razumevanje-statusa-prekretnice-cop30-globalni-bilans-geopolitika-i-buducnost-upravljanja-klimom-uz-niklasa-vagnera\/#primaryimage"},"image":{"@id":"https:\/\/resfoundation.org\/rs\/razumevanje-statusa-prekretnice-cop30-globalni-bilans-geopolitika-i-buducnost-upravljanja-klimom-uz-niklasa-vagnera\/#primaryimage"},"thumbnailUrl":"https:\/\/resfoundation.org\/rs\/wp-content\/uploads\/2025\/12\/DAC14EEC-08DF-497D-9BF0-1EC0DA3720C0.jpeg","datePublished":"2025-12-08T10:52:53+00:00","dateModified":"2025-12-08T10:52:54+00:00","breadcrumb":{"@id":"https:\/\/resfoundation.org\/rs\/razumevanje-statusa-prekretnice-cop30-globalni-bilans-geopolitika-i-buducnost-upravljanja-klimom-uz-niklasa-vagnera\/#breadcrumb"},"inLanguage":"sr-RS","potentialAction":[{"@type":"ReadAction","target":["https:\/\/resfoundation.org\/rs\/razumevanje-statusa-prekretnice-cop30-globalni-bilans-geopolitika-i-buducnost-upravljanja-klimom-uz-niklasa-vagnera\/"]}]},{"@type":"ImageObject","inLanguage":"sr-RS","@id":"https:\/\/resfoundation.org\/rs\/razumevanje-statusa-prekretnice-cop30-globalni-bilans-geopolitika-i-buducnost-upravljanja-klimom-uz-niklasa-vagnera\/#primaryimage","url":"https:\/\/resfoundation.org\/rs\/wp-content\/uploads\/2025\/12\/DAC14EEC-08DF-497D-9BF0-1EC0DA3720C0.jpeg","contentUrl":"https:\/\/resfoundation.org\/rs\/wp-content\/uploads\/2025\/12\/DAC14EEC-08DF-497D-9BF0-1EC0DA3720C0.jpeg","width":1600,"height":1204},{"@type":"BreadcrumbList","@id":"https:\/\/resfoundation.org\/rs\/razumevanje-statusa-prekretnice-cop30-globalni-bilans-geopolitika-i-buducnost-upravljanja-klimom-uz-niklasa-vagnera\/#breadcrumb","itemListElement":[{"@type":"ListItem","position":1,"name":"\u041f\u043e\u0447\u0435\u0442\u043d\u0430","item":"https:\/\/resfoundation.org\/rs\/"},{"@type":"ListItem","position":2,"name":"Razumevanje statusa prekretnice COP30 \u2013 Globalni bilans, geopolitika i buduc\u0301nost upravljanja klimom uz Niklasa Vagnera"}]},{"@type":"WebSite","@id":"https:\/\/resfoundation.org\/rs\/#website","url":"https:\/\/resfoundation.org\/rs\/","name":"RES fondacija","description":"Partnerships for Resilience","publisher":{"@id":"https:\/\/resfoundation.org\/rs\/#organization"},"potentialAction":[{"@type":"SearchAction","target":{"@type":"EntryPoint","urlTemplate":"https:\/\/resfoundation.org\/rs\/?s={search_term_string}"},"query-input":{"@type":"PropertyValueSpecification","valueRequired":true,"valueName":"search_term_string"}}],"inLanguage":"sr-RS"},{"@type":"Organization","@id":"https:\/\/resfoundation.org\/rs\/#organization","name":"RES fondacija","url":"https:\/\/resfoundation.org\/rs\/","logo":{"@type":"ImageObject","inLanguage":"sr-RS","@id":"https:\/\/resfoundation.org\/rs\/#\/schema\/logo\/image\/","url":"https:\/\/resfoundation.org\/rs\/wp-content\/uploads\/2021\/03\/cropped-cropped-cropped-res-bez-ispisa.png","contentUrl":"https:\/\/resfoundation.org\/rs\/wp-content\/uploads\/2021\/03\/cropped-cropped-cropped-res-bez-ispisa.png","width":512,"height":512,"caption":"RES fondacija"},"image":{"@id":"https:\/\/resfoundation.org\/rs\/#\/schema\/logo\/image\/"}},{"@type":"Person","@id":"https:\/\/resfoundation.org\/rs\/#\/schema\/person\/742e2bf0bb2a53a86ecf6c4ad424f2ec","name":"Admin","image":{"@type":"ImageObject","inLanguage":"sr-RS","@id":"https:\/\/secure.gravatar.com\/avatar\/a89f0bcfcafea886f55b948a23f20a40ba0a924a3f8e5494e130e069c504b756?s=96&d=mm&r=g","url":"https:\/\/secure.gravatar.com\/avatar\/a89f0bcfcafea886f55b948a23f20a40ba0a924a3f8e5494e130e069c504b756?s=96&d=mm&r=g","contentUrl":"https:\/\/secure.gravatar.com\/avatar\/a89f0bcfcafea886f55b948a23f20a40ba0a924a3f8e5494e130e069c504b756?s=96&d=mm&r=g","caption":"Admin"},"sameAs":["https:\/\/resfoundation.org\/rs"],"url":"https:\/\/resfoundation.org\/rs\/author\/zoricaresfoundation-org\/"}]}},"_links":{"self":[{"href":"https:\/\/resfoundation.org\/rs\/wp-json\/wp\/v2\/posts\/5420","targetHints":{"allow":["GET"]}}],"collection":[{"href":"https:\/\/resfoundation.org\/rs\/wp-json\/wp\/v2\/posts"}],"about":[{"href":"https:\/\/resfoundation.org\/rs\/wp-json\/wp\/v2\/types\/post"}],"author":[{"embeddable":true,"href":"https:\/\/resfoundation.org\/rs\/wp-json\/wp\/v2\/users\/3"}],"replies":[{"embeddable":true,"href":"https:\/\/resfoundation.org\/rs\/wp-json\/wp\/v2\/comments?post=5420"}],"version-history":[{"count":1,"href":"https:\/\/resfoundation.org\/rs\/wp-json\/wp\/v2\/posts\/5420\/revisions"}],"predecessor-version":[{"id":5423,"href":"https:\/\/resfoundation.org\/rs\/wp-json\/wp\/v2\/posts\/5420\/revisions\/5423"}],"wp:featuredmedia":[{"embeddable":true,"href":"https:\/\/resfoundation.org\/rs\/wp-json\/wp\/v2\/media\/5421"}],"wp:attachment":[{"href":"https:\/\/resfoundation.org\/rs\/wp-json\/wp\/v2\/media?parent=5420"}],"wp:term":[{"taxonomy":"category","embeddable":true,"href":"https:\/\/resfoundation.org\/rs\/wp-json\/wp\/v2\/categories?post=5420"},{"taxonomy":"post_tag","embeddable":true,"href":"https:\/\/resfoundation.org\/rs\/wp-json\/wp\/v2\/tags?post=5420"}],"curies":[{"name":"wp","href":"https:\/\/api.w.org\/{rel}","templated":true}]}}