{"id":5424,"date":"2025-12-09T09:09:51","date_gmt":"2025-12-09T09:09:51","guid":{"rendered":"https:\/\/resfoundation.org\/rs\/?p=5424"},"modified":"2025-12-09T09:09:51","modified_gmt":"2025-12-09T09:09:51","slug":"preuredjenje-finansiranja-i-implementacije-klimatskih-promena-narativi-upravljanje-i-pristup-mutirao-sa-lelom-melon","status":"publish","type":"post","link":"https:\/\/resfoundation.org\/rs\/preuredjenje-finansiranja-i-implementacije-klimatskih-promena-narativi-upravljanje-i-pristup-mutirao-sa-lelom-melon\/","title":{"rendered":"Preure\u0111enje finansiranja i implementacije klimatskih promena \u2013 narativi, upravljanje i pristup Mutir\u00e3o sa Lelom Melon"},"content":{"rendered":"<div class=\"wp-block-image\">\n<figure class=\"aligncenter size-full\"><img fetchpriority=\"high\" decoding=\"async\" width=\"880\" height=\"698\" src=\"https:\/\/resfoundation.org\/rs\/wp-content\/uploads\/2025\/12\/lela.jpeg\" alt=\"\" class=\"wp-image-5425\" srcset=\"https:\/\/resfoundation.org\/rs\/wp-content\/uploads\/2025\/12\/lela.jpeg 880w, https:\/\/resfoundation.org\/rs\/wp-content\/uploads\/2025\/12\/lela-300x238.jpeg 300w, https:\/\/resfoundation.org\/rs\/wp-content\/uploads\/2025\/12\/lela-768x609.jpeg 768w\" sizes=\"(max-width: 880px) 100vw, 880px\" \/><figcaption class=\"wp-element-caption\">Fotografija: Lela Melon<\/figcaption><\/figure>\n<\/div>\n\n\n<p>#RESTalksCOP je serija intervjua sa COP30, kreirana da ljudima pribli\u017ei proces Okvirne konvencije Ujedinjenih nacija o klimatskim promenama (UNFCCC). Kroz razgovore sa pregovara\u010dima, stru\u010dnjacima i civilnim dru\u0161tvom, istra\u017eujemo razli\u010dite perspektive i uvide iza kulisa. Snimljeni na terenu na 30. Konferenciji strana (COP30), ovi intervjui nude vremensku kapsulu uvida u ljude i pri\u010de koje oblikuju dana\u0161nje pregovore o klimi.<\/p>\n\n\n\n<p>Razgovarali smo sa <strong>Lelom Melon<\/strong>, stru\u010dnjakinjom za pravo odr\u017eivosti i upravljanje na Univerzitetu Pompeu Fabra u Barseloni, gde radi na pitanjima planetarnog zdravlja, me\u0111unarodnog i evropskog prava i strategiji korporativne tranzicije. Uklju\u010dena u proces UNFCCC-a od 2019. godine, Lela razmi\u0161lja o prelasku sa obec\u0301anja na sprovo\u0111enje finansiranja za gubitke i \u0161tete, pristupu Mutir\u00e3o brazilskog predsedni\u0161tva i narativnim i strukturnim barijerama koje i dalje usporavaju napredak. Ona govori o politi\u010dkim prazninama u pregovorima i za\u0161to su dublje sistemske i vrednosne promene neophodne za pravu tranziciju odr\u017eivosti.<\/p>\n\n\n\n<p><strong>Lela Melon<\/strong>: Zovem se Lela Melon. Trenutno radim u Barseloni na Univerzitetu Pompeu Fabra. Direktorka sam razli\u010ditih programa, od kojih je jedan o planetarnom zdravlju, a drugi je master studije prava iz me\u0111unarodnog i evropskog prava. Tako\u0111e radim na mnogim programima koji se bave tranzicijom odr\u017eivosti, upravljanjem i presekom prava i ekonomije u smislu odr\u017eivosti. Ali tako\u0111e mnogo radim sa kompanijama, sprovodec\u0301i strategije za transformaciju ka odr\u017eivom poslovanju. Radim na mnogo mesta, od \u0160panije, preko Francuske, do Slovenije, u zavisnosti od toga gde se uka\u017ee prilika i gde sam im potrebna, tako da sam pomalo svuda, ali sa sedi\u0161tem u Barseloni.<\/p>\n\n\n\n<p><strong>Zvezdana Bo\u017eovic\u0301<\/strong>: Koliko dugo ste uklju\u010deni u proces UNFCCC-a?<\/p>\n\n\n\n<p><strong>Lela<\/strong>: Od 2019. godine. Tek sam zavr\u0161ila doktorat i te godine je COP preba\u010den iz \u010cilea u Madrid zbog bezbednosnih razloga u poslednjem trenutku. Po\u0161to sam \u017eivela i radila u Barseloni, odjednom smo bili mobilisani da doprinesemo mnogo vi\u0161e nego \u0161to bismo u \u010cileu. Upoznala sam se sa procesom, onim \u0161to se de\u0161ava u Plavoj i Zelenoj zoni i u samim pregovorima, tako da sam duboko uklju\u010dena u proces vec\u0301 \u0161est godina.<\/p>\n\n\n\n<p><strong>Zvezdana<\/strong>: \u0160ta pratite ove godine na COP-u?<\/p>\n\n\n\n<p><strong>Lela<\/strong>: Poku\u0161avam da pratim prelazak sa obec\u0301anja sredstava za gubitke i \u0161tetu zemljama u razvoju i za ubla\u017eavanje ka sprovo\u0111enju tih obec\u0301anja. Pa\u017eljivo sam pratila pregovore i informacije koje iz njih izlaze. Neke informacije su procurele pre kona\u010dnog nacrta sutra ujutru. Jo\u0161 jedna stvar koja je posebna za ovu godinu, a koja mi se mnogo dopada, jeste koncept Mutir\u00e3o-a. Brazilska vlada je iznela ne\u0161to o \u010demu nismo dovoljno razgovarali na prethodnim sastancima strana, jer mi te\u017eimo da ra\u010dunamo na politi\u010dku volju da re\u0161imo problem. Pa, ne ba\u0161. Konsenzus se mo\u017eda mo\u017ee postic\u0301i tamo, ali stvarno re\u0161avanje problema se de\u0161ava na terenu, \u0161to koncept Mutir\u00e3o jasno isti\u010de. Strpljivo sam \u010dekala da vidim kako c\u0301e se ova ideja pretvoriti u politi\u010dka obec\u0301anja, a kasnije i u pravne obaveze.<\/p>\n\n\n\n<p><strong>Zvezdana<\/strong>: Koliko ste optimisti\u010dni u pogledu dosada\u0161njeg napretka u pregovorima?<\/p>\n\n\n\n<p><strong>Lela<\/strong>: Ono \u0161to me je ohrabrilo jeste to \u0161to dovode stranke za pregovara\u010dki sto. Imali su doga\u0111aj na visokom nivou sa grupom istra\u017eiva\u010dkih i nezavisnih nevladinih organizacija (RINGO) i drugim grupama, poku\u0161avajuc\u0301i da uklju\u010de njihov doprinos. S druge strane, obeshrabrujuc\u0301a \u010dinjenica je da su pregovori produ\u017eeni u poslednjih deset dana, tri dana zaredom do devet uve\u010de. Svi znamo \u0161ta to zna\u010di. To zna\u010di da je konsenzus veoma te\u0161ko postic\u0301i. Ono \u0161to pozdravljam jeste ovaj fokus na narativ o implementaciji. Ono \u010dega se pla\u0161im jeste da implementacija zapravo nije na stolu.<\/p>\n\n\n\n<p>Postoje neki procureli nacrti dokumenata koji nam omoguc\u0301avaju da se malo pribli\u017eimo stvarnoj implementaciji re\u0161enja, ali jo\u0161 nismo tamo. Ono \u0161to pozdravljam jeste to \u0161to se Fondu za gubitke i \u0161tetu sada zapravo mo\u017ee pristupiti, tako da to vi\u0161e nije samo obec\u0301anje. To je ne\u0161to \u0161to se zapravo sprovodi i \u010demu c\u0301e zemlje u razvoju moc\u0301i da pristupe. Jedna stvar koje se pla\u0161im jeste da smo jo\u0161 uvek veoma daleko od cilja od 1,3 biliona dolara potrebnih za proces prilago\u0111avanja i ubla\u017eavanja istovremeno. \u010cak i ako se to postigne, zemlje u razvoju ka\u017eu da je to i dalje premali iznos, zar ne? Moj problem je \u0161to re\u0161enja nisu tu, a skoro smo na kraju druge nedelje. Dakle, nije mnogo dogovoreno, ali se radi.<\/p>\n\n\n\n<p><strong>Zvezdana<\/strong>: Zanimljiva stvar koju sam primetila dok sam intervjuisala ljude jeste da uvek zavr\u0161imo na temi finansiranja. Na kraju, diskusija uvek svede na \u2013 ko c\u0301e ovo platiti? Hoc\u0301e li to biti zajam? Hoc\u0301e li to biti grant? Prelazec\u0301i od COP29 gde je odluka o Novom kvantifikovanom cilju o finansiranju klimatskih promena (NCQG) bila u velikoj meri kontroverzna me\u0111u mnogim stranama i grupama zainteresovanih strana, pa sve do ove \u201efaze implementacije\u201c, koliko ste optimisti\u010dni da c\u0301emo uspeti da povec\u0301amo finansiranje?<\/p>\n\n\n\n<p><strong>Lela<\/strong>: Pa, ako promenimo narativ, prili\u010dno sam optimisti\u010dna. Za\u0161to? Trenutni narativ je o tome kako bi neko trebalo da finansira ovo i da to moraju biti javne finansije, i da se o tome mora odlu\u010diti na Konferenciji strana. Ono \u0161to zaboravljamo, a \u0161ta se zapravo de\u0161ava oko nas dvoje upravo sada u Plavoj zoni, jeste da ako pravilno izvr\u0161ite tranziciju, to je prilika, a ne samo tro\u0161ak. Postoji razlog da preduzec\u0301a smanje svoje operativne tro\u0161kove primenom re\u0161enja za odr\u017eivost.<\/p>\n\n\n\n<p>Mislim da je narativ ponekad i problem. To je ne\u0161to \u0161to sam primetila i na ovoj Konferenciji strana. Upiremo prstom. To mi se ne svi\u0111a. Ono \u0161to moramo da shvatimo je kako da stvorimo saradnju, saveze, delimo znanje, implementiramo re\u0161enja koja zapravo \u0161tede tro\u0161kove. Tada c\u0301e finansiranje biti manje relevantno. Ali trenutno, ostaje veoma relevantno jer jo\u0161 nismo tamo. Mislim da je to deo posla koji treba da se obavi ovde, ne samo od strane strana koje pregovaraju, vec\u0301 i od strane industrije i svih ostalih koji su mobilisani na Konferenciji strana. Do odre\u0111ene mere, neka re\u0161enja su zapravo jeftinija od onoga \u0161to trenutno radimo. U odsustvu toga, onda su finansije va\u017ean deo.<\/p>\n\n\n\n<p>Pre svega, finansije su na stolu zbog nejednakosti izme\u0111u razvijenih ili takozvanih zemalja u razvoju. Ne sla\u017eem se sa tim terminom, ali to je ono \u0161to zna\u010di. O\u010digledno je za zemlje koje nisu uspele da se ekonomski razviju do stepena da mogu da zadovolje potrebe svojih stanovnika &#8211; kako mogu da sprovedu tranziciju bez pomoc\u0301i? Postoji odgovornost razvijenih zemalja koje su izgradile svoje bogatstvo na materijalima i resursima koji dolaze iz zemalja u razvoju. I mi im dugujemo. Ovo je tema diskusije, zar ne? Vi\u0161e je politi\u010dka. Dakle, finansije su u fokusu zbog nejednakosti s jedne strane, a s druge strane, zbog odsustva shvatanja da neka re\u0161enja zapravo mogu biti jeftinija. Tranzicija se u nekim aspektima mo\u017ee pokazati srednjoro\u010dno jeftinijom od nastavka onoga \u0161to radimo.<\/p>\n\n\n\n<p><strong>Zvezdana<\/strong>: U okviru procesa pregovora, da li ste primetili neke prepreke za postizanje ovih partnerstava? \u0160ta biste rekli da su praznine u sistemu?<\/p>\n\n\n\n<p><strong>Lela<\/strong>: Opsednuti smo brojevima i sistemima, pa smo opsednuti \u010clanom 6, a svi \u017eele da razgovaraju o \u010clanu 6. \u017delimo tr\u017ei\u0161ta ugljenika, zar ne? Postoje re\u0161enja izvan tr\u017ei\u0161ta ugljenika, o\u010digledno. Dakle, Evropska unija je krenula svojim putem sa Sistemom trgovine emisijama EU (ETS) i Mehanizmom za prilago\u0111avanje ugljenika na granicama (CBAM). Ali ne radi se samo o ugljeniku i trgovini ugljenikom. Radi se i o pronala\u017eenju re\u0161enja koja su cirkularnija, prestanku bacanja resursa koje zapravo mo\u017eemo ponovo da koristimo i po\u010detku \u017eivota u skladu sa prirodom i onim \u0161to mo\u017eemo da nadoknadimo. Biodiverzitet nije samo resurs, vec\u0301 ne\u0161to \u0161to mo\u017ee da pru\u017ei usluge.<\/p>\n\n\n\n<p>\u010clan 6 je zaista va\u017ean ove godine. Svi govore samo o tome. Ali \u017eelim da govorim i o tome kako se mobilisati unutar Mutir\u00e3o-a i mobilisati ostatak dru\u0161tva izvan tr\u017ei\u0161ta ugljenika, ne samo na nacionalnom nivou, vec\u0301 i na regionalnom i lokalnom nivou. Ne\u0161to o \u010demu smo sada po\u010deli da govorimo, a \u0161to nisam na\u0161la na drugim COP-ovima, jeste odgovornost regionalnih i lokalnih samouprava.<\/p>\n\n\n\n<p><strong>Zvezdana<\/strong>: Prisustvujuc\u0301i mnogim pratec\u0301im doga\u0111ajima ovde, \u010dujem ljude kako govore o plac\u0301anjima za ekosistemske usluge i re\u0161enjima zasnovanim na prirodi. Mnogo se govori o tome kako mo\u017eemo da prevedemo prirodu na na\u010din koji je razumljiv i gde i poslovanje mo\u017ee da napreduje. \u0160ta je Va\u0161e mi\u0161ljenje o tome?<\/p>\n\n\n\n<p><strong>Lela<\/strong>: Postoji logika iza toga. To je ne\u0161to \u0161to konsultanti poput mene rade vec\u0301 poslednjih desetak godina. Ako to ne mo\u017eete da izrazite u novcu, niko vas nec\u0301e slu\u0161ati. \u017dao mi je, to je realnost poslovanja. Mislim da sada postoji ovaj poku\u0161aj da se to izrazi u novcu kako bi ljudi po\u010deli da slu\u0161aju. Ono \u010dega se pla\u0161im jeste da vas toliki fokus na adaptaciju ponekad \u010dini da se osec\u0301ate kao da smo odustali od ubla\u017eavanja, \u0161to nije ba\u0161 ta\u010dno.<\/p>\n\n\n\n<p>Ali bar kada po\u010dnete da to kvantifikujete, industrije i preduzec\u0301a slu\u0161aju. Mislim da postoji poku\u0161aj da se zapravo mobili\u0161u entiteti izvan COP-a da ne\u0161to urade, jer se vrednuje ne\u0161to \u0161to ranije nismo znali kako da vrednujemo. Mo\u017eda deluje pomalo apsurdno jer nam je biodiverzitet u osnovi potreban da bismo pre\u017eiveli, ali ova kvantifikacija je poku\u0161aj da se tome da broj kako bi se shvatio ozbiljnije i uklju\u010dio u razli\u010dite strategije, bilo u javnom upravljanju ili korporativnom upravljanju na bilo kom nivou.<\/p>\n\n\n\n<p><strong>Zvezdana<\/strong>: Da li biste rekli da ova kvantifikacija vec\u0301 postoji neko vreme?<\/p>\n\n\n\n<p><strong>Lela<\/strong>: Naravno, ali to je uvek bilo kao ve\u017eba. Nije postojala jedna metodologija ili okvir. Ako je postojala u bilo kom obliku ili formi sli\u010dnoj onome \u0161to poku\u0161avamo da uradimo sada, uvek je bila prevedena u finansijski rizik. Dakle, obja\u0161njena je kao finansijski rizik ako ne vodite ra\u010duna o odre\u0111enim resursima.<\/p>\n\n\n\n<p>Ali na holisti\u010dkom nivou, da. Neki nau\u010dni radovi su to uradili, na primer, osnivanje okvira planetarnih granica, koji je imao za cilj da razume i kvantifikuje ono \u0161to radimo, ne nu\u017eno u numeri\u010dkim terminima u po\u010detku, a zatim se razvio u potpuni okvir. Ali osim toga, sveobuhvatni pregled nije zaista postojao.<\/p>\n\n\n\n<p><strong>Zvezdana<\/strong>: Da li biste rekli da ste sada primetili da se ovaj na\u010din razmi\u0161ljanja ili metod pristupa adaptaciji uvodi u pregovore?<\/p>\n\n\n\n<p><strong>Lela<\/strong>: Da, zato \u0161to je to jedina stvar koja zapravo funkcioni\u0161e u kapitalizmu. Nisam apsolutno sigurna da je ovo najbolji put ili kona\u010dni put kojim bi trebalo da idemo, ali to \u010dini da kapitalizam govori istim jezikom kao i o\u010duvanje prirode. To je neka vrsta preseka izme\u0111u ta dva. Za po\u010detak tranzicije koja je dugoro\u010dna, ne mislim da je to tako dobro jer ono \u0161to se zapravo mora promeniti je sistem vrednosti i morala koji je u osnovi svih na\u0161ih teorija i svih na\u0161ih poslova i kreiranja politika. Mi to ne menjamo. Mi samo poku\u0161avamo da preoblikujemo ekosisteme i biodiverzitet u smislu usluga koje nam pru\u017eaju, ali to zapravo ne menja osnovni mentalitet koji je potreban ako \u017eelimo tranziciju.<\/p>\n\n\n\n<p><strong>Zvezdana<\/strong>: Hvala Vam puno \u0161to ste odvojili vreme da razgovarate sa mnom. Da li biste \u017eeleli da istaknete neki projekat na kojem trenutno radite?<\/p>\n\n\n\n<p><strong>Lela<\/strong>: Pokrec\u0301emo nezavisnu konsultantsku kuc\u0301u, nastalu iz akademske zajednice i na\u0161eg rada na tranzicionim \u0161emama za kompanije, bilo da su to mala i srednja preduzec\u0301a ili velike firme, jer ono \u0161to sam primetila u svom nedavnom radu je da nedostaje pogled iz pti\u010dje perspektive. Imate stru\u010dnjake za taksonomiju unutar kompanija, imate stru\u010dnjake za izve\u0161tavanje, ali niko nema pogled iz pti\u010dje perspektive na ono \u0161to se de\u0161ava politi\u010dki i pravno da bi mogao da kreira strategiju. Dakle, ako je neko radoznao u vezi sa tim ili mu je potrebna pomoc\u0301, uvek mo\u017ee da me kontaktira.<\/p>\n\n\n\n<p><strong>Zvezdana<\/strong>: To me dovodi do mog poslednjeg pitanja. Ako ljudi \u017eele da saznaju vi\u0161e o Va\u0161em radu, gde Vas mogu pronac\u0301i?<\/p>\n\n\n\n<p><strong>Lela<\/strong>: Na Linkedinu, \u201eLela Melon\u201c. Hvala Vam!<\/p>\n\n\n\n<p><em>Intervju obavljen 18. novembra 2025.<\/em><\/p>\n","protected":false},"excerpt":{"rendered":"<p>#RESTalksCOP je serija intervjua sa COP30, kreirana da ljudima pribli\u017ei proces Okvirne konvencije Ujedinjenih nacija o klimatskim promenama (UNFCCC). Kroz razgovore sa pregovara\u010dima, stru\u010dnjacima i civilnim dru\u0161tvom, istra\u017eujemo razli\u010dite perspektive i uvide iza kulisa. Snimljeni na terenu na 30. Konferenciji strana (COP30), ovi intervjui nude vremensku kapsulu uvida u ljude i pri\u010de koje oblikuju dana\u0161nje [&hellip;]<\/p>\n","protected":false},"author":3,"featured_media":5425,"comment_status":"closed","ping_status":"closed","sticky":false,"template":"","format":"standard","meta":{"footnotes":""},"categories":[42],"tags":[15],"class_list":["post-5424","post","type-post","status-publish","format-standard","has-post-thumbnail","hentry","category-intervju","tag-klimatskepromene"],"yoast_head":"<!-- This site is optimized with the Yoast SEO plugin v27.5 - https:\/\/yoast.com\/product\/yoast-seo-wordpress\/ -->\n<title>Preure\u0111enje finansiranja i implementacije klimatskih promena \u2013 narativi, upravljanje i pristup Mutir\u00e3o sa Lelom Melon - RES fondacija<\/title>\n<meta name=\"robots\" content=\"index, follow, max-snippet:-1, max-image-preview:large, max-video-preview:-1\" \/>\n<link rel=\"canonical\" href=\"https:\/\/resfoundation.org\/rs\/preuredjenje-finansiranja-i-implementacije-klimatskih-promena-narativi-upravljanje-i-pristup-mutirao-sa-lelom-melon\/\" \/>\n<meta property=\"og:locale\" content=\"sr_RS\" \/>\n<meta property=\"og:type\" content=\"article\" \/>\n<meta property=\"og:title\" content=\"Preure\u0111enje finansiranja i implementacije klimatskih promena \u2013 narativi, upravljanje i pristup Mutir\u00e3o sa Lelom Melon - RES fondacija\" \/>\n<meta property=\"og:description\" content=\"#RESTalksCOP je serija intervjua sa COP30, kreirana da ljudima pribli\u017ei proces Okvirne konvencije Ujedinjenih nacija o klimatskim promenama (UNFCCC). Kroz razgovore sa pregovara\u010dima, stru\u010dnjacima i civilnim dru\u0161tvom, istra\u017eujemo razli\u010dite perspektive i uvide iza kulisa. Snimljeni na terenu na 30. Konferenciji strana (COP30), ovi intervjui nude vremensku kapsulu uvida u ljude i pri\u010de koje oblikuju dana\u0161nje [&hellip;]\" \/>\n<meta property=\"og:url\" content=\"https:\/\/resfoundation.org\/rs\/preuredjenje-finansiranja-i-implementacije-klimatskih-promena-narativi-upravljanje-i-pristup-mutirao-sa-lelom-melon\/\" \/>\n<meta property=\"og:site_name\" content=\"RES fondacija\" \/>\n<meta property=\"article:published_time\" content=\"2025-12-09T09:09:51+00:00\" \/>\n<meta property=\"og:image\" content=\"https:\/\/resfoundation.org\/rs\/wp-content\/uploads\/2025\/12\/lela.jpeg\" \/>\n\t<meta property=\"og:image:width\" content=\"880\" \/>\n\t<meta property=\"og:image:height\" content=\"698\" \/>\n\t<meta property=\"og:image:type\" content=\"image\/jpeg\" \/>\n<meta name=\"author\" content=\"Admin\" \/>\n<meta name=\"twitter:card\" content=\"summary_large_image\" \/>\n<meta name=\"twitter:label1\" content=\"\u041d\u0430\u043f\u0438\u0441\u0430\u043d\u043e \u043e\u0434\" \/>\n\t<meta name=\"twitter:data1\" content=\"Admin\" \/>\n\t<meta name=\"twitter:label2\" content=\"\u041f\u0440\u043e\u0446\u0435\u045a\u0435\u043d\u043e \u0432\u0440\u0435\u043c\u0435 \u0447\u0438\u0442\u0430\u045a\u0430\" \/>\n\t<meta name=\"twitter:data2\" content=\"11 \u043c\u0438\u043d\u0443\u0442\u0430\" \/>\n<script type=\"application\/ld+json\" class=\"yoast-schema-graph\">{\"@context\":\"https:\\\/\\\/schema.org\",\"@graph\":[{\"@type\":\"Article\",\"@id\":\"https:\\\/\\\/resfoundation.org\\\/rs\\\/preuredjenje-finansiranja-i-implementacije-klimatskih-promena-narativi-upravljanje-i-pristup-mutirao-sa-lelom-melon\\\/#article\",\"isPartOf\":{\"@id\":\"https:\\\/\\\/resfoundation.org\\\/rs\\\/preuredjenje-finansiranja-i-implementacije-klimatskih-promena-narativi-upravljanje-i-pristup-mutirao-sa-lelom-melon\\\/\"},\"author\":{\"name\":\"Admin\",\"@id\":\"https:\\\/\\\/resfoundation.org\\\/rs\\\/#\\\/schema\\\/person\\\/742e2bf0bb2a53a86ecf6c4ad424f2ec\"},\"headline\":\"Preure\u0111enje finansiranja i implementacije klimatskih promena \u2013 narativi, upravljanje i pristup Mutir\u00e3o sa Lelom Melon\",\"datePublished\":\"2025-12-09T09:09:51+00:00\",\"mainEntityOfPage\":{\"@id\":\"https:\\\/\\\/resfoundation.org\\\/rs\\\/preuredjenje-finansiranja-i-implementacije-klimatskih-promena-narativi-upravljanje-i-pristup-mutirao-sa-lelom-melon\\\/\"},\"wordCount\":2115,\"publisher\":{\"@id\":\"https:\\\/\\\/resfoundation.org\\\/rs\\\/#organization\"},\"image\":{\"@id\":\"https:\\\/\\\/resfoundation.org\\\/rs\\\/preuredjenje-finansiranja-i-implementacije-klimatskih-promena-narativi-upravljanje-i-pristup-mutirao-sa-lelom-melon\\\/#primaryimage\"},\"thumbnailUrl\":\"https:\\\/\\\/resfoundation.org\\\/rs\\\/wp-content\\\/uploads\\\/2025\\\/12\\\/lela.jpeg\",\"keywords\":[\"KlimatskePromene\"],\"articleSection\":[\"Intervju\"],\"inLanguage\":\"sr-RS\"},{\"@type\":\"WebPage\",\"@id\":\"https:\\\/\\\/resfoundation.org\\\/rs\\\/preuredjenje-finansiranja-i-implementacije-klimatskih-promena-narativi-upravljanje-i-pristup-mutirao-sa-lelom-melon\\\/\",\"url\":\"https:\\\/\\\/resfoundation.org\\\/rs\\\/preuredjenje-finansiranja-i-implementacije-klimatskih-promena-narativi-upravljanje-i-pristup-mutirao-sa-lelom-melon\\\/\",\"name\":\"Preure\u0111enje finansiranja i implementacije klimatskih promena \u2013 narativi, upravljanje i pristup Mutir\u00e3o sa Lelom Melon - RES fondacija\",\"isPartOf\":{\"@id\":\"https:\\\/\\\/resfoundation.org\\\/rs\\\/#website\"},\"primaryImageOfPage\":{\"@id\":\"https:\\\/\\\/resfoundation.org\\\/rs\\\/preuredjenje-finansiranja-i-implementacije-klimatskih-promena-narativi-upravljanje-i-pristup-mutirao-sa-lelom-melon\\\/#primaryimage\"},\"image\":{\"@id\":\"https:\\\/\\\/resfoundation.org\\\/rs\\\/preuredjenje-finansiranja-i-implementacije-klimatskih-promena-narativi-upravljanje-i-pristup-mutirao-sa-lelom-melon\\\/#primaryimage\"},\"thumbnailUrl\":\"https:\\\/\\\/resfoundation.org\\\/rs\\\/wp-content\\\/uploads\\\/2025\\\/12\\\/lela.jpeg\",\"datePublished\":\"2025-12-09T09:09:51+00:00\",\"breadcrumb\":{\"@id\":\"https:\\\/\\\/resfoundation.org\\\/rs\\\/preuredjenje-finansiranja-i-implementacije-klimatskih-promena-narativi-upravljanje-i-pristup-mutirao-sa-lelom-melon\\\/#breadcrumb\"},\"inLanguage\":\"sr-RS\",\"potentialAction\":[{\"@type\":\"ReadAction\",\"target\":[\"https:\\\/\\\/resfoundation.org\\\/rs\\\/preuredjenje-finansiranja-i-implementacije-klimatskih-promena-narativi-upravljanje-i-pristup-mutirao-sa-lelom-melon\\\/\"]}]},{\"@type\":\"ImageObject\",\"inLanguage\":\"sr-RS\",\"@id\":\"https:\\\/\\\/resfoundation.org\\\/rs\\\/preuredjenje-finansiranja-i-implementacije-klimatskih-promena-narativi-upravljanje-i-pristup-mutirao-sa-lelom-melon\\\/#primaryimage\",\"url\":\"https:\\\/\\\/resfoundation.org\\\/rs\\\/wp-content\\\/uploads\\\/2025\\\/12\\\/lela.jpeg\",\"contentUrl\":\"https:\\\/\\\/resfoundation.org\\\/rs\\\/wp-content\\\/uploads\\\/2025\\\/12\\\/lela.jpeg\",\"width\":880,\"height\":698},{\"@type\":\"BreadcrumbList\",\"@id\":\"https:\\\/\\\/resfoundation.org\\\/rs\\\/preuredjenje-finansiranja-i-implementacije-klimatskih-promena-narativi-upravljanje-i-pristup-mutirao-sa-lelom-melon\\\/#breadcrumb\",\"itemListElement\":[{\"@type\":\"ListItem\",\"position\":1,\"name\":\"\u041f\u043e\u0447\u0435\u0442\u043d\u0430\",\"item\":\"https:\\\/\\\/resfoundation.org\\\/rs\\\/\"},{\"@type\":\"ListItem\",\"position\":2,\"name\":\"Preure\u0111enje finansiranja i implementacije klimatskih promena \u2013 narativi, upravljanje i pristup Mutir\u00e3o sa Lelom Melon\"}]},{\"@type\":\"WebSite\",\"@id\":\"https:\\\/\\\/resfoundation.org\\\/rs\\\/#website\",\"url\":\"https:\\\/\\\/resfoundation.org\\\/rs\\\/\",\"name\":\"RES fondacija\",\"description\":\"Partnerships for Resilience\",\"publisher\":{\"@id\":\"https:\\\/\\\/resfoundation.org\\\/rs\\\/#organization\"},\"potentialAction\":[{\"@type\":\"SearchAction\",\"target\":{\"@type\":\"EntryPoint\",\"urlTemplate\":\"https:\\\/\\\/resfoundation.org\\\/rs\\\/?s={search_term_string}\"},\"query-input\":{\"@type\":\"PropertyValueSpecification\",\"valueRequired\":true,\"valueName\":\"search_term_string\"}}],\"inLanguage\":\"sr-RS\"},{\"@type\":\"Organization\",\"@id\":\"https:\\\/\\\/resfoundation.org\\\/rs\\\/#organization\",\"name\":\"RES fondacija\",\"url\":\"https:\\\/\\\/resfoundation.org\\\/rs\\\/\",\"logo\":{\"@type\":\"ImageObject\",\"inLanguage\":\"sr-RS\",\"@id\":\"https:\\\/\\\/resfoundation.org\\\/rs\\\/#\\\/schema\\\/logo\\\/image\\\/\",\"url\":\"https:\\\/\\\/resfoundation.org\\\/rs\\\/wp-content\\\/uploads\\\/2021\\\/03\\\/cropped-cropped-cropped-res-bez-ispisa.png\",\"contentUrl\":\"https:\\\/\\\/resfoundation.org\\\/rs\\\/wp-content\\\/uploads\\\/2021\\\/03\\\/cropped-cropped-cropped-res-bez-ispisa.png\",\"width\":512,\"height\":512,\"caption\":\"RES fondacija\"},\"image\":{\"@id\":\"https:\\\/\\\/resfoundation.org\\\/rs\\\/#\\\/schema\\\/logo\\\/image\\\/\"}},{\"@type\":\"Person\",\"@id\":\"https:\\\/\\\/resfoundation.org\\\/rs\\\/#\\\/schema\\\/person\\\/742e2bf0bb2a53a86ecf6c4ad424f2ec\",\"name\":\"Admin\",\"image\":{\"@type\":\"ImageObject\",\"inLanguage\":\"sr-RS\",\"@id\":\"https:\\\/\\\/secure.gravatar.com\\\/avatar\\\/a89f0bcfcafea886f55b948a23f20a40ba0a924a3f8e5494e130e069c504b756?s=96&d=mm&r=g\",\"url\":\"https:\\\/\\\/secure.gravatar.com\\\/avatar\\\/a89f0bcfcafea886f55b948a23f20a40ba0a924a3f8e5494e130e069c504b756?s=96&d=mm&r=g\",\"contentUrl\":\"https:\\\/\\\/secure.gravatar.com\\\/avatar\\\/a89f0bcfcafea886f55b948a23f20a40ba0a924a3f8e5494e130e069c504b756?s=96&d=mm&r=g\",\"caption\":\"Admin\"},\"sameAs\":[\"https:\\\/\\\/resfoundation.org\\\/rs\"],\"url\":\"https:\\\/\\\/resfoundation.org\\\/rs\\\/author\\\/zoricaresfoundation-org\\\/\"}]}<\/script>\n<!-- \/ Yoast SEO plugin. -->","yoast_head_json":{"title":"Preure\u0111enje finansiranja i implementacije klimatskih promena \u2013 narativi, upravljanje i pristup Mutir\u00e3o sa Lelom Melon - RES fondacija","robots":{"index":"index","follow":"follow","max-snippet":"max-snippet:-1","max-image-preview":"max-image-preview:large","max-video-preview":"max-video-preview:-1"},"canonical":"https:\/\/resfoundation.org\/rs\/preuredjenje-finansiranja-i-implementacije-klimatskih-promena-narativi-upravljanje-i-pristup-mutirao-sa-lelom-melon\/","og_locale":"sr_RS","og_type":"article","og_title":"Preure\u0111enje finansiranja i implementacije klimatskih promena \u2013 narativi, upravljanje i pristup Mutir\u00e3o sa Lelom Melon - RES fondacija","og_description":"#RESTalksCOP je serija intervjua sa COP30, kreirana da ljudima pribli\u017ei proces Okvirne konvencije Ujedinjenih nacija o klimatskim promenama (UNFCCC). Kroz razgovore sa pregovara\u010dima, stru\u010dnjacima i civilnim dru\u0161tvom, istra\u017eujemo razli\u010dite perspektive i uvide iza kulisa. Snimljeni na terenu na 30. Konferenciji strana (COP30), ovi intervjui nude vremensku kapsulu uvida u ljude i pri\u010de koje oblikuju dana\u0161nje [&hellip;]","og_url":"https:\/\/resfoundation.org\/rs\/preuredjenje-finansiranja-i-implementacije-klimatskih-promena-narativi-upravljanje-i-pristup-mutirao-sa-lelom-melon\/","og_site_name":"RES fondacija","article_published_time":"2025-12-09T09:09:51+00:00","og_image":[{"width":880,"height":698,"url":"https:\/\/resfoundation.org\/rs\/wp-content\/uploads\/2025\/12\/lela.jpeg","type":"image\/jpeg"}],"author":"Admin","twitter_card":"summary_large_image","twitter_misc":{"\u041d\u0430\u043f\u0438\u0441\u0430\u043d\u043e \u043e\u0434":"Admin","\u041f\u0440\u043e\u0446\u0435\u045a\u0435\u043d\u043e \u0432\u0440\u0435\u043c\u0435 \u0447\u0438\u0442\u0430\u045a\u0430":"11 \u043c\u0438\u043d\u0443\u0442\u0430"},"schema":{"@context":"https:\/\/schema.org","@graph":[{"@type":"Article","@id":"https:\/\/resfoundation.org\/rs\/preuredjenje-finansiranja-i-implementacije-klimatskih-promena-narativi-upravljanje-i-pristup-mutirao-sa-lelom-melon\/#article","isPartOf":{"@id":"https:\/\/resfoundation.org\/rs\/preuredjenje-finansiranja-i-implementacije-klimatskih-promena-narativi-upravljanje-i-pristup-mutirao-sa-lelom-melon\/"},"author":{"name":"Admin","@id":"https:\/\/resfoundation.org\/rs\/#\/schema\/person\/742e2bf0bb2a53a86ecf6c4ad424f2ec"},"headline":"Preure\u0111enje finansiranja i implementacije klimatskih promena \u2013 narativi, upravljanje i pristup Mutir\u00e3o sa Lelom Melon","datePublished":"2025-12-09T09:09:51+00:00","mainEntityOfPage":{"@id":"https:\/\/resfoundation.org\/rs\/preuredjenje-finansiranja-i-implementacije-klimatskih-promena-narativi-upravljanje-i-pristup-mutirao-sa-lelom-melon\/"},"wordCount":2115,"publisher":{"@id":"https:\/\/resfoundation.org\/rs\/#organization"},"image":{"@id":"https:\/\/resfoundation.org\/rs\/preuredjenje-finansiranja-i-implementacije-klimatskih-promena-narativi-upravljanje-i-pristup-mutirao-sa-lelom-melon\/#primaryimage"},"thumbnailUrl":"https:\/\/resfoundation.org\/rs\/wp-content\/uploads\/2025\/12\/lela.jpeg","keywords":["KlimatskePromene"],"articleSection":["Intervju"],"inLanguage":"sr-RS"},{"@type":"WebPage","@id":"https:\/\/resfoundation.org\/rs\/preuredjenje-finansiranja-i-implementacije-klimatskih-promena-narativi-upravljanje-i-pristup-mutirao-sa-lelom-melon\/","url":"https:\/\/resfoundation.org\/rs\/preuredjenje-finansiranja-i-implementacije-klimatskih-promena-narativi-upravljanje-i-pristup-mutirao-sa-lelom-melon\/","name":"Preure\u0111enje finansiranja i implementacije klimatskih promena \u2013 narativi, upravljanje i pristup Mutir\u00e3o sa Lelom Melon - RES fondacija","isPartOf":{"@id":"https:\/\/resfoundation.org\/rs\/#website"},"primaryImageOfPage":{"@id":"https:\/\/resfoundation.org\/rs\/preuredjenje-finansiranja-i-implementacije-klimatskih-promena-narativi-upravljanje-i-pristup-mutirao-sa-lelom-melon\/#primaryimage"},"image":{"@id":"https:\/\/resfoundation.org\/rs\/preuredjenje-finansiranja-i-implementacije-klimatskih-promena-narativi-upravljanje-i-pristup-mutirao-sa-lelom-melon\/#primaryimage"},"thumbnailUrl":"https:\/\/resfoundation.org\/rs\/wp-content\/uploads\/2025\/12\/lela.jpeg","datePublished":"2025-12-09T09:09:51+00:00","breadcrumb":{"@id":"https:\/\/resfoundation.org\/rs\/preuredjenje-finansiranja-i-implementacije-klimatskih-promena-narativi-upravljanje-i-pristup-mutirao-sa-lelom-melon\/#breadcrumb"},"inLanguage":"sr-RS","potentialAction":[{"@type":"ReadAction","target":["https:\/\/resfoundation.org\/rs\/preuredjenje-finansiranja-i-implementacije-klimatskih-promena-narativi-upravljanje-i-pristup-mutirao-sa-lelom-melon\/"]}]},{"@type":"ImageObject","inLanguage":"sr-RS","@id":"https:\/\/resfoundation.org\/rs\/preuredjenje-finansiranja-i-implementacije-klimatskih-promena-narativi-upravljanje-i-pristup-mutirao-sa-lelom-melon\/#primaryimage","url":"https:\/\/resfoundation.org\/rs\/wp-content\/uploads\/2025\/12\/lela.jpeg","contentUrl":"https:\/\/resfoundation.org\/rs\/wp-content\/uploads\/2025\/12\/lela.jpeg","width":880,"height":698},{"@type":"BreadcrumbList","@id":"https:\/\/resfoundation.org\/rs\/preuredjenje-finansiranja-i-implementacije-klimatskih-promena-narativi-upravljanje-i-pristup-mutirao-sa-lelom-melon\/#breadcrumb","itemListElement":[{"@type":"ListItem","position":1,"name":"\u041f\u043e\u0447\u0435\u0442\u043d\u0430","item":"https:\/\/resfoundation.org\/rs\/"},{"@type":"ListItem","position":2,"name":"Preure\u0111enje finansiranja i implementacije klimatskih promena \u2013 narativi, upravljanje i pristup Mutir\u00e3o sa Lelom Melon"}]},{"@type":"WebSite","@id":"https:\/\/resfoundation.org\/rs\/#website","url":"https:\/\/resfoundation.org\/rs\/","name":"RES fondacija","description":"Partnerships for Resilience","publisher":{"@id":"https:\/\/resfoundation.org\/rs\/#organization"},"potentialAction":[{"@type":"SearchAction","target":{"@type":"EntryPoint","urlTemplate":"https:\/\/resfoundation.org\/rs\/?s={search_term_string}"},"query-input":{"@type":"PropertyValueSpecification","valueRequired":true,"valueName":"search_term_string"}}],"inLanguage":"sr-RS"},{"@type":"Organization","@id":"https:\/\/resfoundation.org\/rs\/#organization","name":"RES fondacija","url":"https:\/\/resfoundation.org\/rs\/","logo":{"@type":"ImageObject","inLanguage":"sr-RS","@id":"https:\/\/resfoundation.org\/rs\/#\/schema\/logo\/image\/","url":"https:\/\/resfoundation.org\/rs\/wp-content\/uploads\/2021\/03\/cropped-cropped-cropped-res-bez-ispisa.png","contentUrl":"https:\/\/resfoundation.org\/rs\/wp-content\/uploads\/2021\/03\/cropped-cropped-cropped-res-bez-ispisa.png","width":512,"height":512,"caption":"RES fondacija"},"image":{"@id":"https:\/\/resfoundation.org\/rs\/#\/schema\/logo\/image\/"}},{"@type":"Person","@id":"https:\/\/resfoundation.org\/rs\/#\/schema\/person\/742e2bf0bb2a53a86ecf6c4ad424f2ec","name":"Admin","image":{"@type":"ImageObject","inLanguage":"sr-RS","@id":"https:\/\/secure.gravatar.com\/avatar\/a89f0bcfcafea886f55b948a23f20a40ba0a924a3f8e5494e130e069c504b756?s=96&d=mm&r=g","url":"https:\/\/secure.gravatar.com\/avatar\/a89f0bcfcafea886f55b948a23f20a40ba0a924a3f8e5494e130e069c504b756?s=96&d=mm&r=g","contentUrl":"https:\/\/secure.gravatar.com\/avatar\/a89f0bcfcafea886f55b948a23f20a40ba0a924a3f8e5494e130e069c504b756?s=96&d=mm&r=g","caption":"Admin"},"sameAs":["https:\/\/resfoundation.org\/rs"],"url":"https:\/\/resfoundation.org\/rs\/author\/zoricaresfoundation-org\/"}]}},"_links":{"self":[{"href":"https:\/\/resfoundation.org\/rs\/wp-json\/wp\/v2\/posts\/5424","targetHints":{"allow":["GET"]}}],"collection":[{"href":"https:\/\/resfoundation.org\/rs\/wp-json\/wp\/v2\/posts"}],"about":[{"href":"https:\/\/resfoundation.org\/rs\/wp-json\/wp\/v2\/types\/post"}],"author":[{"embeddable":true,"href":"https:\/\/resfoundation.org\/rs\/wp-json\/wp\/v2\/users\/3"}],"replies":[{"embeddable":true,"href":"https:\/\/resfoundation.org\/rs\/wp-json\/wp\/v2\/comments?post=5424"}],"version-history":[{"count":1,"href":"https:\/\/resfoundation.org\/rs\/wp-json\/wp\/v2\/posts\/5424\/revisions"}],"predecessor-version":[{"id":5426,"href":"https:\/\/resfoundation.org\/rs\/wp-json\/wp\/v2\/posts\/5424\/revisions\/5426"}],"wp:featuredmedia":[{"embeddable":true,"href":"https:\/\/resfoundation.org\/rs\/wp-json\/wp\/v2\/media\/5425"}],"wp:attachment":[{"href":"https:\/\/resfoundation.org\/rs\/wp-json\/wp\/v2\/media?parent=5424"}],"wp:term":[{"taxonomy":"category","embeddable":true,"href":"https:\/\/resfoundation.org\/rs\/wp-json\/wp\/v2\/categories?post=5424"},{"taxonomy":"post_tag","embeddable":true,"href":"https:\/\/resfoundation.org\/rs\/wp-json\/wp\/v2\/tags?post=5424"}],"curies":[{"name":"wp","href":"https:\/\/api.w.org\/{rel}","templated":true}]}}