{"id":5427,"date":"2025-12-10T12:16:51","date_gmt":"2025-12-10T12:16:51","guid":{"rendered":"https:\/\/resfoundation.org\/rs\/?p=5427"},"modified":"2025-12-10T12:16:51","modified_gmt":"2025-12-10T12:16:51","slug":"zivot-na-prvoj-liniji-klimatskog-fronta-belem-identitet-i-inkluzija-na-cop30-sa-ruanom-rodrigesom","status":"publish","type":"post","link":"https:\/\/resfoundation.org\/rs\/zivot-na-prvoj-liniji-klimatskog-fronta-belem-identitet-i-inkluzija-na-cop30-sa-ruanom-rodrigesom\/","title":{"rendered":"\u017divot na prvoj liniji klimatskog fronta \u2013 Belem, identitet i inkluzija na COP30 sa Ruanom Rodrigesom"},"content":{"rendered":"<div class=\"wp-block-image\">\n<figure class=\"aligncenter size-large\"><img fetchpriority=\"high\" decoding=\"async\" width=\"1024\" height=\"680\" src=\"https:\/\/resfoundation.org\/rs\/wp-content\/uploads\/2025\/12\/ruan-e1765273918845-1024x680.jpeg\" alt=\"\" class=\"wp-image-5428\" srcset=\"https:\/\/resfoundation.org\/rs\/wp-content\/uploads\/2025\/12\/ruan-e1765273918845-1024x680.jpeg 1024w, https:\/\/resfoundation.org\/rs\/wp-content\/uploads\/2025\/12\/ruan-e1765273918845-300x199.jpeg 300w, https:\/\/resfoundation.org\/rs\/wp-content\/uploads\/2025\/12\/ruan-e1765273918845-768x510.jpeg 768w, https:\/\/resfoundation.org\/rs\/wp-content\/uploads\/2025\/12\/ruan-e1765273918845.jpeg 1242w\" sizes=\"(max-width: 1024px) 100vw, 1024px\" \/><figcaption class=\"wp-element-caption\">Fotografija: Ruan Rodriges<\/figcaption><\/figure>\n<\/div>\n\n\n<p>#RESTalksCOP je serija intervjua sa COP30, kreirana da ljudima pribli\u017ei proces Okvirne konvencije Ujedinjenih nacija o klimatskim promenama (UNFCCC). Kroz razgovore sa pregovara\u010dima, stru\u010dnjacima i civilnim dru\u0161tvom, istra\u017eujemo razli\u010dite perspektive i uvide iza kulisa. Snimljeni na terenu na 30. Konferenciji strana (COP30), ovi intervjui nude vremensku kapsulu uvida u ljude i pri\u010de koje oblikuju dana\u0161nje pregovore o klimi.<\/p>\n\n\n\n<p>Razgovarali smo sa <strong>Ruanom Rodrigesom<\/strong>, \u010dlanom COJOVEM-a, organizacije koja radi na osna\u017eivanju nedovoljno zastupljenih mladih ljudi u Amazonu. Ruan deli svoju perspektivu o tome \u0161ta zna\u010di odr\u017eavanje COP30 u njegovom rodnom gradu, dugogodi\u0161nje nejednakosti koje oblikuju region i kako samit uti\u010de na lokalnu vidljivost, identitet i zastupljenost.<\/p>\n\n\n\n<p><strong>Ruan Rodriges<\/strong>: Zdravo, zovem se Ruan. Imam 26 godina, iz Belema sam. \u010clan sam COJOVEM-a, organizacije sa sedi\u0161tem u Belemu u dr\u017eavi Para koja radi na promociji anga\u017eovanja mladih, posebno me\u0111u mladima iz ugro\u017eenih grupa u gradu. Ima nekoliko inicijativa koje se krec\u0301u od radionica i drugih aktivnosti osna\u017eivanja mladih do dizajniranja javnopoliti\u010dkih kratkih izve\u0161taja koji se mogu podeliti sa vladinim zvani\u010dnicima kako bi se povec\u0301ala dobrobit mladih.<\/p>\n\n\n\n<p><strong>Zvezdana Bo\u017eovic\u0301<\/strong>: Da li radite i na klimatskim projektima?<\/p>\n\n\n\n<p><strong>Ruan<\/strong>: Radimo! Ne mo\u017eemo da pri\u010damo o mladima ili buduc\u0301nosti ili blagostanju bilo koga, ne samo mladih, a da ne pri\u010damo o klimi. Pogotovo \u0161to smo u Amazoniji, \u0161to nije va\u017eno samo za regulisanje svetske klime, vec\u0301 i zato \u0161to smo veoma ranjivi na klimatske promene i klimatske katastrofe.<\/p>\n\n\n\n<p><strong>Zvezdana<\/strong>: Odluka da se COP odr\u017ei u Belemu nai\u0161la je na pome\u0161ane reakcije. Neki ljudi su tu ideju podr\u017eali i videli su viziju vlade da postavi pregovore u sr\u017e problema, dakle u sr\u017e ulaza u Amazoniju. S druge strane, neki ljudi su kritikovali izbor grada domac\u0301ina kao mo\u017eda neadekvatan ili nedovoljno sposoban sa stanovi\u0161ta infrastrukture da podr\u017ei ovaj doga\u0111aj. Kakva je bila Va\u0161a prva reakcija kada ste \u010duli da c\u0301e se ovaj vodec\u0301i doga\u0111aj za klimatske promene odr\u017eati u Va\u0161em gradu?<\/p>\n\n\n\n<p><strong>Ruan<\/strong>: Pretpostavljam da biste mogli rec\u0301i da sam malo pristrasna jer sam odavde. Istovremeno, \u010dak su i ljudi odavde imali razli\u010dite reakcije na to. Neki ljudi su bili protiv toga, a neki su bili veoma za to. \u0160to se mene ti\u010de, znao sam za izazove sa kojima se suo\u010davamo jer \u017eivim ovde. Nije da poku\u0161avamo da ka\u017eemo da nemamo nikakvih problema i da je sve na \u0161ta se ljudi \u017eale la\u017e. Imamo probleme, i imajte na umu da vec\u0301ina posetilaca samo dve nedelje do\u017eivljava vruc\u0301inu i saobrac\u0301aj. Ja to do\u017eivljavam vec\u0301 26 godina, tako da sam u toku.<\/p>\n\n\n\n<p>Istovremeno, ako je cilj i ono \u0161to je toliko va\u017eno za konferenciju infrastruktura i odgovarajuc\u0301a klimatizacija, a to je va\u017enije od stvarne relevantnosti diskusija koje se vode, da li konferencija zaista radi ono \u0161to bi trebalo da radi? Na kraju krajeva, mislim da je to bila ispravna odluka. Dugo vremena smo morali da se borimo protiv mnogo predrasuda i ksenofobije koje su dolazile \u010dak i iz samog Brazila na po\u010detku. Istorijski gledano, Amazonija i severni region Brazila su veoma ozbiljno i dramati\u010dno bili ostavljeni van <em>velike nacije Brazila<\/em>.<\/p>\n\n\n\n<p>\u010cini se kao da smo druga\u010dija zemlja na mnogo na\u010dina, tako da nije prvi put da se suo\u010davamo sa predrasudama u Brazilu. Stereotip je da je Amazonija samo velika \u0161uma i da ovde nema ni\u010dega, i da su svi koji ovde \u017eive samo gomila starosedelaca u svojim malim zajednicama usred ni\u010dega. Ni\u0161ta od ovoga nije novo, ali ove godine smo se posebno morali boriti protiv toga vi\u0161e nego ranije.<\/p>\n\n\n\n<p>Li\u010dno, mislim da je bila briljantna ideja da se konferencija odr\u017ei ovde, ne uprkos problemima, vec\u0301 \u010dak i s obzirom na probleme. Ne o\u010dekujem da svi zavole grad, mada je prili\u010dno te\u0161ko ne voleti ga. Ako ni\u0161ta drugo, \u017eelim da ljudi napuste Belem znajuc\u0301i i bivaju\u0107i svesni koliko je te\u0161ko \u017eiveti ovde i da znaju da je to uzrokovano ne samo klimatskim promenama, jer je to relativno skorija stvar, vec\u0301 i kolonijalizmom i strukturama nepravde i moc\u0301i koje su u\u010dinile Amazoniju onim \u0161to je danas. Pre hiljada godina, Amazonija je bila veoma napredna civilizacija, ali onda zbog kolonizacije i zbog na\u010dina na koji se to odvijalo u zemlji, ostala je u ovoj poziciji kolonije unutar kolonije. Najdu\u017ee vreme se sve de\u0161avalo na jugoistoku Brazila i moc\u0301 je bila koncentrisana tamo. Nakon \u0161to je Brazil postao nezavisan, tako je i ostao. To je jedan od razloga za\u0161to imamo tako niske nivoe indeksa humanog razvoja (HDI). Ako razmislite o deset gradova sa najni\u017eim HDI u Brazilu, svi su u Amazoniji. To nije bez razloga i nije zato \u0161to je Amazonija siroma\u0161na ili bez resursa.<\/p>\n\n\n\n<p>Upravo je suprotno. To je zbog moc\u0301i i nepravde koja ima korene u kolonijalizmu, zato \u017eelim da ljudi do\u0111u i vide kako je \u017eiveti u ovom malom delu zemlje. Zapravo nije ba\u0161 mali \u2013 oko 40% Brazila je Amazonija. Mnogo nas \u017eivi ovde, ne samo nekoliko zajednica ovde i onde. Prili\u010dno sam siguran da su mnogi ljudi koji do\u0111u iznena\u0111eni kada vide da c\u0301e sleteti u veliki grad sa zgradama. Okru\u017een je pra\u0161umom, ali je i veliki grad. Sada, pored istorije zanemarivanja, moramo se nositi i sa klimatskim promenama. Zato je toliko va\u017eno da se ove diskusije odvijaju ovde jer smo najdu\u017ee vremena bili ostavljeni van svega, \u010dak i odluka koje su se ticale nas samih.<\/p>\n\n\n\n<p><strong>Zvezdana<\/strong>: Pomenuli ste ovo iskustvo isklju\u010denja iz procesa koji se ti\u010du lokalnih zajednica. Drugog dana COP30, autohtoni aktivisti su protestovali i poku\u0161ali da u\u0111u u prostoriju, mo\u017eda sugeri\u0161uc\u0301i da nisu imali druge efikasne na\u010dine da se njihovi glasovi \u010duju. Po Va\u0161em mi\u0161ljenju, da li je COP30 do sada ispunio o\u010dekivanja da bude prostor koji uklju\u010duje i predstavlja ove perspektive?<\/p>\n\n\n\n<p><strong>Ruan<\/strong>: To je odli\u010dna poenta i mislim da pokazuje da postoji mikrokosmos problema. Rekao bih da za obe perspektive. U smislu da dovo\u0111enje COP-a u Amazoniju ru\u0161i mnoge paradigme i zapravo omoguc\u0301ava fundamentalnu promenu u na\u010dinu na koji se ovi pregovori odvijaju. Ne ka\u017eem da c\u0301e dovo\u0111enje COP-a u Belem re\u0161iti svaki problem s obzirom na to koliko je to ekskluzivan doga\u0111aj. Ako protestuju, to nije bez razloga. Kada hodamo hodnicima ovde, vidimo mnogo autohtonih ljudi, ali istovremeno, moglo bi ih biti vi\u0161e, kao i vi\u0161e mladih, vi\u0161e ljudi u nepovoljnom polo\u017eaju. Ali stvar je u tome, ako bi se ovaj doga\u0111aj desio na jugu Brazila ili negde drugde u svetu, ovi ljudi ne bi mogli ni da dolete tamo da protestuju. Nije idealno da budu ostavljeni napolju, ali istovremeno, ovo je prvi put da se ovaj doga\u0111aj de\u0161ava dovoljno blizu da bi nekako mogli da se \u010duju i da se pribli\u017ee. Ponovo, nije idealno, ali je najbli\u017ee procesu \u0161to smo ikad bili.<\/p>\n\n\n\n<p><strong>Zvezdana<\/strong>: Zatim, u isto vreme, pre nekoliko dana, narod Munduruku je protestovao ispred mesta odr\u017eavanja i predsednik i izvr\u0161ni direktor COP-a su iza\u0161li i sastali se sa njima. To je rezultiralo time da je zajednica obezbedila obavezu vlade da krene napred sa razgrani\u010denjem svojih teritorija i da preispita velike infrastrukturne projekte koji uti\u010du na njihovu zemlju, \u0161to je pozitivan ishod.<\/p>\n\n\n\n<p><strong>Ruan<\/strong>: Da!<\/p>\n\n\n\n<p><strong>Zvezdana<\/strong>: Ovo je samo doga\u0111aj koji traje oko dve nedelje. Pitanje je sada \u0161ta dolazi posle COP-a. Da li mislite da c\u0301e ovaj COP biti katalizator za dalje promene i napredak, ili ga vi\u0161e vidite kao anomaliju?<\/p>\n\n\n\n<p><strong>Ruan<\/strong>: Da budem brutalno iskren, rastrzan sam izme\u0111u dve moguc\u0301nosti. Deo mene misli da je to samo anomalija i da c\u0301e se, nakon \u0161to se to zavr\u0161i, stvari vratiti na staro, sa izuzetkom nove infrastrukture oko grada koju smo dobili od konferencije. Mo\u017eda c\u0301e to biti to, i samo c\u0301e infrastruktura ostati nasle\u0111e konferencije. Istovremeno, mo\u017eda \u010dak i ako se na\u010din rada ne promeni, poznajuc\u0301i politiku, ono \u0161to c\u0301e se promeniti, bez sumnje, jeste na\u010din na koji ljudi po\u010dinju da se osec\u0301aju osna\u017eenije. Po\u010dinju da osec\u0301aju da njihovi glasovi imaju zna\u010daj i da ono \u0161to delimo ima vrednost. Ovo je prvi put da kao stanovnik Amazonije mislim da to osec\u0301amo ovde. To proizilazi iz toga \u0161to ljudi \u010duju \u0161ta imamo da ka\u017eemo iz na\u0161ih iskustava sa klimatskim promenama i klimatskim ekstremima, ali je tako\u0111e i prvi put da toliko ljudi dolazi ovde i interesuje se za na\u0161u hranu, za na\u0161u muziku, znate?<\/p>\n\n\n\n<p>Mislim da to ne\u0161to \u010dini za stanovni\u0161tvo iz ovih krajeva koje je toliko dugo bilo isklju\u010deno, da daje osec\u0301aj da ima istoriju i identitet koji treba ceniti. Dakle, mislim da je to vidim ovde. Kao stanovnik Amazonije, ovo je tako lepo i za mene je najlep\u0161a stvar od svega ovoga taj proces gledanja me\u0161tana kako uvi\u0111aju koliko je vredan na\u0161 identitet, na\u0161a kultura, na\u0161e pri\u010de, boje i na\u010dini razumevanja sveta, i da postoje ljudi zainteresovani da u\u010de o tome. \u010cak i ako se na\u010din rada vlada i kompanija ne promeni, ovo c\u0301e biti jedina stvar koja c\u0301e se promeniti.<\/p>\n\n\n\n<p><strong>Zvezdana<\/strong>: Hvala Vam puno \u0161to ste odvojili vreme da razgovarate sa mnom. Ako ljudi \u017eele da saznaju vi\u0161e o Va\u0161em radu, gde Vas mogu pronac\u0301i?<\/p>\n\n\n\n<p><strong>Ruan<\/strong>: Ljudi nas mogu pronac\u0301i na na\u0161em Instagramu, @cojovem.br.<\/p>\n\n\n\n<p><em>Intervju obavljen 19. novembra 2025.<\/em><\/p>\n","protected":false},"excerpt":{"rendered":"<p>#RESTalksCOP je serija intervjua sa COP30, kreirana da ljudima pribli\u017ei proces Okvirne konvencije Ujedinjenih nacija o klimatskim promenama (UNFCCC). Kroz razgovore sa pregovara\u010dima, stru\u010dnjacima i civilnim dru\u0161tvom, istra\u017eujemo razli\u010dite perspektive i uvide iza kulisa. Snimljeni na terenu na 30. Konferenciji strana (COP30), ovi intervjui nude vremensku kapsulu uvida u ljude i pri\u010de koje oblikuju dana\u0161nje [&hellip;]<\/p>\n","protected":false},"author":3,"featured_media":5428,"comment_status":"closed","ping_status":"closed","sticky":false,"template":"","format":"standard","meta":{"footnotes":""},"categories":[42],"tags":[15],"class_list":["post-5427","post","type-post","status-publish","format-standard","has-post-thumbnail","hentry","category-intervju","tag-klimatskepromene"],"yoast_head":"<!-- This site is optimized with the Yoast SEO plugin v27.5 - https:\/\/yoast.com\/product\/yoast-seo-wordpress\/ -->\n<title>\u017divot na prvoj liniji klimatskog fronta \u2013 Belem, identitet i inkluzija na COP30 sa Ruanom Rodrigesom - RES fondacija<\/title>\n<meta name=\"robots\" content=\"index, follow, max-snippet:-1, max-image-preview:large, max-video-preview:-1\" \/>\n<link rel=\"canonical\" href=\"https:\/\/resfoundation.org\/rs\/zivot-na-prvoj-liniji-klimatskog-fronta-belem-identitet-i-inkluzija-na-cop30-sa-ruanom-rodrigesom\/\" \/>\n<meta property=\"og:locale\" content=\"sr_RS\" \/>\n<meta property=\"og:type\" content=\"article\" \/>\n<meta property=\"og:title\" content=\"\u017divot na prvoj liniji klimatskog fronta \u2013 Belem, identitet i inkluzija na COP30 sa Ruanom Rodrigesom - RES fondacija\" \/>\n<meta property=\"og:description\" content=\"#RESTalksCOP je serija intervjua sa COP30, kreirana da ljudima pribli\u017ei proces Okvirne konvencije Ujedinjenih nacija o klimatskim promenama (UNFCCC). Kroz razgovore sa pregovara\u010dima, stru\u010dnjacima i civilnim dru\u0161tvom, istra\u017eujemo razli\u010dite perspektive i uvide iza kulisa. Snimljeni na terenu na 30. Konferenciji strana (COP30), ovi intervjui nude vremensku kapsulu uvida u ljude i pri\u010de koje oblikuju dana\u0161nje [&hellip;]\" \/>\n<meta property=\"og:url\" content=\"https:\/\/resfoundation.org\/rs\/zivot-na-prvoj-liniji-klimatskog-fronta-belem-identitet-i-inkluzija-na-cop30-sa-ruanom-rodrigesom\/\" \/>\n<meta property=\"og:site_name\" content=\"RES fondacija\" \/>\n<meta property=\"article:published_time\" content=\"2025-12-10T12:16:51+00:00\" \/>\n<meta property=\"og:image\" content=\"https:\/\/resfoundation.org\/rs\/wp-content\/uploads\/2025\/12\/ruan-e1765273918845.jpeg\" \/>\n\t<meta property=\"og:image:width\" content=\"1242\" \/>\n\t<meta property=\"og:image:height\" content=\"825\" \/>\n\t<meta property=\"og:image:type\" content=\"image\/jpeg\" \/>\n<meta name=\"author\" content=\"Admin\" \/>\n<meta name=\"twitter:card\" content=\"summary_large_image\" \/>\n<meta name=\"twitter:label1\" content=\"\u041d\u0430\u043f\u0438\u0441\u0430\u043d\u043e \u043e\u0434\" \/>\n\t<meta name=\"twitter:data1\" content=\"Admin\" \/>\n\t<meta name=\"twitter:label2\" content=\"\u041f\u0440\u043e\u0446\u0435\u045a\u0435\u043d\u043e \u0432\u0440\u0435\u043c\u0435 \u0447\u0438\u0442\u0430\u045a\u0430\" \/>\n\t<meta name=\"twitter:data2\" content=\"9 \u043c\u0438\u043d\u0443\u0442\u0430\" \/>\n<script type=\"application\/ld+json\" class=\"yoast-schema-graph\">{\"@context\":\"https:\\\/\\\/schema.org\",\"@graph\":[{\"@type\":\"Article\",\"@id\":\"https:\\\/\\\/resfoundation.org\\\/rs\\\/zivot-na-prvoj-liniji-klimatskog-fronta-belem-identitet-i-inkluzija-na-cop30-sa-ruanom-rodrigesom\\\/#article\",\"isPartOf\":{\"@id\":\"https:\\\/\\\/resfoundation.org\\\/rs\\\/zivot-na-prvoj-liniji-klimatskog-fronta-belem-identitet-i-inkluzija-na-cop30-sa-ruanom-rodrigesom\\\/\"},\"author\":{\"name\":\"Admin\",\"@id\":\"https:\\\/\\\/resfoundation.org\\\/rs\\\/#\\\/schema\\\/person\\\/742e2bf0bb2a53a86ecf6c4ad424f2ec\"},\"headline\":\"\u017divot na prvoj liniji klimatskog fronta \u2013 Belem, identitet i inkluzija na COP30 sa Ruanom Rodrigesom\",\"datePublished\":\"2025-12-10T12:16:51+00:00\",\"mainEntityOfPage\":{\"@id\":\"https:\\\/\\\/resfoundation.org\\\/rs\\\/zivot-na-prvoj-liniji-klimatskog-fronta-belem-identitet-i-inkluzija-na-cop30-sa-ruanom-rodrigesom\\\/\"},\"wordCount\":1667,\"publisher\":{\"@id\":\"https:\\\/\\\/resfoundation.org\\\/rs\\\/#organization\"},\"image\":{\"@id\":\"https:\\\/\\\/resfoundation.org\\\/rs\\\/zivot-na-prvoj-liniji-klimatskog-fronta-belem-identitet-i-inkluzija-na-cop30-sa-ruanom-rodrigesom\\\/#primaryimage\"},\"thumbnailUrl\":\"https:\\\/\\\/resfoundation.org\\\/rs\\\/wp-content\\\/uploads\\\/2025\\\/12\\\/ruan-e1765273918845.jpeg\",\"keywords\":[\"KlimatskePromene\"],\"articleSection\":[\"Intervju\"],\"inLanguage\":\"sr-RS\"},{\"@type\":\"WebPage\",\"@id\":\"https:\\\/\\\/resfoundation.org\\\/rs\\\/zivot-na-prvoj-liniji-klimatskog-fronta-belem-identitet-i-inkluzija-na-cop30-sa-ruanom-rodrigesom\\\/\",\"url\":\"https:\\\/\\\/resfoundation.org\\\/rs\\\/zivot-na-prvoj-liniji-klimatskog-fronta-belem-identitet-i-inkluzija-na-cop30-sa-ruanom-rodrigesom\\\/\",\"name\":\"\u017divot na prvoj liniji klimatskog fronta \u2013 Belem, identitet i inkluzija na COP30 sa Ruanom Rodrigesom - RES fondacija\",\"isPartOf\":{\"@id\":\"https:\\\/\\\/resfoundation.org\\\/rs\\\/#website\"},\"primaryImageOfPage\":{\"@id\":\"https:\\\/\\\/resfoundation.org\\\/rs\\\/zivot-na-prvoj-liniji-klimatskog-fronta-belem-identitet-i-inkluzija-na-cop30-sa-ruanom-rodrigesom\\\/#primaryimage\"},\"image\":{\"@id\":\"https:\\\/\\\/resfoundation.org\\\/rs\\\/zivot-na-prvoj-liniji-klimatskog-fronta-belem-identitet-i-inkluzija-na-cop30-sa-ruanom-rodrigesom\\\/#primaryimage\"},\"thumbnailUrl\":\"https:\\\/\\\/resfoundation.org\\\/rs\\\/wp-content\\\/uploads\\\/2025\\\/12\\\/ruan-e1765273918845.jpeg\",\"datePublished\":\"2025-12-10T12:16:51+00:00\",\"breadcrumb\":{\"@id\":\"https:\\\/\\\/resfoundation.org\\\/rs\\\/zivot-na-prvoj-liniji-klimatskog-fronta-belem-identitet-i-inkluzija-na-cop30-sa-ruanom-rodrigesom\\\/#breadcrumb\"},\"inLanguage\":\"sr-RS\",\"potentialAction\":[{\"@type\":\"ReadAction\",\"target\":[\"https:\\\/\\\/resfoundation.org\\\/rs\\\/zivot-na-prvoj-liniji-klimatskog-fronta-belem-identitet-i-inkluzija-na-cop30-sa-ruanom-rodrigesom\\\/\"]}]},{\"@type\":\"ImageObject\",\"inLanguage\":\"sr-RS\",\"@id\":\"https:\\\/\\\/resfoundation.org\\\/rs\\\/zivot-na-prvoj-liniji-klimatskog-fronta-belem-identitet-i-inkluzija-na-cop30-sa-ruanom-rodrigesom\\\/#primaryimage\",\"url\":\"https:\\\/\\\/resfoundation.org\\\/rs\\\/wp-content\\\/uploads\\\/2025\\\/12\\\/ruan-e1765273918845.jpeg\",\"contentUrl\":\"https:\\\/\\\/resfoundation.org\\\/rs\\\/wp-content\\\/uploads\\\/2025\\\/12\\\/ruan-e1765273918845.jpeg\",\"width\":1242,\"height\":825},{\"@type\":\"BreadcrumbList\",\"@id\":\"https:\\\/\\\/resfoundation.org\\\/rs\\\/zivot-na-prvoj-liniji-klimatskog-fronta-belem-identitet-i-inkluzija-na-cop30-sa-ruanom-rodrigesom\\\/#breadcrumb\",\"itemListElement\":[{\"@type\":\"ListItem\",\"position\":1,\"name\":\"\u041f\u043e\u0447\u0435\u0442\u043d\u0430\",\"item\":\"https:\\\/\\\/resfoundation.org\\\/rs\\\/\"},{\"@type\":\"ListItem\",\"position\":2,\"name\":\"\u017divot na prvoj liniji klimatskog fronta \u2013 Belem, identitet i inkluzija na COP30 sa Ruanom Rodrigesom\"}]},{\"@type\":\"WebSite\",\"@id\":\"https:\\\/\\\/resfoundation.org\\\/rs\\\/#website\",\"url\":\"https:\\\/\\\/resfoundation.org\\\/rs\\\/\",\"name\":\"RES fondacija\",\"description\":\"Partnerships for Resilience\",\"publisher\":{\"@id\":\"https:\\\/\\\/resfoundation.org\\\/rs\\\/#organization\"},\"potentialAction\":[{\"@type\":\"SearchAction\",\"target\":{\"@type\":\"EntryPoint\",\"urlTemplate\":\"https:\\\/\\\/resfoundation.org\\\/rs\\\/?s={search_term_string}\"},\"query-input\":{\"@type\":\"PropertyValueSpecification\",\"valueRequired\":true,\"valueName\":\"search_term_string\"}}],\"inLanguage\":\"sr-RS\"},{\"@type\":\"Organization\",\"@id\":\"https:\\\/\\\/resfoundation.org\\\/rs\\\/#organization\",\"name\":\"RES fondacija\",\"url\":\"https:\\\/\\\/resfoundation.org\\\/rs\\\/\",\"logo\":{\"@type\":\"ImageObject\",\"inLanguage\":\"sr-RS\",\"@id\":\"https:\\\/\\\/resfoundation.org\\\/rs\\\/#\\\/schema\\\/logo\\\/image\\\/\",\"url\":\"https:\\\/\\\/resfoundation.org\\\/rs\\\/wp-content\\\/uploads\\\/2021\\\/03\\\/cropped-cropped-cropped-res-bez-ispisa.png\",\"contentUrl\":\"https:\\\/\\\/resfoundation.org\\\/rs\\\/wp-content\\\/uploads\\\/2021\\\/03\\\/cropped-cropped-cropped-res-bez-ispisa.png\",\"width\":512,\"height\":512,\"caption\":\"RES fondacija\"},\"image\":{\"@id\":\"https:\\\/\\\/resfoundation.org\\\/rs\\\/#\\\/schema\\\/logo\\\/image\\\/\"}},{\"@type\":\"Person\",\"@id\":\"https:\\\/\\\/resfoundation.org\\\/rs\\\/#\\\/schema\\\/person\\\/742e2bf0bb2a53a86ecf6c4ad424f2ec\",\"name\":\"Admin\",\"image\":{\"@type\":\"ImageObject\",\"inLanguage\":\"sr-RS\",\"@id\":\"https:\\\/\\\/secure.gravatar.com\\\/avatar\\\/a89f0bcfcafea886f55b948a23f20a40ba0a924a3f8e5494e130e069c504b756?s=96&d=mm&r=g\",\"url\":\"https:\\\/\\\/secure.gravatar.com\\\/avatar\\\/a89f0bcfcafea886f55b948a23f20a40ba0a924a3f8e5494e130e069c504b756?s=96&d=mm&r=g\",\"contentUrl\":\"https:\\\/\\\/secure.gravatar.com\\\/avatar\\\/a89f0bcfcafea886f55b948a23f20a40ba0a924a3f8e5494e130e069c504b756?s=96&d=mm&r=g\",\"caption\":\"Admin\"},\"sameAs\":[\"https:\\\/\\\/resfoundation.org\\\/rs\"],\"url\":\"https:\\\/\\\/resfoundation.org\\\/rs\\\/author\\\/zoricaresfoundation-org\\\/\"}]}<\/script>\n<!-- \/ Yoast SEO plugin. -->","yoast_head_json":{"title":"\u017divot na prvoj liniji klimatskog fronta \u2013 Belem, identitet i inkluzija na COP30 sa Ruanom Rodrigesom - RES fondacija","robots":{"index":"index","follow":"follow","max-snippet":"max-snippet:-1","max-image-preview":"max-image-preview:large","max-video-preview":"max-video-preview:-1"},"canonical":"https:\/\/resfoundation.org\/rs\/zivot-na-prvoj-liniji-klimatskog-fronta-belem-identitet-i-inkluzija-na-cop30-sa-ruanom-rodrigesom\/","og_locale":"sr_RS","og_type":"article","og_title":"\u017divot na prvoj liniji klimatskog fronta \u2013 Belem, identitet i inkluzija na COP30 sa Ruanom Rodrigesom - RES fondacija","og_description":"#RESTalksCOP je serija intervjua sa COP30, kreirana da ljudima pribli\u017ei proces Okvirne konvencije Ujedinjenih nacija o klimatskim promenama (UNFCCC). Kroz razgovore sa pregovara\u010dima, stru\u010dnjacima i civilnim dru\u0161tvom, istra\u017eujemo razli\u010dite perspektive i uvide iza kulisa. Snimljeni na terenu na 30. Konferenciji strana (COP30), ovi intervjui nude vremensku kapsulu uvida u ljude i pri\u010de koje oblikuju dana\u0161nje [&hellip;]","og_url":"https:\/\/resfoundation.org\/rs\/zivot-na-prvoj-liniji-klimatskog-fronta-belem-identitet-i-inkluzija-na-cop30-sa-ruanom-rodrigesom\/","og_site_name":"RES fondacija","article_published_time":"2025-12-10T12:16:51+00:00","og_image":[{"width":1242,"height":825,"url":"https:\/\/resfoundation.org\/rs\/wp-content\/uploads\/2025\/12\/ruan-e1765273918845.jpeg","type":"image\/jpeg"}],"author":"Admin","twitter_card":"summary_large_image","twitter_misc":{"\u041d\u0430\u043f\u0438\u0441\u0430\u043d\u043e \u043e\u0434":"Admin","\u041f\u0440\u043e\u0446\u0435\u045a\u0435\u043d\u043e \u0432\u0440\u0435\u043c\u0435 \u0447\u0438\u0442\u0430\u045a\u0430":"9 \u043c\u0438\u043d\u0443\u0442\u0430"},"schema":{"@context":"https:\/\/schema.org","@graph":[{"@type":"Article","@id":"https:\/\/resfoundation.org\/rs\/zivot-na-prvoj-liniji-klimatskog-fronta-belem-identitet-i-inkluzija-na-cop30-sa-ruanom-rodrigesom\/#article","isPartOf":{"@id":"https:\/\/resfoundation.org\/rs\/zivot-na-prvoj-liniji-klimatskog-fronta-belem-identitet-i-inkluzija-na-cop30-sa-ruanom-rodrigesom\/"},"author":{"name":"Admin","@id":"https:\/\/resfoundation.org\/rs\/#\/schema\/person\/742e2bf0bb2a53a86ecf6c4ad424f2ec"},"headline":"\u017divot na prvoj liniji klimatskog fronta \u2013 Belem, identitet i inkluzija na COP30 sa Ruanom Rodrigesom","datePublished":"2025-12-10T12:16:51+00:00","mainEntityOfPage":{"@id":"https:\/\/resfoundation.org\/rs\/zivot-na-prvoj-liniji-klimatskog-fronta-belem-identitet-i-inkluzija-na-cop30-sa-ruanom-rodrigesom\/"},"wordCount":1667,"publisher":{"@id":"https:\/\/resfoundation.org\/rs\/#organization"},"image":{"@id":"https:\/\/resfoundation.org\/rs\/zivot-na-prvoj-liniji-klimatskog-fronta-belem-identitet-i-inkluzija-na-cop30-sa-ruanom-rodrigesom\/#primaryimage"},"thumbnailUrl":"https:\/\/resfoundation.org\/rs\/wp-content\/uploads\/2025\/12\/ruan-e1765273918845.jpeg","keywords":["KlimatskePromene"],"articleSection":["Intervju"],"inLanguage":"sr-RS"},{"@type":"WebPage","@id":"https:\/\/resfoundation.org\/rs\/zivot-na-prvoj-liniji-klimatskog-fronta-belem-identitet-i-inkluzija-na-cop30-sa-ruanom-rodrigesom\/","url":"https:\/\/resfoundation.org\/rs\/zivot-na-prvoj-liniji-klimatskog-fronta-belem-identitet-i-inkluzija-na-cop30-sa-ruanom-rodrigesom\/","name":"\u017divot na prvoj liniji klimatskog fronta \u2013 Belem, identitet i inkluzija na COP30 sa Ruanom Rodrigesom - RES fondacija","isPartOf":{"@id":"https:\/\/resfoundation.org\/rs\/#website"},"primaryImageOfPage":{"@id":"https:\/\/resfoundation.org\/rs\/zivot-na-prvoj-liniji-klimatskog-fronta-belem-identitet-i-inkluzija-na-cop30-sa-ruanom-rodrigesom\/#primaryimage"},"image":{"@id":"https:\/\/resfoundation.org\/rs\/zivot-na-prvoj-liniji-klimatskog-fronta-belem-identitet-i-inkluzija-na-cop30-sa-ruanom-rodrigesom\/#primaryimage"},"thumbnailUrl":"https:\/\/resfoundation.org\/rs\/wp-content\/uploads\/2025\/12\/ruan-e1765273918845.jpeg","datePublished":"2025-12-10T12:16:51+00:00","breadcrumb":{"@id":"https:\/\/resfoundation.org\/rs\/zivot-na-prvoj-liniji-klimatskog-fronta-belem-identitet-i-inkluzija-na-cop30-sa-ruanom-rodrigesom\/#breadcrumb"},"inLanguage":"sr-RS","potentialAction":[{"@type":"ReadAction","target":["https:\/\/resfoundation.org\/rs\/zivot-na-prvoj-liniji-klimatskog-fronta-belem-identitet-i-inkluzija-na-cop30-sa-ruanom-rodrigesom\/"]}]},{"@type":"ImageObject","inLanguage":"sr-RS","@id":"https:\/\/resfoundation.org\/rs\/zivot-na-prvoj-liniji-klimatskog-fronta-belem-identitet-i-inkluzija-na-cop30-sa-ruanom-rodrigesom\/#primaryimage","url":"https:\/\/resfoundation.org\/rs\/wp-content\/uploads\/2025\/12\/ruan-e1765273918845.jpeg","contentUrl":"https:\/\/resfoundation.org\/rs\/wp-content\/uploads\/2025\/12\/ruan-e1765273918845.jpeg","width":1242,"height":825},{"@type":"BreadcrumbList","@id":"https:\/\/resfoundation.org\/rs\/zivot-na-prvoj-liniji-klimatskog-fronta-belem-identitet-i-inkluzija-na-cop30-sa-ruanom-rodrigesom\/#breadcrumb","itemListElement":[{"@type":"ListItem","position":1,"name":"\u041f\u043e\u0447\u0435\u0442\u043d\u0430","item":"https:\/\/resfoundation.org\/rs\/"},{"@type":"ListItem","position":2,"name":"\u017divot na prvoj liniji klimatskog fronta \u2013 Belem, identitet i inkluzija na COP30 sa Ruanom Rodrigesom"}]},{"@type":"WebSite","@id":"https:\/\/resfoundation.org\/rs\/#website","url":"https:\/\/resfoundation.org\/rs\/","name":"RES fondacija","description":"Partnerships for Resilience","publisher":{"@id":"https:\/\/resfoundation.org\/rs\/#organization"},"potentialAction":[{"@type":"SearchAction","target":{"@type":"EntryPoint","urlTemplate":"https:\/\/resfoundation.org\/rs\/?s={search_term_string}"},"query-input":{"@type":"PropertyValueSpecification","valueRequired":true,"valueName":"search_term_string"}}],"inLanguage":"sr-RS"},{"@type":"Organization","@id":"https:\/\/resfoundation.org\/rs\/#organization","name":"RES fondacija","url":"https:\/\/resfoundation.org\/rs\/","logo":{"@type":"ImageObject","inLanguage":"sr-RS","@id":"https:\/\/resfoundation.org\/rs\/#\/schema\/logo\/image\/","url":"https:\/\/resfoundation.org\/rs\/wp-content\/uploads\/2021\/03\/cropped-cropped-cropped-res-bez-ispisa.png","contentUrl":"https:\/\/resfoundation.org\/rs\/wp-content\/uploads\/2021\/03\/cropped-cropped-cropped-res-bez-ispisa.png","width":512,"height":512,"caption":"RES fondacija"},"image":{"@id":"https:\/\/resfoundation.org\/rs\/#\/schema\/logo\/image\/"}},{"@type":"Person","@id":"https:\/\/resfoundation.org\/rs\/#\/schema\/person\/742e2bf0bb2a53a86ecf6c4ad424f2ec","name":"Admin","image":{"@type":"ImageObject","inLanguage":"sr-RS","@id":"https:\/\/secure.gravatar.com\/avatar\/a89f0bcfcafea886f55b948a23f20a40ba0a924a3f8e5494e130e069c504b756?s=96&d=mm&r=g","url":"https:\/\/secure.gravatar.com\/avatar\/a89f0bcfcafea886f55b948a23f20a40ba0a924a3f8e5494e130e069c504b756?s=96&d=mm&r=g","contentUrl":"https:\/\/secure.gravatar.com\/avatar\/a89f0bcfcafea886f55b948a23f20a40ba0a924a3f8e5494e130e069c504b756?s=96&d=mm&r=g","caption":"Admin"},"sameAs":["https:\/\/resfoundation.org\/rs"],"url":"https:\/\/resfoundation.org\/rs\/author\/zoricaresfoundation-org\/"}]}},"_links":{"self":[{"href":"https:\/\/resfoundation.org\/rs\/wp-json\/wp\/v2\/posts\/5427","targetHints":{"allow":["GET"]}}],"collection":[{"href":"https:\/\/resfoundation.org\/rs\/wp-json\/wp\/v2\/posts"}],"about":[{"href":"https:\/\/resfoundation.org\/rs\/wp-json\/wp\/v2\/types\/post"}],"author":[{"embeddable":true,"href":"https:\/\/resfoundation.org\/rs\/wp-json\/wp\/v2\/users\/3"}],"replies":[{"embeddable":true,"href":"https:\/\/resfoundation.org\/rs\/wp-json\/wp\/v2\/comments?post=5427"}],"version-history":[{"count":1,"href":"https:\/\/resfoundation.org\/rs\/wp-json\/wp\/v2\/posts\/5427\/revisions"}],"predecessor-version":[{"id":5429,"href":"https:\/\/resfoundation.org\/rs\/wp-json\/wp\/v2\/posts\/5427\/revisions\/5429"}],"wp:featuredmedia":[{"embeddable":true,"href":"https:\/\/resfoundation.org\/rs\/wp-json\/wp\/v2\/media\/5428"}],"wp:attachment":[{"href":"https:\/\/resfoundation.org\/rs\/wp-json\/wp\/v2\/media?parent=5427"}],"wp:term":[{"taxonomy":"category","embeddable":true,"href":"https:\/\/resfoundation.org\/rs\/wp-json\/wp\/v2\/categories?post=5427"},{"taxonomy":"post_tag","embeddable":true,"href":"https:\/\/resfoundation.org\/rs\/wp-json\/wp\/v2\/tags?post=5427"}],"curies":[{"name":"wp","href":"https:\/\/api.w.org\/{rel}","templated":true}]}}