{"id":5430,"date":"2025-12-12T08:31:26","date_gmt":"2025-12-12T08:31:26","guid":{"rendered":"https:\/\/resfoundation.org\/rs\/?p=5430"},"modified":"2025-12-12T08:31:26","modified_gmt":"2025-12-12T08:31:26","slug":"zalaganje-za-fer-brze-i-dalje-akcije-u-vezi-sa-energijom-na-cop30-sa-sajkatom-dasom","status":"publish","type":"post","link":"https:\/\/resfoundation.org\/rs\/zalaganje-za-fer-brze-i-dalje-akcije-u-vezi-sa-energijom-na-cop30-sa-sajkatom-dasom\/","title":{"rendered":"Zalaganje za fer, brze i dalje akcije u vezi sa energijom na COP30 sa Sajkatom Dasom"},"content":{"rendered":"<div class=\"wp-block-image\">\n<figure class=\"aligncenter size-large\"><img fetchpriority=\"high\" decoding=\"async\" width=\"1024\" height=\"768\" src=\"https:\/\/resfoundation.org\/rs\/wp-content\/uploads\/2025\/12\/IMG_3523-1024x768.jpeg\" alt=\"\" class=\"wp-image-5431\" srcset=\"https:\/\/resfoundation.org\/rs\/wp-content\/uploads\/2025\/12\/IMG_3523-1024x768.jpeg 1024w, https:\/\/resfoundation.org\/rs\/wp-content\/uploads\/2025\/12\/IMG_3523-300x225.jpeg 300w, https:\/\/resfoundation.org\/rs\/wp-content\/uploads\/2025\/12\/IMG_3523-768x576.jpeg 768w, https:\/\/resfoundation.org\/rs\/wp-content\/uploads\/2025\/12\/IMG_3523-1536x1152.jpeg 1536w, https:\/\/resfoundation.org\/rs\/wp-content\/uploads\/2025\/12\/IMG_3523-2048x1536.jpeg 2048w\" sizes=\"(max-width: 1024px) 100vw, 1024px\" \/><figcaption class=\"wp-element-caption\">Fotografija: Sajkat Das<\/figcaption><\/figure>\n<\/div>\n\n\n<p>#RESTalksCOP je serija intervjua sa COP30, kreirana da ljudima pribli\u017ei proces Okvirne konvencije Ujedinjenih nacija o klimatskim promenama (UNFCCC). Kroz razgovore sa pregovara\u010dima, stru\u010dnjacima i civilnim dru\u0161tvom, istra\u017eujemo razli\u010dite perspektive i uvide iza kulisa. Snimljeni na terenu na 30. Konferenciji strana (COP30), ovi intervjui nude vremensku kapsulu uvida u ljude i pri\u010de koje oblikuju dana\u0161nje pregovore o klimi.<\/p>\n\n\n\n<p>Razgovarali smo sa <strong>Sajkatom Dasom<\/strong>, kontakt osobom Radne grupe za energiju Zvani\u010dne grupe za decu i mlade pri UNFCCC (YOUNGO) i savetnikom u Globalnoj alijansi za obnovljive izvore energije, \u010diji rad obuhvata zagovaranje UNFCCC-a, me\u0111unarodnu energetsku diplomatiju i globalni razvoj priobalnih vetroelektrana. Na COP30, Sajkat se zala\u017ee za potrebu za posebnim putem pregovora o energiji i unapre\u0111uje kampanju GST 2.0 \u2013 3F. U ovom razgovoru, on daje uvide o prazninama u trenutnom procesu, geopoliti\u010dkim i finansijskim preprekama za transformaciju energije i za\u0161to je promena sistema neophodna za ispunjavanje globalnih klimatskih ciljeva.<\/p>\n\n\n\n<p><strong>Sajkat Das<\/strong>: Prvo, veoma sam srec\u0301an \u0161to sam ovde jer smo vec\u0301 neko vreme prijatelji i kolege u energetskom prostoru. Mislim da smo se prvi put sreli u Bonu, kada smo radili na zajedni\u010dkoj konferenciji za novinare zala\u017euc\u0301i se za posebni put pregovora o energiji. Naravno, uc\u0301i c\u0301emo u to, ali dozvolite mi da po\u010dnem sa kratkim predstavljanjem. Ja sam Sajkat. Ja sam kontakt osoba Radne grupe za energiju YOUNGO. Tako\u0111e sara\u0111ujem sa Globalnom alijansom za obnovljive izvore energije u okviru Me\u0111unarodne agencije za obnovljivu energiju (IRENA) kao savetnik za me\u0111unarodna partnerstva, a u svojoj stalnoj ulozi sam komercijalni menad\u017eer za projekte vetroelektrana na moru u kompaniji sa sedi\u0161tem u Velikoj Britaniji. Nosim nekoliko uloga, ba\u0161 kao i vi, radec\u0301i u ovoj klimatskoj oblasti.<\/p>\n\n\n\n<p><strong>Zvezdana Bo\u017eovic\u0301<\/strong>: Ta\u010dno je, imamo mnogo uloga u ovoj oblasti. Koliko dugo ste uklju\u010deni u proces UNFCCC-a?<\/p>\n\n\n\n<p><strong>Saikat<\/strong>: Od mog dolaska na ovu Zemlju, sve je pregovor. Ali kada su u pitanju pregovori o UNFCCC-u, pratim ih vec\u0301 pet ili \u0161est godina. Nismo na pravom putu za 1,5 stepen, a trenutno idemo ka 2. Mo\u017eda c\u0301emo za nekoliko godina rec\u0301i 2,5. Trenutno smo u pregovorima bez zaklju\u010dka.<\/p>\n\n\n\n<p><strong>Zvezdana<\/strong>: \u010cini se da je energija svima na pameti, ali istovremeno, ne postoji poseban deo koji se zaista fokusira na ovu me\u0111usobnu vezu izme\u0111u energije i klimatskih promena. Tokom tih godina, kako ste videli napredak energije kroz pregovore?<\/p>\n\n\n\n<p><strong>Sajkat<\/strong>: To je veoma va\u017ena tema. Kao \u0161to sam vec\u0301 pomenuo, odr\u017eavali smo ovu konferenciju za novinare na kojoj smo razgovarali o ovoj konkretnoj temi. O energiji pri\u010damo toliko dugo, decenijama, ali uop\u0161te nismo na pravom putu za 1,5.<\/p>\n\n\n\n<p>To je zato \u0161to energetski sistemi \u010dine otprilike 70% globalnih antropogenih emisija CO\u2082, pa kada govorimo o tako velikom udelu emisija, jasno je da nam je potreban poseban prostor u pregovorima da bismo se direktno pozabavili time. Trenutno govorimo o ubla\u017eavanju i prilago\u0111avanju, \u0161to je naravno klju\u010dno, ali energija je osnova svakog aspekta klimatske akcije. Kao stru\u010dnjak za energetiku &#8211; nec\u0301u sebe nazvati stru\u010dnjakom &#8211; ali kao neko ko radi na implementaciji, moram da pratim pet ili \u0161est razli\u010ditih pregovara\u010dkih staza, \u0161to je iscrpljujuc\u0301e. Vec\u0301ina delova ovih staza ne pokriva u potpunosti energetiku. Rekao bih da mo\u017eda 25% do 30% onoga \u0161to pokrivaju uklju\u010duje energetiku, \u0161to je dovoljno visoko da zaslu\u017euje na\u0161u pa\u017enju. Dakle, pratimo energetiku ra\u0161trkanu po ovim stazama. Zato nam je potrebna posebna pregovara\u010dka staza o njojkako bismo imali mehanizam za prac\u0301enje tih parametara, koliko smo daleko stigli, poput neke vrste inventarizacije.<\/p>\n\n\n\n<p><strong>Zvezdana<\/strong>: Ne\u0161to poput \u201eGlobalnog energetskog pregleda\u201c?<\/p>\n\n\n\n<p><strong>Sajkat<\/strong>: Pa, upravo ste me dirnuli u \u017eivac, jer ove godine poku\u0161avam da pokrenem veliku kampanju pod nazivom \u201eGlobalni pregled 2.0\u201c, ali je nazivamo \u201e3F kampanja \u2014 fer, brzo i unapre\u0111enje (fair, fast, and furtherance)\u201c. Trebalo bi da bude fer jer smo u Dubaiju videli da neke strane, posebno SIDS i druge male zemlje u razvoju, nisu bile pravilno uklju\u010dene. Unapre\u0111enje, jer do sada modaliteti i procesi za sprovo\u0111enje ishoda GST-a jo\u0161 nisu jasni. U prvom GST-u mo\u017eemo videti vremenski okvir i kratkoro\u010dne i dugoro\u010dne ciljeve, ali ne vidimo mehanizam implementacije, kako zapravo pratiti napredak. Na primer, me\u0111u novim nacionalno utvr\u0111enim doprinosima (NDC) koji su podneti, samo 44% NDC-a ima trag o obnovljivoj energiji. To implicira da nam je potrebno otprilike 600 GW dodatnog kapaciteta obnovljivih izvora do 2030. godine, ali ne postoji mehanizam za prac\u0301enje kako c\u0301e zemlje to ostvariti. Trebalo bi da se uklju\u010de i sve prethodno nau\u010dene lekcije. Kona\u010dno, mora biti brzo jer nemamo mnogo vremena i GST 2.0 mora to da odra\u017eava. Zato je \u201eGST 2.0 \u2013 3F\u201c zaista klju\u010dan za nas.<\/p>\n\n\n\n<p><strong>Zvezdana<\/strong>: Vec\u0301 nekoliko dana ste na terenu ovde na COP-u. Me\u0111u ljudima sa kojima ste razgovarali, da li postoji optimizam ili oprez u vezi sa ishodom pregovora i \u0161ta to zna\u010di za energetiku u okviru UNFCCC-a?<\/p>\n\n\n\n<p><strong>Sajkat<\/strong>: Optimista sam. Mo\u017eete videti za\u0161to iz mnogih izve\u0161taja, uklju\u010dujuc\u0301i i izve\u0161taje IRENE. Pro\u0161le godine, globalna ulaganja u obnovljive izvore energije prema\u0161ila su ulaganja u fosilna goriva za 2 biliona dolara. Uskoro c\u0301emo dostic\u0301i 1120 teravata na sat do 2035. godine. To je ogromna prilika. Pro\u0161le godine smo imali skoro 550 gigavat-sati uklju\u010divanja obnovljivih izvora energije u sistem, \u0161to je zaista odli\u010dno. Tro\u0161kovi dramati\u010dno opadaju za obnovljive sisteme, posebno energiju vetra i sunca. Me\u0111utim, postoji i mnogo lobiranja iz industrije fosilnih goriva. Postepeno ukidanje fosilnih goriva jo\u0161 nije zavr\u0161eno. \u010cujemo stvari poput \u201eprelaska\u201c i \u201eostavljanja nauke iza\u201c, ali ta\u010dno kada, kako, koliko dugo, ostaje nepoznato.<\/p>\n\n\n\n<p>To je ono \u0161to nas tera da nastavimo da insistiramo. Tako\u0111e moramo promeniti narativ i promeniti sistem. Promena sistema je veoma va\u017ena i uvek uklju\u010duje mnogo va\u017enih socio-ekonomskih aspekata, analize tro\u0161kova i koristi, samo energetsku tranziciju o kojoj sada razgovaramo. Finansiranje klimatskih promena je tako\u0111e povezano sa ovim kroz Mapu puta od Bakua do Belema. Mislim da smo optimisti\u010dni. Brojevi ne la\u017eu. Podaci ka\u017eu da je preko 2 milijarde ljudi li\u0161eno pristupa \u010distom kuvanju, a preko 600 miliona ljudi nema pristup elektri\u010dnoj energiji. Brojevi govore sve. Moramo to da uradimo.<\/p>\n\n\n\n<p><strong>Zvezdana<\/strong>: U ovom pokretu za obnovljive izvore energije i vec\u0301u energetsku ravnopravnost, koje su glavne prepreke trenutno? Mo\u017eda ne\u0161to u procesu pregovora ili \u0161irem geopoliti\u010dkom kontekstu?<\/p>\n\n\n\n<p><strong>Sajkat<\/strong>: Dobic\u0301ete mnogo razli\u010ditih odgovora na ovo pitanje. Li\u010dno, ja sam zagovornik, tako da stvari posmatram kroz prizmu nauke, biznisa, socio-ekonomskih uglova i geopolitike. Geopolitika je puna paradoksa. Na primer, vreme je svuda, ali nikada nije besplatno. Pregovori o energiji deluju sli\u010dno &#8211; sve zavisi od ne\u010deg drugog. Pro\u0161logodi\u0161nje rezultate Novog kvantifikovanog cilja o finansiranju klime (NCQG) mnogi su smatrali neuspehom, ali mi i dalje idemo napred ka ispunjenju cilja od 1,3 biliona. To je broj kome te\u017eimo. Vec\u0301ina finansijskih institucija je koncentrisana u velikim ekonomijama i vec\u0301ina finansiranja je zasnovana na dugovima, a ne na grantovima. Potreban nam je tok finansiranja zasnovan na grantovima, u skladu sa \u010dlanom 2.1(c) ili \u010dlanom 9.1 Pariskog sporazuma. Javno-privatno finansiranje mo\u017ee doprineti tome, a subvencije mogu ic\u0301i ka obnovljivim izvorima energije. Tako\u0111e moramo odvojiti BDP od emisija. Ako imamo visok BDP, ali je on direktno proporcionalan emisijama, to nema smisla. Samo kada imamo visok BDP i niske emisije mo\u017eemo rec\u0301i da zemlja dobro stoji.<\/p>\n\n\n\n<p><strong>Zvezdana<\/strong>: Dakle, rekli biste da su finansije glavna prepreka, a va\u0161a druga poenta, ako dobro razumem, je apstraktnija i odnosi se na to kako trenutno merimo ekonomski razvoj i rast?<\/p>\n\n\n\n<p><strong>Sajkat<\/strong>: Da, ta\u010dno.<\/p>\n\n\n\n<p>Na primer, istorijski gledano, ameri\u010dki dolar je pro\u0161ao kroz nekoliko faza merenja njegove vrednosti. Bio je vezan za zlato, zatim kada je standard prestao, i tokom vremena, me\u0111unarodna tr\u017ei\u0161ta su sve vi\u0161e koristila dolar za odre\u0111ivanje cena robe, posebno nafte. Ovo je stvorilo jaku vezu izme\u0111u globalnih tr\u017ei\u0161ta nafte i dolara, tako da ako jedno raste ili pada, to ima posledice po drugo. \u010cak su i zemlje koje ne koriste ovu valutu u svojoj zemlji pogo\u0111ene zbog globalne trgovine. Ono \u0161to moramo preispitati je kako mo\u017eemo da razdvojimo ove sisteme. Isto va\u017ei i za BDP i emisije, carinske stope i Mehanizam prekograni\u010dnog prilago\u0111avanje ugljenika (CBAM). Promena sistema je klju\u010dna.<\/p>\n\n\n\n<p><strong>Zvezdana<\/strong>: Koje projekte biste \u017eeleli da istaknete?<\/p>\n\n\n\n<p><strong>Sajkat<\/strong>: GST 2.0 je zaista va\u017ean jer smo do sada trebali da zavr\u0161imo sa implementacijom i pre\u0111emo na pro\u0161irenje, ali ne vidim nikakvu implementaciju jer postoji problem u modalitetima i procedurama. Tako\u0111e moramo da sa\u010dekamo i vidimo da li c\u0301emo dobiti 7. izve\u0161taj o proceni (AR7) Me\u0111uvladinog panela o klimatskim promenama (IPCC) na vreme za GST. Videc\u0301emo, optimisti\u010dni smo u pogledu ishoda. Ovde smo u vruc\u0301ini, svi se me\u0111usobno podr\u017eavaju.<\/p>\n\n\n\n<p><strong>Zvezdana<\/strong>: Hvala Vam puno \u0161to ste odvojili vreme da razgovarate sa mnom! Gde ljudi mogu da Vas prona\u0111u ako \u017eele da saznaju vi\u0161e o Va\u0161em radu?<\/p>\n\n\n\n<p><strong>Sajkat<\/strong>: Ako pretra\u017eite saikat.co.uk, pronac\u0301i c\u0301ete moj veb-sajt sa svim linkovima mog rada ka LinkedIn-u i drugim prostorima. \u0160to se ti\u010de moje radne grupe, mi smo prvi koji imamo sopstveni veb-sajt na youngoenergy.org.<\/p>\n\n\n\n<p><em>Intervju obavljen 13. novembra 2025.<\/em><\/p>\n","protected":false},"excerpt":{"rendered":"<p>#RESTalksCOP je serija intervjua sa COP30, kreirana da ljudima pribli\u017ei proces Okvirne konvencije Ujedinjenih nacija o klimatskim promenama (UNFCCC). Kroz razgovore sa pregovara\u010dima, stru\u010dnjacima i civilnim dru\u0161tvom, istra\u017eujemo razli\u010dite perspektive i uvide iza kulisa. Snimljeni na terenu na 30. Konferenciji strana (COP30), ovi intervjui nude vremensku kapsulu uvida u ljude i pri\u010de koje oblikuju dana\u0161nje [&hellip;]<\/p>\n","protected":false},"author":3,"featured_media":5431,"comment_status":"closed","ping_status":"closed","sticky":false,"template":"","format":"standard","meta":{"footnotes":""},"categories":[42],"tags":[15],"class_list":["post-5430","post","type-post","status-publish","format-standard","has-post-thumbnail","hentry","category-intervju","tag-klimatskepromene"],"yoast_head":"<!-- This site is optimized with the Yoast SEO plugin v27.5 - https:\/\/yoast.com\/product\/yoast-seo-wordpress\/ -->\n<title>Zalaganje za fer, brze i dalje akcije u vezi sa energijom na COP30 sa Sajkatom Dasom - RES fondacija<\/title>\n<meta name=\"robots\" content=\"index, follow, max-snippet:-1, max-image-preview:large, max-video-preview:-1\" \/>\n<link rel=\"canonical\" href=\"https:\/\/resfoundation.org\/rs\/zalaganje-za-fer-brze-i-dalje-akcije-u-vezi-sa-energijom-na-cop30-sa-sajkatom-dasom\/\" \/>\n<meta property=\"og:locale\" content=\"sr_RS\" \/>\n<meta property=\"og:type\" content=\"article\" \/>\n<meta property=\"og:title\" content=\"Zalaganje za fer, brze i dalje akcije u vezi sa energijom na COP30 sa Sajkatom Dasom - RES fondacija\" \/>\n<meta property=\"og:description\" content=\"#RESTalksCOP je serija intervjua sa COP30, kreirana da ljudima pribli\u017ei proces Okvirne konvencije Ujedinjenih nacija o klimatskim promenama (UNFCCC). Kroz razgovore sa pregovara\u010dima, stru\u010dnjacima i civilnim dru\u0161tvom, istra\u017eujemo razli\u010dite perspektive i uvide iza kulisa. Snimljeni na terenu na 30. Konferenciji strana (COP30), ovi intervjui nude vremensku kapsulu uvida u ljude i pri\u010de koje oblikuju dana\u0161nje [&hellip;]\" \/>\n<meta property=\"og:url\" content=\"https:\/\/resfoundation.org\/rs\/zalaganje-za-fer-brze-i-dalje-akcije-u-vezi-sa-energijom-na-cop30-sa-sajkatom-dasom\/\" \/>\n<meta property=\"og:site_name\" content=\"RES fondacija\" \/>\n<meta property=\"article:published_time\" content=\"2025-12-12T08:31:26+00:00\" \/>\n<meta property=\"og:image\" content=\"https:\/\/resfoundation.org\/rs\/wp-content\/uploads\/2025\/12\/IMG_3523-scaled.jpeg\" \/>\n\t<meta property=\"og:image:width\" content=\"2560\" \/>\n\t<meta property=\"og:image:height\" content=\"1920\" \/>\n\t<meta property=\"og:image:type\" content=\"image\/jpeg\" \/>\n<meta name=\"author\" content=\"Admin\" \/>\n<meta name=\"twitter:card\" content=\"summary_large_image\" \/>\n<meta name=\"twitter:label1\" content=\"\u041d\u0430\u043f\u0438\u0441\u0430\u043d\u043e \u043e\u0434\" \/>\n\t<meta name=\"twitter:data1\" content=\"Admin\" \/>\n\t<meta name=\"twitter:label2\" content=\"\u041f\u0440\u043e\u0446\u0435\u045a\u0435\u043d\u043e \u0432\u0440\u0435\u043c\u0435 \u0447\u0438\u0442\u0430\u045a\u0430\" \/>\n\t<meta name=\"twitter:data2\" content=\"9 \u043c\u0438\u043d\u0443\u0442\u0430\" \/>\n<script type=\"application\/ld+json\" class=\"yoast-schema-graph\">{\"@context\":\"https:\\\/\\\/schema.org\",\"@graph\":[{\"@type\":\"Article\",\"@id\":\"https:\\\/\\\/resfoundation.org\\\/rs\\\/zalaganje-za-fer-brze-i-dalje-akcije-u-vezi-sa-energijom-na-cop30-sa-sajkatom-dasom\\\/#article\",\"isPartOf\":{\"@id\":\"https:\\\/\\\/resfoundation.org\\\/rs\\\/zalaganje-za-fer-brze-i-dalje-akcije-u-vezi-sa-energijom-na-cop30-sa-sajkatom-dasom\\\/\"},\"author\":{\"name\":\"Admin\",\"@id\":\"https:\\\/\\\/resfoundation.org\\\/rs\\\/#\\\/schema\\\/person\\\/742e2bf0bb2a53a86ecf6c4ad424f2ec\"},\"headline\":\"Zalaganje za fer, brze i dalje akcije u vezi sa energijom na COP30 sa Sajkatom Dasom\",\"datePublished\":\"2025-12-12T08:31:26+00:00\",\"mainEntityOfPage\":{\"@id\":\"https:\\\/\\\/resfoundation.org\\\/rs\\\/zalaganje-za-fer-brze-i-dalje-akcije-u-vezi-sa-energijom-na-cop30-sa-sajkatom-dasom\\\/\"},\"wordCount\":1602,\"publisher\":{\"@id\":\"https:\\\/\\\/resfoundation.org\\\/rs\\\/#organization\"},\"image\":{\"@id\":\"https:\\\/\\\/resfoundation.org\\\/rs\\\/zalaganje-za-fer-brze-i-dalje-akcije-u-vezi-sa-energijom-na-cop30-sa-sajkatom-dasom\\\/#primaryimage\"},\"thumbnailUrl\":\"https:\\\/\\\/resfoundation.org\\\/rs\\\/wp-content\\\/uploads\\\/2025\\\/12\\\/IMG_3523-scaled.jpeg\",\"keywords\":[\"KlimatskePromene\"],\"articleSection\":[\"Intervju\"],\"inLanguage\":\"sr-RS\"},{\"@type\":\"WebPage\",\"@id\":\"https:\\\/\\\/resfoundation.org\\\/rs\\\/zalaganje-za-fer-brze-i-dalje-akcije-u-vezi-sa-energijom-na-cop30-sa-sajkatom-dasom\\\/\",\"url\":\"https:\\\/\\\/resfoundation.org\\\/rs\\\/zalaganje-za-fer-brze-i-dalje-akcije-u-vezi-sa-energijom-na-cop30-sa-sajkatom-dasom\\\/\",\"name\":\"Zalaganje za fer, brze i dalje akcije u vezi sa energijom na COP30 sa Sajkatom Dasom - RES fondacija\",\"isPartOf\":{\"@id\":\"https:\\\/\\\/resfoundation.org\\\/rs\\\/#website\"},\"primaryImageOfPage\":{\"@id\":\"https:\\\/\\\/resfoundation.org\\\/rs\\\/zalaganje-za-fer-brze-i-dalje-akcije-u-vezi-sa-energijom-na-cop30-sa-sajkatom-dasom\\\/#primaryimage\"},\"image\":{\"@id\":\"https:\\\/\\\/resfoundation.org\\\/rs\\\/zalaganje-za-fer-brze-i-dalje-akcije-u-vezi-sa-energijom-na-cop30-sa-sajkatom-dasom\\\/#primaryimage\"},\"thumbnailUrl\":\"https:\\\/\\\/resfoundation.org\\\/rs\\\/wp-content\\\/uploads\\\/2025\\\/12\\\/IMG_3523-scaled.jpeg\",\"datePublished\":\"2025-12-12T08:31:26+00:00\",\"breadcrumb\":{\"@id\":\"https:\\\/\\\/resfoundation.org\\\/rs\\\/zalaganje-za-fer-brze-i-dalje-akcije-u-vezi-sa-energijom-na-cop30-sa-sajkatom-dasom\\\/#breadcrumb\"},\"inLanguage\":\"sr-RS\",\"potentialAction\":[{\"@type\":\"ReadAction\",\"target\":[\"https:\\\/\\\/resfoundation.org\\\/rs\\\/zalaganje-za-fer-brze-i-dalje-akcije-u-vezi-sa-energijom-na-cop30-sa-sajkatom-dasom\\\/\"]}]},{\"@type\":\"ImageObject\",\"inLanguage\":\"sr-RS\",\"@id\":\"https:\\\/\\\/resfoundation.org\\\/rs\\\/zalaganje-za-fer-brze-i-dalje-akcije-u-vezi-sa-energijom-na-cop30-sa-sajkatom-dasom\\\/#primaryimage\",\"url\":\"https:\\\/\\\/resfoundation.org\\\/rs\\\/wp-content\\\/uploads\\\/2025\\\/12\\\/IMG_3523-scaled.jpeg\",\"contentUrl\":\"https:\\\/\\\/resfoundation.org\\\/rs\\\/wp-content\\\/uploads\\\/2025\\\/12\\\/IMG_3523-scaled.jpeg\",\"width\":2560,\"height\":1920},{\"@type\":\"BreadcrumbList\",\"@id\":\"https:\\\/\\\/resfoundation.org\\\/rs\\\/zalaganje-za-fer-brze-i-dalje-akcije-u-vezi-sa-energijom-na-cop30-sa-sajkatom-dasom\\\/#breadcrumb\",\"itemListElement\":[{\"@type\":\"ListItem\",\"position\":1,\"name\":\"\u041f\u043e\u0447\u0435\u0442\u043d\u0430\",\"item\":\"https:\\\/\\\/resfoundation.org\\\/rs\\\/\"},{\"@type\":\"ListItem\",\"position\":2,\"name\":\"Zalaganje za fer, brze i dalje akcije u vezi sa energijom na COP30 sa Sajkatom Dasom\"}]},{\"@type\":\"WebSite\",\"@id\":\"https:\\\/\\\/resfoundation.org\\\/rs\\\/#website\",\"url\":\"https:\\\/\\\/resfoundation.org\\\/rs\\\/\",\"name\":\"RES fondacija\",\"description\":\"Partnerships for Resilience\",\"publisher\":{\"@id\":\"https:\\\/\\\/resfoundation.org\\\/rs\\\/#organization\"},\"potentialAction\":[{\"@type\":\"SearchAction\",\"target\":{\"@type\":\"EntryPoint\",\"urlTemplate\":\"https:\\\/\\\/resfoundation.org\\\/rs\\\/?s={search_term_string}\"},\"query-input\":{\"@type\":\"PropertyValueSpecification\",\"valueRequired\":true,\"valueName\":\"search_term_string\"}}],\"inLanguage\":\"sr-RS\"},{\"@type\":\"Organization\",\"@id\":\"https:\\\/\\\/resfoundation.org\\\/rs\\\/#organization\",\"name\":\"RES fondacija\",\"url\":\"https:\\\/\\\/resfoundation.org\\\/rs\\\/\",\"logo\":{\"@type\":\"ImageObject\",\"inLanguage\":\"sr-RS\",\"@id\":\"https:\\\/\\\/resfoundation.org\\\/rs\\\/#\\\/schema\\\/logo\\\/image\\\/\",\"url\":\"https:\\\/\\\/resfoundation.org\\\/rs\\\/wp-content\\\/uploads\\\/2021\\\/03\\\/cropped-cropped-cropped-res-bez-ispisa.png\",\"contentUrl\":\"https:\\\/\\\/resfoundation.org\\\/rs\\\/wp-content\\\/uploads\\\/2021\\\/03\\\/cropped-cropped-cropped-res-bez-ispisa.png\",\"width\":512,\"height\":512,\"caption\":\"RES fondacija\"},\"image\":{\"@id\":\"https:\\\/\\\/resfoundation.org\\\/rs\\\/#\\\/schema\\\/logo\\\/image\\\/\"}},{\"@type\":\"Person\",\"@id\":\"https:\\\/\\\/resfoundation.org\\\/rs\\\/#\\\/schema\\\/person\\\/742e2bf0bb2a53a86ecf6c4ad424f2ec\",\"name\":\"Admin\",\"image\":{\"@type\":\"ImageObject\",\"inLanguage\":\"sr-RS\",\"@id\":\"https:\\\/\\\/secure.gravatar.com\\\/avatar\\\/a89f0bcfcafea886f55b948a23f20a40ba0a924a3f8e5494e130e069c504b756?s=96&d=mm&r=g\",\"url\":\"https:\\\/\\\/secure.gravatar.com\\\/avatar\\\/a89f0bcfcafea886f55b948a23f20a40ba0a924a3f8e5494e130e069c504b756?s=96&d=mm&r=g\",\"contentUrl\":\"https:\\\/\\\/secure.gravatar.com\\\/avatar\\\/a89f0bcfcafea886f55b948a23f20a40ba0a924a3f8e5494e130e069c504b756?s=96&d=mm&r=g\",\"caption\":\"Admin\"},\"sameAs\":[\"https:\\\/\\\/resfoundation.org\\\/rs\"],\"url\":\"https:\\\/\\\/resfoundation.org\\\/rs\\\/author\\\/zoricaresfoundation-org\\\/\"}]}<\/script>\n<!-- \/ Yoast SEO plugin. -->","yoast_head_json":{"title":"Zalaganje za fer, brze i dalje akcije u vezi sa energijom na COP30 sa Sajkatom Dasom - RES fondacija","robots":{"index":"index","follow":"follow","max-snippet":"max-snippet:-1","max-image-preview":"max-image-preview:large","max-video-preview":"max-video-preview:-1"},"canonical":"https:\/\/resfoundation.org\/rs\/zalaganje-za-fer-brze-i-dalje-akcije-u-vezi-sa-energijom-na-cop30-sa-sajkatom-dasom\/","og_locale":"sr_RS","og_type":"article","og_title":"Zalaganje za fer, brze i dalje akcije u vezi sa energijom na COP30 sa Sajkatom Dasom - RES fondacija","og_description":"#RESTalksCOP je serija intervjua sa COP30, kreirana da ljudima pribli\u017ei proces Okvirne konvencije Ujedinjenih nacija o klimatskim promenama (UNFCCC). Kroz razgovore sa pregovara\u010dima, stru\u010dnjacima i civilnim dru\u0161tvom, istra\u017eujemo razli\u010dite perspektive i uvide iza kulisa. Snimljeni na terenu na 30. Konferenciji strana (COP30), ovi intervjui nude vremensku kapsulu uvida u ljude i pri\u010de koje oblikuju dana\u0161nje [&hellip;]","og_url":"https:\/\/resfoundation.org\/rs\/zalaganje-za-fer-brze-i-dalje-akcije-u-vezi-sa-energijom-na-cop30-sa-sajkatom-dasom\/","og_site_name":"RES fondacija","article_published_time":"2025-12-12T08:31:26+00:00","og_image":[{"width":2560,"height":1920,"url":"https:\/\/resfoundation.org\/rs\/wp-content\/uploads\/2025\/12\/IMG_3523-scaled.jpeg","type":"image\/jpeg"}],"author":"Admin","twitter_card":"summary_large_image","twitter_misc":{"\u041d\u0430\u043f\u0438\u0441\u0430\u043d\u043e \u043e\u0434":"Admin","\u041f\u0440\u043e\u0446\u0435\u045a\u0435\u043d\u043e \u0432\u0440\u0435\u043c\u0435 \u0447\u0438\u0442\u0430\u045a\u0430":"9 \u043c\u0438\u043d\u0443\u0442\u0430"},"schema":{"@context":"https:\/\/schema.org","@graph":[{"@type":"Article","@id":"https:\/\/resfoundation.org\/rs\/zalaganje-za-fer-brze-i-dalje-akcije-u-vezi-sa-energijom-na-cop30-sa-sajkatom-dasom\/#article","isPartOf":{"@id":"https:\/\/resfoundation.org\/rs\/zalaganje-za-fer-brze-i-dalje-akcije-u-vezi-sa-energijom-na-cop30-sa-sajkatom-dasom\/"},"author":{"name":"Admin","@id":"https:\/\/resfoundation.org\/rs\/#\/schema\/person\/742e2bf0bb2a53a86ecf6c4ad424f2ec"},"headline":"Zalaganje za fer, brze i dalje akcije u vezi sa energijom na COP30 sa Sajkatom Dasom","datePublished":"2025-12-12T08:31:26+00:00","mainEntityOfPage":{"@id":"https:\/\/resfoundation.org\/rs\/zalaganje-za-fer-brze-i-dalje-akcije-u-vezi-sa-energijom-na-cop30-sa-sajkatom-dasom\/"},"wordCount":1602,"publisher":{"@id":"https:\/\/resfoundation.org\/rs\/#organization"},"image":{"@id":"https:\/\/resfoundation.org\/rs\/zalaganje-za-fer-brze-i-dalje-akcije-u-vezi-sa-energijom-na-cop30-sa-sajkatom-dasom\/#primaryimage"},"thumbnailUrl":"https:\/\/resfoundation.org\/rs\/wp-content\/uploads\/2025\/12\/IMG_3523-scaled.jpeg","keywords":["KlimatskePromene"],"articleSection":["Intervju"],"inLanguage":"sr-RS"},{"@type":"WebPage","@id":"https:\/\/resfoundation.org\/rs\/zalaganje-za-fer-brze-i-dalje-akcije-u-vezi-sa-energijom-na-cop30-sa-sajkatom-dasom\/","url":"https:\/\/resfoundation.org\/rs\/zalaganje-za-fer-brze-i-dalje-akcije-u-vezi-sa-energijom-na-cop30-sa-sajkatom-dasom\/","name":"Zalaganje za fer, brze i dalje akcije u vezi sa energijom na COP30 sa Sajkatom Dasom - RES fondacija","isPartOf":{"@id":"https:\/\/resfoundation.org\/rs\/#website"},"primaryImageOfPage":{"@id":"https:\/\/resfoundation.org\/rs\/zalaganje-za-fer-brze-i-dalje-akcije-u-vezi-sa-energijom-na-cop30-sa-sajkatom-dasom\/#primaryimage"},"image":{"@id":"https:\/\/resfoundation.org\/rs\/zalaganje-za-fer-brze-i-dalje-akcije-u-vezi-sa-energijom-na-cop30-sa-sajkatom-dasom\/#primaryimage"},"thumbnailUrl":"https:\/\/resfoundation.org\/rs\/wp-content\/uploads\/2025\/12\/IMG_3523-scaled.jpeg","datePublished":"2025-12-12T08:31:26+00:00","breadcrumb":{"@id":"https:\/\/resfoundation.org\/rs\/zalaganje-za-fer-brze-i-dalje-akcije-u-vezi-sa-energijom-na-cop30-sa-sajkatom-dasom\/#breadcrumb"},"inLanguage":"sr-RS","potentialAction":[{"@type":"ReadAction","target":["https:\/\/resfoundation.org\/rs\/zalaganje-za-fer-brze-i-dalje-akcije-u-vezi-sa-energijom-na-cop30-sa-sajkatom-dasom\/"]}]},{"@type":"ImageObject","inLanguage":"sr-RS","@id":"https:\/\/resfoundation.org\/rs\/zalaganje-za-fer-brze-i-dalje-akcije-u-vezi-sa-energijom-na-cop30-sa-sajkatom-dasom\/#primaryimage","url":"https:\/\/resfoundation.org\/rs\/wp-content\/uploads\/2025\/12\/IMG_3523-scaled.jpeg","contentUrl":"https:\/\/resfoundation.org\/rs\/wp-content\/uploads\/2025\/12\/IMG_3523-scaled.jpeg","width":2560,"height":1920},{"@type":"BreadcrumbList","@id":"https:\/\/resfoundation.org\/rs\/zalaganje-za-fer-brze-i-dalje-akcije-u-vezi-sa-energijom-na-cop30-sa-sajkatom-dasom\/#breadcrumb","itemListElement":[{"@type":"ListItem","position":1,"name":"\u041f\u043e\u0447\u0435\u0442\u043d\u0430","item":"https:\/\/resfoundation.org\/rs\/"},{"@type":"ListItem","position":2,"name":"Zalaganje za fer, brze i dalje akcije u vezi sa energijom na COP30 sa Sajkatom Dasom"}]},{"@type":"WebSite","@id":"https:\/\/resfoundation.org\/rs\/#website","url":"https:\/\/resfoundation.org\/rs\/","name":"RES fondacija","description":"Partnerships for Resilience","publisher":{"@id":"https:\/\/resfoundation.org\/rs\/#organization"},"potentialAction":[{"@type":"SearchAction","target":{"@type":"EntryPoint","urlTemplate":"https:\/\/resfoundation.org\/rs\/?s={search_term_string}"},"query-input":{"@type":"PropertyValueSpecification","valueRequired":true,"valueName":"search_term_string"}}],"inLanguage":"sr-RS"},{"@type":"Organization","@id":"https:\/\/resfoundation.org\/rs\/#organization","name":"RES fondacija","url":"https:\/\/resfoundation.org\/rs\/","logo":{"@type":"ImageObject","inLanguage":"sr-RS","@id":"https:\/\/resfoundation.org\/rs\/#\/schema\/logo\/image\/","url":"https:\/\/resfoundation.org\/rs\/wp-content\/uploads\/2021\/03\/cropped-cropped-cropped-res-bez-ispisa.png","contentUrl":"https:\/\/resfoundation.org\/rs\/wp-content\/uploads\/2021\/03\/cropped-cropped-cropped-res-bez-ispisa.png","width":512,"height":512,"caption":"RES fondacija"},"image":{"@id":"https:\/\/resfoundation.org\/rs\/#\/schema\/logo\/image\/"}},{"@type":"Person","@id":"https:\/\/resfoundation.org\/rs\/#\/schema\/person\/742e2bf0bb2a53a86ecf6c4ad424f2ec","name":"Admin","image":{"@type":"ImageObject","inLanguage":"sr-RS","@id":"https:\/\/secure.gravatar.com\/avatar\/a89f0bcfcafea886f55b948a23f20a40ba0a924a3f8e5494e130e069c504b756?s=96&d=mm&r=g","url":"https:\/\/secure.gravatar.com\/avatar\/a89f0bcfcafea886f55b948a23f20a40ba0a924a3f8e5494e130e069c504b756?s=96&d=mm&r=g","contentUrl":"https:\/\/secure.gravatar.com\/avatar\/a89f0bcfcafea886f55b948a23f20a40ba0a924a3f8e5494e130e069c504b756?s=96&d=mm&r=g","caption":"Admin"},"sameAs":["https:\/\/resfoundation.org\/rs"],"url":"https:\/\/resfoundation.org\/rs\/author\/zoricaresfoundation-org\/"}]}},"_links":{"self":[{"href":"https:\/\/resfoundation.org\/rs\/wp-json\/wp\/v2\/posts\/5430","targetHints":{"allow":["GET"]}}],"collection":[{"href":"https:\/\/resfoundation.org\/rs\/wp-json\/wp\/v2\/posts"}],"about":[{"href":"https:\/\/resfoundation.org\/rs\/wp-json\/wp\/v2\/types\/post"}],"author":[{"embeddable":true,"href":"https:\/\/resfoundation.org\/rs\/wp-json\/wp\/v2\/users\/3"}],"replies":[{"embeddable":true,"href":"https:\/\/resfoundation.org\/rs\/wp-json\/wp\/v2\/comments?post=5430"}],"version-history":[{"count":1,"href":"https:\/\/resfoundation.org\/rs\/wp-json\/wp\/v2\/posts\/5430\/revisions"}],"predecessor-version":[{"id":5432,"href":"https:\/\/resfoundation.org\/rs\/wp-json\/wp\/v2\/posts\/5430\/revisions\/5432"}],"wp:featuredmedia":[{"embeddable":true,"href":"https:\/\/resfoundation.org\/rs\/wp-json\/wp\/v2\/media\/5431"}],"wp:attachment":[{"href":"https:\/\/resfoundation.org\/rs\/wp-json\/wp\/v2\/media?parent=5430"}],"wp:term":[{"taxonomy":"category","embeddable":true,"href":"https:\/\/resfoundation.org\/rs\/wp-json\/wp\/v2\/categories?post=5430"},{"taxonomy":"post_tag","embeddable":true,"href":"https:\/\/resfoundation.org\/rs\/wp-json\/wp\/v2\/tags?post=5430"}],"curies":[{"name":"wp","href":"https:\/\/api.w.org\/{rel}","templated":true}]}}