{"id":5433,"date":"2025-12-11T12:05:41","date_gmt":"2025-12-11T12:05:41","guid":{"rendered":"https:\/\/resfoundation.org\/rs\/?p=5433"},"modified":"2025-12-11T12:05:42","modified_gmt":"2025-12-11T12:05:42","slug":"unutar-globalnog-pregleda-vremenski-okviri-dinamika-pregovora-i-politicke-realnosti-sa-srejom-k-c","status":"publish","type":"post","link":"https:\/\/resfoundation.org\/rs\/unutar-globalnog-pregleda-vremenski-okviri-dinamika-pregovora-i-politicke-realnosti-sa-srejom-k-c\/","title":{"rendered":"Unutar globalnog pregleda \u2013 vremenski okviri, dinamika pregovora i politi\u010dke realnosti sa \u0160rejom K.C."},"content":{"rendered":"<div class=\"wp-block-image\">\n<figure class=\"aligncenter size-large\"><img fetchpriority=\"high\" decoding=\"async\" width=\"1024\" height=\"702\" src=\"https:\/\/resfoundation.org\/rs\/wp-content\/uploads\/2025\/12\/shreya-e1765451133140-1024x702.jpg\" alt=\"\" class=\"wp-image-5434\" srcset=\"https:\/\/resfoundation.org\/rs\/wp-content\/uploads\/2025\/12\/shreya-e1765451133140-1024x702.jpg 1024w, https:\/\/resfoundation.org\/rs\/wp-content\/uploads\/2025\/12\/shreya-e1765451133140-300x206.jpg 300w, https:\/\/resfoundation.org\/rs\/wp-content\/uploads\/2025\/12\/shreya-e1765451133140-768x526.jpg 768w, https:\/\/resfoundation.org\/rs\/wp-content\/uploads\/2025\/12\/shreya-e1765451133140.jpg 1080w\" sizes=\"(max-width: 1024px) 100vw, 1024px\" \/><figcaption class=\"wp-element-caption\">Fotografija: \u0160reja K.C.<\/figcaption><\/figure>\n<\/div>\n\n\n<p>#RESTalksCOP je serija intervjua sa COP30, kreirana da ljudima pribli\u017ei proces Okvirne konvencije Ujedinjenih nacija o klimatskim promenama (UNFCCC). Kroz razgovore sa pregovara\u010dima, stru\u010dnjacima i civilnim dru\u0161tvom, istra\u017eujemo razli\u010dite perspektive i uvide iza kulisa. Snimljeni na terenu na 30. Konferenciji strana (COP30), ovi intervjui nude vremensku kapsulu uvida u ljude i pri\u010de koje oblikuju dana\u0161nje pregovore o klimi.<\/p>\n\n\n\n<p>Razgovarali smo sa <strong>\u0160rejom K.C<\/strong>, mladom pregovara\u010dicom za Grupu najmanje razvijenih zemalja (LDC) iz Nepala, koja prati pregovore o Globalnom pregledu (GST) od 2021. godine. Na COP30, ona daje uvide o izazovima sprovo\u0111enja prvog GST-a i politi\u010dkim kompleksnostima koje oblikuju drugi ciklus GST procesa.<\/p>\n\n\n\n<p><strong>\u0160reja K.C<\/strong>: Zdravo, ja sam \u0160reja K.C. Iz Nepala sam. Pratim pregovore o Globalnom pregledu od 2021. godine. Pre toga sam pratila proces sa YOUNGO, zvani\u010dnom grupom za decu i mlade u UNFCCC-u. Sada pratim proces kao mlada pregovara\u010dica za Grupu najmanje razvijenih zemalja (LDC).<\/p>\n\n\n\n<p><strong>Zvezdana Bo\u017eovic\u0301<\/strong>: \u0160ta pratite ove godine?<\/p>\n\n\n\n<p><strong>\u0160reja<\/strong>: GST kao i obi\u010dno, ali po\u0161to se jedna stavka u diskusijama o GST-u preseca sa finansijama, poku\u0161avam da pratim i finansijske pregovore kada vreme dozvoli.<\/p>\n\n\n\n<p><strong>Zvezdana<\/strong>: Kakav razvoj doga\u0111aja ste do sada videli ove godine po ovoj ta\u010dki dnevnog reda? Kakvi su Va\u0161i utisci do sada?<\/p>\n\n\n\n<p><strong>\u0160reja<\/strong>: Na\u017ealost, nakon Dubaija gde je na COP28 zaklju\u010den prvi ishod GST-a, napredak je bio spor. Mnogi od nas su se sna\u017eno zalagali u Dubaiju da se u kona\u010dnom tekstu pomenu fosilna goriva, jer nijedan tekst ranije na COP-u nije eksplicitno pominjao fosilna goriva i tada smo videli va\u017enu priliku. U kona\u010dnom tekstu je kori\u0161c\u0301ena formulacija \u201eprelazak sa fosilnih goriva na pravedan, uredan i ravnopravan na\u010din\u201c. To nije bilo sve \u0161to smo se nadali, ali nam je ipak dalo smernicu. Ishod GST-a je tako\u0111e pozvao na utrostru\u010davanje globalnih kapaciteta obnovljivih izvora energije i uklju\u010dio je ta\u010dke o gubitku i \u0161teti i po\u0161umljavanju, \u0161to je bilo dobro. Me\u0111utim, nakon Dubaija nismo mogli da se pomerimo i nismo imali nikakav ishod o nastavku na\u010dina na koji implementiramo GST. Sada po\u010dinjemo drugi GST krajem sledec\u0301e godine, \u0161to komplikuje stvari.<\/p>\n\n\n\n<p><strong>Zvezdana<\/strong>: Da li biste rekli da postoje neke glavne ta\u010dke slaganja ili neslaganja izme\u0111u strana ili neke zajedni\u010dke teme koje pro\u017eimaju diskusije ove godine?<\/p>\n\n\n\n<p><strong>\u0160reja<\/strong>: Mislim da postoje neke stvari oko kojih se strane sla\u017eu. Na primer, postoje tri procesa prac\u0301enja nakon prvog GST-a. Prvi se odnosi na to kako mo\u017eemo pobolj\u0161ati drugi GST crpec\u0301i pouke iz prvog, \u0161to nazivamo i usavr\u0161avanjem. Drugi je godi\u0161nji dijalog o nacionalno utvr\u0111enom doprinosu (NDC) koji je odr\u017ean na sednicama pomoc\u0301nih tela (SB) pro\u0161le godine i ponovo ove godine. Trec\u0301i dolazi iz paragrafa 97 i 98 ishoda GST-a koji govore o organizovanju dijaloga u UAE o sprovo\u0111enju ishoda GST-a. Prvi GST je imao tri razli\u010dite faze.<\/p>\n\n\n\n<p>Jedna je bila faza prikupljanja informacija koja je trajala 6 meseci, zatim tehni\u010dki dijalog koji je trajao 18 meseci, i kona\u010dno razmatranje rezultata, \u0161to je politi\u010dka faza, koja je trajala 6 meseci. Ukupno je to bilo dve godine, ali mislim da se vec\u0301ina strana sla\u017ee da je 6 meseci za politi\u010dku fazu bilo veoma kratko i nedovoljno. Sada moramo da povec\u0301amo trajanje politi\u010dke faze, ali to zna\u010di da bismo morali da smanjimo i drugi vremenski okvir procesa. Tako\u0111e smo se slo\u017eili da tehni\u010dki dijalog treba da traje 18 meseci jer je va\u017eno da GST bude informisan naukom.<\/p>\n\n\n\n<p>Sada nismo sigurni da li bi vremenski okvir najnovijih izve\u0161taja Me\u0111uvladinog panela o klimatskim promenama (IPCC) i diskusija o GST-u trebalo da se preklapaju. Da li da dozvolimo da tehni\u010dki dijalog te\u010de paralelno sa politi\u010dkom fazom ili da zavr\u0161imo tehni\u010dku fazu, a zatim pre\u0111emo na politi\u010dku fazu? Postoje dva razli\u010dita mi\u0161ljenja sa strane najslabije razvijenih zemalja. Ka\u017eemo da se mo\u017ee preklapati, ali nekoliko zemalja u grupi ka\u017ee da bi to bilo te\u0161ko zbog kapaciteta. Jo\u0161 uvek nema dogovora o tome, iako znamo da je potrebno vi\u0161e vremena.<\/p>\n\n\n\n<p>Jo\u0161 je jedna stvar pomo\u0107u koje mo\u017eemo oja\u010dati doprinos drugom GST-u. U prvom GST-u, posebno u tehni\u010dkom dijalogu, tematske oblasti su bile podeljene na tri razli\u010dite stavke. Jedna je bila ubla\u017eavanje, zatim adaptacija, a poslednja su bila sredstva implementacije i me\u0111unarodna saradnja i podr\u0161ka. Gubitak i \u0161teta su bili pod adaptacijom. Sada Male ostrvske dr\u017eave u razvoju (SIDS), Nezavisni savez Latinske Amerike i Kariba (AILAC) i NRC-ovi ka\u017eu da treba da oja\u010damo gubitak i \u0161tetu, posebno zato \u0161to je fond sada pokrenut.<\/p>\n\n\n\n<p>To je o mojoj prvoj ta\u010dki. Druga ta\u010dka je Dijalog sa UAE. Razgovaramo o tome na \u0161ta bi trebalo da se fokusira. To je ta\u010dka spora. Postoje grupe poput Sli\u010dnomisle\u0107ih zemalja u razvoju (LMDCs) i drugih koje ka\u017eu da, po\u0161to je pasus iz kojeg dolazi dijalog u oblasti finansija, ovaj dijalog treba da se fokusira samo na finansije. Ali drugi ka\u017eu da bi trebalo da se fokusira na sve elemente GST-a, uklju\u010dujuc\u0301i ubla\u017eavanje, jer moramo da smanjimo emisije i da se fokusiramo i na adaptaciju jer vec\u0301 osec\u0301amo uticaje. Ka\u017eemo da bi mo\u017eda trebalo da se fokusiramo i na na\u010dine implementacije, uklju\u010dujuc\u0301i finansije, izgradnju kapaciteta, razvoj i transfer tehnologije.<\/p>\n\n\n\n<p><strong>Zvezdana<\/strong>: Kako sada izgleda vremenski okvir za proces?<\/p>\n\n\n\n<p><strong>\u0160reja<\/strong>: \u0160to se ti\u010de vremenskog okvira, po\u010dinjemo GST sledec\u0301e godine, dakle 2026. Zavr\u0161ic\u0301emo ga do kraja 2028. godine, tako da imamo 2 godine. Problem je \u0161to znamo da GST mora biti informisan najnovijim najboljim dostupnim nau\u010dnim saznanjima, a to obi\u010dno smatramo sinteznim izve\u0161tajima IPCC-a. Me\u0111utim, vremenski okvir IPCC-a i GST-a se ne poklapa. Jedna grupa strana ka\u017ee da treba da pozovemo IPCC da uskladi svoj vremenski okvir izve\u0161taja sa GST-om, ako je moguc\u0301e, kako bi celokupni sintezni izve\u0161taj bio objavljen do 2028. Neke druge grupe ka\u017eu da ne mo\u017eemo skratiti vremenski okvir IPCC-a jer je to nau\u010dno telo koje mora da vr\u0161i rigoroznu nau\u010dnu procenu. Ako skratimo vreme, to bi naru\u0161ilo kredibilitet IPCC-a i njegovih nau\u010dnih nalaza. Zato sada razgovaramo o tome \u0161ta bi mogla biti alternativa.<\/p>\n\n\n\n<p>\u0160to se ti\u010de dijaloga o NDC-u, imali smo ga na poslednjim SB gde su stranke razmenjivale informacije o izazovima, moguc\u0301nostima i preprekama u pripremi NDC-a. Sekretarijat je pripremio rezimirani izve\u0161taj, ali postoje grupe poput nas koje ka\u017eu da izve\u0161taj sa ovog dijaloga treba da proizvede ne\u0161to zna\u010dajno, \u0161to zna\u010di da treba da pru\u017ei smernice sledec\u0301em GST-u o tome kako pripremamo NDC. Postoje i druge grupe koje ka\u017eu da je ovo samo dijalog gde sumiramo klju\u010dne nalaze i jednostavno ostavljamo to na tome. Ovo su glavne ta\u010dke, ali vodimo iste diskusije iznova i iznova i potreban nam je ishod.<\/p>\n\n\n\n<p><strong>Zvezdana<\/strong>: Na samom po\u010detku, dotakli ste se finansija i kako su one integrisane u GST. Moj utisak iz razgovora sa mnogim ljudima do sada je da su finansije zaista osnovna tema svega o \u010demu razgovaramo ove godine. Kako vidite da finansije uti\u010du na GST u njegovom drugom krugu?<\/p>\n\n\n\n<p><strong>\u0160reja<\/strong>: To je va\u017eno pitanje.<\/p>\n\n\n\n<p>Cilj je bio da ishod GST-a informi\u0161e sledec\u0301u rundu NDC-a. Pro\u0161le godine u Bakuu smo imali odluku o Novom kolektivnom kvantifikovanom cilju finansiranja klimatskih promena (NCQG) gde su zemlje u razvoju tra\u017eile najmanje 1,3 biliona godi\u0161nje, a kona\u010dni ishod je bio samo ne\u0161to kao 300 milijardi godi\u0161nje sa pozivom da se povec\u0301a na 1,3 biliona. Finansiranje mora doc\u0301i iz svih izvora, ne samo iz javnih finansija razvijenih zemalja, vec\u0301 i iz privatnog sektora i iz zemalja u razvoju. Ovo je uticalo na poverenje strana u NDC. \u010cak i ako pripremimo ambiciozan NDC, ako nema finansija, ne mo\u017eemo ga sprovesti, tako da ne mo\u017eemo gubiti vreme na njegovo a\u017euriranje. Mislim da je to bio utisak koji je ostavio, \u0161to je opasno.<\/p>\n\n\n\n<p>Strane su morale da dostave svoje a\u017eurirane NDC-ove do februara ove godine, ali vrlo malo njih je to u\u010dinilo. Zatim je to produ\u017eeno do septembra kada se odr\u017eavala Generalna skup\u0161tina UN i \u010dak do tada nisu sve zemlje dostavile svoje NDC-ove. Finansije su klju\u010dne jer bez njih ne mo\u017eemo sprovesti NDC-ove. Skoro 80% NDC-a uklju\u010duje uslovne ciljeve koji se zatim ne bi mogli sprovesti. \u010cak i ako pripremamo nove NDC-ove, ne smanjujemo emisije, \u0161to zauzvrat povec\u0301ava temperaturu. Na primer, u Bakuu, predsedni\u0161tvo COP29 je prvobitno stavilo Dijalog UAE pod \u201ePitanja koja se odnose na finansije\u201c, a ne pod GST. Mnoge strane se nisu slo\u017eile sa ovim i zato nismo mogli da zapo\u010dnemo po\u010detnu plenarnu sednicu kako je trebalo. Nakon dugih diskusija, strane su se slo\u017eile da tretiraju stavljanje pod kontrolu i da nec\u0301e voditi diskusije. Mo\u017ee se slobodno rec\u0301i da su finansije bile prili\u010dno kontroverzne.<\/p>\n\n\n\n<p><strong>Zvezdana<\/strong>: Van pregovora, da li postoje neki projekti na kojima radite, a koje biste \u017eeleli da istaknete?<\/p>\n\n\n\n<p><strong>\u0160reja<\/strong>: (smeh) Te\u0161ko je razmi\u0161ljati o spolja\u0161njosti pregovora kada smo potpuno uronjeni u ono \u0161to se trenutno de\u0161ava. U Nepalu radim sa organizacijom pod nazivom <em>Clean Energy Nepal<\/em>. Radimo na klimatskim promenama sa mladima. Jedan od glavnih fokusa na\u0161eg rada je zaga\u0111enje vazduha. Gradovi Ju\u017ene Azije su \u017eari\u0161ta zaga\u0111enja vazduha. \u010cesto se nalazimo na vrhu liste najzaga\u0111enijih gradova na svetu. Sa pribli\u017eavanjem zimske sezone u Nepalu, Indiji, Pakistanu i susednim zemljama, zaga\u0111enje vazduha je postalo veliki problem. Nivoi zaga\u0111uju\u0107ih \u010destica su 10 puta vec\u0301i od smernica Svetske zdravstvene organizacije (SZO). Instaliramo senzore kvaliteta vazduha u svim delovima Nepala kako bismo prikupljali podatke i koristili te podatke za zagovaranje politika. Zaga\u0111enje vazduha je tako\u0111e povezano sa klimatskim promenama, tako da mislim da radimo va\u017ean posao koji ima uticaj.<\/p>\n\n\n\n<p><strong>Zvezdana<\/strong>: Hvala Vam puno \u0161to ste odvojili vreme da razgovarate sa mnom, ako ljudi \u017eele da saznaju vi\u0161e o Vama ili Va\u0161em radu, gde Vas mogu pronac\u0301i?<\/p>\n\n\n\n<p><strong>\u0160reja<\/strong>: Dostupna sam na LinkedIn-u, <em>Shreya K.C.<\/em> i Instagram-u, <em>kcshreya1<\/em>.<\/p>\n\n\n\n<p><em>Intervju obavljen 18. novembra 2025.<\/em><\/p>\n","protected":false},"excerpt":{"rendered":"<p>#RESTalksCOP je serija intervjua sa COP30, kreirana da ljudima pribli\u017ei proces Okvirne konvencije Ujedinjenih nacija o klimatskim promenama (UNFCCC). Kroz razgovore sa pregovara\u010dima, stru\u010dnjacima i civilnim dru\u0161tvom, istra\u017eujemo razli\u010dite perspektive i uvide iza kulisa. Snimljeni na terenu na 30. Konferenciji strana (COP30), ovi intervjui nude vremensku kapsulu uvida u ljude i pri\u010de koje oblikuju dana\u0161nje [&hellip;]<\/p>\n","protected":false},"author":3,"featured_media":5434,"comment_status":"closed","ping_status":"closed","sticky":false,"template":"","format":"standard","meta":{"footnotes":""},"categories":[42],"tags":[15],"class_list":["post-5433","post","type-post","status-publish","format-standard","has-post-thumbnail","hentry","category-intervju","tag-klimatskepromene"],"yoast_head":"<!-- This site is optimized with the Yoast SEO plugin v27.5 - https:\/\/yoast.com\/product\/yoast-seo-wordpress\/ -->\n<title>Unutar globalnog pregleda \u2013 vremenski okviri, dinamika pregovora i politi\u010dke realnosti sa \u0160rejom K.C. - RES fondacija<\/title>\n<meta name=\"robots\" content=\"index, follow, max-snippet:-1, max-image-preview:large, max-video-preview:-1\" \/>\n<link rel=\"canonical\" href=\"https:\/\/resfoundation.org\/rs\/unutar-globalnog-pregleda-vremenski-okviri-dinamika-pregovora-i-politicke-realnosti-sa-srejom-k-c\/\" \/>\n<meta property=\"og:locale\" content=\"sr_RS\" \/>\n<meta property=\"og:type\" content=\"article\" \/>\n<meta property=\"og:title\" content=\"Unutar globalnog pregleda \u2013 vremenski okviri, dinamika pregovora i politi\u010dke realnosti sa \u0160rejom K.C. - RES fondacija\" \/>\n<meta property=\"og:description\" content=\"#RESTalksCOP je serija intervjua sa COP30, kreirana da ljudima pribli\u017ei proces Okvirne konvencije Ujedinjenih nacija o klimatskim promenama (UNFCCC). Kroz razgovore sa pregovara\u010dima, stru\u010dnjacima i civilnim dru\u0161tvom, istra\u017eujemo razli\u010dite perspektive i uvide iza kulisa. Snimljeni na terenu na 30. Konferenciji strana (COP30), ovi intervjui nude vremensku kapsulu uvida u ljude i pri\u010de koje oblikuju dana\u0161nje [&hellip;]\" \/>\n<meta property=\"og:url\" content=\"https:\/\/resfoundation.org\/rs\/unutar-globalnog-pregleda-vremenski-okviri-dinamika-pregovora-i-politicke-realnosti-sa-srejom-k-c\/\" \/>\n<meta property=\"og:site_name\" content=\"RES fondacija\" \/>\n<meta property=\"article:published_time\" content=\"2025-12-11T12:05:41+00:00\" \/>\n<meta property=\"article:modified_time\" content=\"2025-12-11T12:05:42+00:00\" \/>\n<meta property=\"og:image\" content=\"https:\/\/resfoundation.org\/rs\/wp-content\/uploads\/2025\/12\/shreya-e1765451133140.jpg\" \/>\n\t<meta property=\"og:image:width\" content=\"1080\" \/>\n\t<meta property=\"og:image:height\" content=\"740\" \/>\n\t<meta property=\"og:image:type\" content=\"image\/jpeg\" \/>\n<meta name=\"author\" content=\"Admin\" \/>\n<meta name=\"twitter:card\" content=\"summary_large_image\" \/>\n<meta name=\"twitter:label1\" content=\"\u041d\u0430\u043f\u0438\u0441\u0430\u043d\u043e \u043e\u0434\" \/>\n\t<meta name=\"twitter:data1\" content=\"Admin\" \/>\n\t<meta name=\"twitter:label2\" content=\"\u041f\u0440\u043e\u0446\u0435\u045a\u0435\u043d\u043e \u0432\u0440\u0435\u043c\u0435 \u0447\u0438\u0442\u0430\u045a\u0430\" \/>\n\t<meta name=\"twitter:data2\" content=\"9 \u043c\u0438\u043d\u0443\u0442\u0430\" \/>\n<script type=\"application\/ld+json\" class=\"yoast-schema-graph\">{\"@context\":\"https:\\\/\\\/schema.org\",\"@graph\":[{\"@type\":\"Article\",\"@id\":\"https:\\\/\\\/resfoundation.org\\\/rs\\\/unutar-globalnog-pregleda-vremenski-okviri-dinamika-pregovora-i-politicke-realnosti-sa-srejom-k-c\\\/#article\",\"isPartOf\":{\"@id\":\"https:\\\/\\\/resfoundation.org\\\/rs\\\/unutar-globalnog-pregleda-vremenski-okviri-dinamika-pregovora-i-politicke-realnosti-sa-srejom-k-c\\\/\"},\"author\":{\"name\":\"Admin\",\"@id\":\"https:\\\/\\\/resfoundation.org\\\/rs\\\/#\\\/schema\\\/person\\\/742e2bf0bb2a53a86ecf6c4ad424f2ec\"},\"headline\":\"Unutar globalnog pregleda \u2013 vremenski okviri, dinamika pregovora i politi\u010dke realnosti sa \u0160rejom K.C.\",\"datePublished\":\"2025-12-11T12:05:41+00:00\",\"dateModified\":\"2025-12-11T12:05:42+00:00\",\"mainEntityOfPage\":{\"@id\":\"https:\\\/\\\/resfoundation.org\\\/rs\\\/unutar-globalnog-pregleda-vremenski-okviri-dinamika-pregovora-i-politicke-realnosti-sa-srejom-k-c\\\/\"},\"wordCount\":1763,\"publisher\":{\"@id\":\"https:\\\/\\\/resfoundation.org\\\/rs\\\/#organization\"},\"image\":{\"@id\":\"https:\\\/\\\/resfoundation.org\\\/rs\\\/unutar-globalnog-pregleda-vremenski-okviri-dinamika-pregovora-i-politicke-realnosti-sa-srejom-k-c\\\/#primaryimage\"},\"thumbnailUrl\":\"https:\\\/\\\/resfoundation.org\\\/rs\\\/wp-content\\\/uploads\\\/2025\\\/12\\\/shreya-e1765451133140.jpg\",\"keywords\":[\"KlimatskePromene\"],\"articleSection\":[\"Intervju\"],\"inLanguage\":\"sr-RS\"},{\"@type\":\"WebPage\",\"@id\":\"https:\\\/\\\/resfoundation.org\\\/rs\\\/unutar-globalnog-pregleda-vremenski-okviri-dinamika-pregovora-i-politicke-realnosti-sa-srejom-k-c\\\/\",\"url\":\"https:\\\/\\\/resfoundation.org\\\/rs\\\/unutar-globalnog-pregleda-vremenski-okviri-dinamika-pregovora-i-politicke-realnosti-sa-srejom-k-c\\\/\",\"name\":\"Unutar globalnog pregleda \u2013 vremenski okviri, dinamika pregovora i politi\u010dke realnosti sa \u0160rejom K.C. - RES fondacija\",\"isPartOf\":{\"@id\":\"https:\\\/\\\/resfoundation.org\\\/rs\\\/#website\"},\"primaryImageOfPage\":{\"@id\":\"https:\\\/\\\/resfoundation.org\\\/rs\\\/unutar-globalnog-pregleda-vremenski-okviri-dinamika-pregovora-i-politicke-realnosti-sa-srejom-k-c\\\/#primaryimage\"},\"image\":{\"@id\":\"https:\\\/\\\/resfoundation.org\\\/rs\\\/unutar-globalnog-pregleda-vremenski-okviri-dinamika-pregovora-i-politicke-realnosti-sa-srejom-k-c\\\/#primaryimage\"},\"thumbnailUrl\":\"https:\\\/\\\/resfoundation.org\\\/rs\\\/wp-content\\\/uploads\\\/2025\\\/12\\\/shreya-e1765451133140.jpg\",\"datePublished\":\"2025-12-11T12:05:41+00:00\",\"dateModified\":\"2025-12-11T12:05:42+00:00\",\"breadcrumb\":{\"@id\":\"https:\\\/\\\/resfoundation.org\\\/rs\\\/unutar-globalnog-pregleda-vremenski-okviri-dinamika-pregovora-i-politicke-realnosti-sa-srejom-k-c\\\/#breadcrumb\"},\"inLanguage\":\"sr-RS\",\"potentialAction\":[{\"@type\":\"ReadAction\",\"target\":[\"https:\\\/\\\/resfoundation.org\\\/rs\\\/unutar-globalnog-pregleda-vremenski-okviri-dinamika-pregovora-i-politicke-realnosti-sa-srejom-k-c\\\/\"]}]},{\"@type\":\"ImageObject\",\"inLanguage\":\"sr-RS\",\"@id\":\"https:\\\/\\\/resfoundation.org\\\/rs\\\/unutar-globalnog-pregleda-vremenski-okviri-dinamika-pregovora-i-politicke-realnosti-sa-srejom-k-c\\\/#primaryimage\",\"url\":\"https:\\\/\\\/resfoundation.org\\\/rs\\\/wp-content\\\/uploads\\\/2025\\\/12\\\/shreya-e1765451133140.jpg\",\"contentUrl\":\"https:\\\/\\\/resfoundation.org\\\/rs\\\/wp-content\\\/uploads\\\/2025\\\/12\\\/shreya-e1765451133140.jpg\",\"width\":1080,\"height\":740},{\"@type\":\"BreadcrumbList\",\"@id\":\"https:\\\/\\\/resfoundation.org\\\/rs\\\/unutar-globalnog-pregleda-vremenski-okviri-dinamika-pregovora-i-politicke-realnosti-sa-srejom-k-c\\\/#breadcrumb\",\"itemListElement\":[{\"@type\":\"ListItem\",\"position\":1,\"name\":\"\u041f\u043e\u0447\u0435\u0442\u043d\u0430\",\"item\":\"https:\\\/\\\/resfoundation.org\\\/rs\\\/\"},{\"@type\":\"ListItem\",\"position\":2,\"name\":\"Unutar globalnog pregleda \u2013 vremenski okviri, dinamika pregovora i politi\u010dke realnosti sa \u0160rejom K.C.\"}]},{\"@type\":\"WebSite\",\"@id\":\"https:\\\/\\\/resfoundation.org\\\/rs\\\/#website\",\"url\":\"https:\\\/\\\/resfoundation.org\\\/rs\\\/\",\"name\":\"RES fondacija\",\"description\":\"Partnerships for Resilience\",\"publisher\":{\"@id\":\"https:\\\/\\\/resfoundation.org\\\/rs\\\/#organization\"},\"potentialAction\":[{\"@type\":\"SearchAction\",\"target\":{\"@type\":\"EntryPoint\",\"urlTemplate\":\"https:\\\/\\\/resfoundation.org\\\/rs\\\/?s={search_term_string}\"},\"query-input\":{\"@type\":\"PropertyValueSpecification\",\"valueRequired\":true,\"valueName\":\"search_term_string\"}}],\"inLanguage\":\"sr-RS\"},{\"@type\":\"Organization\",\"@id\":\"https:\\\/\\\/resfoundation.org\\\/rs\\\/#organization\",\"name\":\"RES fondacija\",\"url\":\"https:\\\/\\\/resfoundation.org\\\/rs\\\/\",\"logo\":{\"@type\":\"ImageObject\",\"inLanguage\":\"sr-RS\",\"@id\":\"https:\\\/\\\/resfoundation.org\\\/rs\\\/#\\\/schema\\\/logo\\\/image\\\/\",\"url\":\"https:\\\/\\\/resfoundation.org\\\/rs\\\/wp-content\\\/uploads\\\/2021\\\/03\\\/cropped-cropped-cropped-res-bez-ispisa.png\",\"contentUrl\":\"https:\\\/\\\/resfoundation.org\\\/rs\\\/wp-content\\\/uploads\\\/2021\\\/03\\\/cropped-cropped-cropped-res-bez-ispisa.png\",\"width\":512,\"height\":512,\"caption\":\"RES fondacija\"},\"image\":{\"@id\":\"https:\\\/\\\/resfoundation.org\\\/rs\\\/#\\\/schema\\\/logo\\\/image\\\/\"}},{\"@type\":\"Person\",\"@id\":\"https:\\\/\\\/resfoundation.org\\\/rs\\\/#\\\/schema\\\/person\\\/742e2bf0bb2a53a86ecf6c4ad424f2ec\",\"name\":\"Admin\",\"image\":{\"@type\":\"ImageObject\",\"inLanguage\":\"sr-RS\",\"@id\":\"https:\\\/\\\/secure.gravatar.com\\\/avatar\\\/a89f0bcfcafea886f55b948a23f20a40ba0a924a3f8e5494e130e069c504b756?s=96&d=mm&r=g\",\"url\":\"https:\\\/\\\/secure.gravatar.com\\\/avatar\\\/a89f0bcfcafea886f55b948a23f20a40ba0a924a3f8e5494e130e069c504b756?s=96&d=mm&r=g\",\"contentUrl\":\"https:\\\/\\\/secure.gravatar.com\\\/avatar\\\/a89f0bcfcafea886f55b948a23f20a40ba0a924a3f8e5494e130e069c504b756?s=96&d=mm&r=g\",\"caption\":\"Admin\"},\"sameAs\":[\"https:\\\/\\\/resfoundation.org\\\/rs\"],\"url\":\"https:\\\/\\\/resfoundation.org\\\/rs\\\/author\\\/zoricaresfoundation-org\\\/\"}]}<\/script>\n<!-- \/ Yoast SEO plugin. -->","yoast_head_json":{"title":"Unutar globalnog pregleda \u2013 vremenski okviri, dinamika pregovora i politi\u010dke realnosti sa \u0160rejom K.C. - RES fondacija","robots":{"index":"index","follow":"follow","max-snippet":"max-snippet:-1","max-image-preview":"max-image-preview:large","max-video-preview":"max-video-preview:-1"},"canonical":"https:\/\/resfoundation.org\/rs\/unutar-globalnog-pregleda-vremenski-okviri-dinamika-pregovora-i-politicke-realnosti-sa-srejom-k-c\/","og_locale":"sr_RS","og_type":"article","og_title":"Unutar globalnog pregleda \u2013 vremenski okviri, dinamika pregovora i politi\u010dke realnosti sa \u0160rejom K.C. - RES fondacija","og_description":"#RESTalksCOP je serija intervjua sa COP30, kreirana da ljudima pribli\u017ei proces Okvirne konvencije Ujedinjenih nacija o klimatskim promenama (UNFCCC). Kroz razgovore sa pregovara\u010dima, stru\u010dnjacima i civilnim dru\u0161tvom, istra\u017eujemo razli\u010dite perspektive i uvide iza kulisa. Snimljeni na terenu na 30. Konferenciji strana (COP30), ovi intervjui nude vremensku kapsulu uvida u ljude i pri\u010de koje oblikuju dana\u0161nje [&hellip;]","og_url":"https:\/\/resfoundation.org\/rs\/unutar-globalnog-pregleda-vremenski-okviri-dinamika-pregovora-i-politicke-realnosti-sa-srejom-k-c\/","og_site_name":"RES fondacija","article_published_time":"2025-12-11T12:05:41+00:00","article_modified_time":"2025-12-11T12:05:42+00:00","og_image":[{"width":1080,"height":740,"url":"https:\/\/resfoundation.org\/rs\/wp-content\/uploads\/2025\/12\/shreya-e1765451133140.jpg","type":"image\/jpeg"}],"author":"Admin","twitter_card":"summary_large_image","twitter_misc":{"\u041d\u0430\u043f\u0438\u0441\u0430\u043d\u043e \u043e\u0434":"Admin","\u041f\u0440\u043e\u0446\u0435\u045a\u0435\u043d\u043e \u0432\u0440\u0435\u043c\u0435 \u0447\u0438\u0442\u0430\u045a\u0430":"9 \u043c\u0438\u043d\u0443\u0442\u0430"},"schema":{"@context":"https:\/\/schema.org","@graph":[{"@type":"Article","@id":"https:\/\/resfoundation.org\/rs\/unutar-globalnog-pregleda-vremenski-okviri-dinamika-pregovora-i-politicke-realnosti-sa-srejom-k-c\/#article","isPartOf":{"@id":"https:\/\/resfoundation.org\/rs\/unutar-globalnog-pregleda-vremenski-okviri-dinamika-pregovora-i-politicke-realnosti-sa-srejom-k-c\/"},"author":{"name":"Admin","@id":"https:\/\/resfoundation.org\/rs\/#\/schema\/person\/742e2bf0bb2a53a86ecf6c4ad424f2ec"},"headline":"Unutar globalnog pregleda \u2013 vremenski okviri, dinamika pregovora i politi\u010dke realnosti sa \u0160rejom K.C.","datePublished":"2025-12-11T12:05:41+00:00","dateModified":"2025-12-11T12:05:42+00:00","mainEntityOfPage":{"@id":"https:\/\/resfoundation.org\/rs\/unutar-globalnog-pregleda-vremenski-okviri-dinamika-pregovora-i-politicke-realnosti-sa-srejom-k-c\/"},"wordCount":1763,"publisher":{"@id":"https:\/\/resfoundation.org\/rs\/#organization"},"image":{"@id":"https:\/\/resfoundation.org\/rs\/unutar-globalnog-pregleda-vremenski-okviri-dinamika-pregovora-i-politicke-realnosti-sa-srejom-k-c\/#primaryimage"},"thumbnailUrl":"https:\/\/resfoundation.org\/rs\/wp-content\/uploads\/2025\/12\/shreya-e1765451133140.jpg","keywords":["KlimatskePromene"],"articleSection":["Intervju"],"inLanguage":"sr-RS"},{"@type":"WebPage","@id":"https:\/\/resfoundation.org\/rs\/unutar-globalnog-pregleda-vremenski-okviri-dinamika-pregovora-i-politicke-realnosti-sa-srejom-k-c\/","url":"https:\/\/resfoundation.org\/rs\/unutar-globalnog-pregleda-vremenski-okviri-dinamika-pregovora-i-politicke-realnosti-sa-srejom-k-c\/","name":"Unutar globalnog pregleda \u2013 vremenski okviri, dinamika pregovora i politi\u010dke realnosti sa \u0160rejom K.C. - RES fondacija","isPartOf":{"@id":"https:\/\/resfoundation.org\/rs\/#website"},"primaryImageOfPage":{"@id":"https:\/\/resfoundation.org\/rs\/unutar-globalnog-pregleda-vremenski-okviri-dinamika-pregovora-i-politicke-realnosti-sa-srejom-k-c\/#primaryimage"},"image":{"@id":"https:\/\/resfoundation.org\/rs\/unutar-globalnog-pregleda-vremenski-okviri-dinamika-pregovora-i-politicke-realnosti-sa-srejom-k-c\/#primaryimage"},"thumbnailUrl":"https:\/\/resfoundation.org\/rs\/wp-content\/uploads\/2025\/12\/shreya-e1765451133140.jpg","datePublished":"2025-12-11T12:05:41+00:00","dateModified":"2025-12-11T12:05:42+00:00","breadcrumb":{"@id":"https:\/\/resfoundation.org\/rs\/unutar-globalnog-pregleda-vremenski-okviri-dinamika-pregovora-i-politicke-realnosti-sa-srejom-k-c\/#breadcrumb"},"inLanguage":"sr-RS","potentialAction":[{"@type":"ReadAction","target":["https:\/\/resfoundation.org\/rs\/unutar-globalnog-pregleda-vremenski-okviri-dinamika-pregovora-i-politicke-realnosti-sa-srejom-k-c\/"]}]},{"@type":"ImageObject","inLanguage":"sr-RS","@id":"https:\/\/resfoundation.org\/rs\/unutar-globalnog-pregleda-vremenski-okviri-dinamika-pregovora-i-politicke-realnosti-sa-srejom-k-c\/#primaryimage","url":"https:\/\/resfoundation.org\/rs\/wp-content\/uploads\/2025\/12\/shreya-e1765451133140.jpg","contentUrl":"https:\/\/resfoundation.org\/rs\/wp-content\/uploads\/2025\/12\/shreya-e1765451133140.jpg","width":1080,"height":740},{"@type":"BreadcrumbList","@id":"https:\/\/resfoundation.org\/rs\/unutar-globalnog-pregleda-vremenski-okviri-dinamika-pregovora-i-politicke-realnosti-sa-srejom-k-c\/#breadcrumb","itemListElement":[{"@type":"ListItem","position":1,"name":"\u041f\u043e\u0447\u0435\u0442\u043d\u0430","item":"https:\/\/resfoundation.org\/rs\/"},{"@type":"ListItem","position":2,"name":"Unutar globalnog pregleda \u2013 vremenski okviri, dinamika pregovora i politi\u010dke realnosti sa \u0160rejom K.C."}]},{"@type":"WebSite","@id":"https:\/\/resfoundation.org\/rs\/#website","url":"https:\/\/resfoundation.org\/rs\/","name":"RES fondacija","description":"Partnerships for Resilience","publisher":{"@id":"https:\/\/resfoundation.org\/rs\/#organization"},"potentialAction":[{"@type":"SearchAction","target":{"@type":"EntryPoint","urlTemplate":"https:\/\/resfoundation.org\/rs\/?s={search_term_string}"},"query-input":{"@type":"PropertyValueSpecification","valueRequired":true,"valueName":"search_term_string"}}],"inLanguage":"sr-RS"},{"@type":"Organization","@id":"https:\/\/resfoundation.org\/rs\/#organization","name":"RES fondacija","url":"https:\/\/resfoundation.org\/rs\/","logo":{"@type":"ImageObject","inLanguage":"sr-RS","@id":"https:\/\/resfoundation.org\/rs\/#\/schema\/logo\/image\/","url":"https:\/\/resfoundation.org\/rs\/wp-content\/uploads\/2021\/03\/cropped-cropped-cropped-res-bez-ispisa.png","contentUrl":"https:\/\/resfoundation.org\/rs\/wp-content\/uploads\/2021\/03\/cropped-cropped-cropped-res-bez-ispisa.png","width":512,"height":512,"caption":"RES fondacija"},"image":{"@id":"https:\/\/resfoundation.org\/rs\/#\/schema\/logo\/image\/"}},{"@type":"Person","@id":"https:\/\/resfoundation.org\/rs\/#\/schema\/person\/742e2bf0bb2a53a86ecf6c4ad424f2ec","name":"Admin","image":{"@type":"ImageObject","inLanguage":"sr-RS","@id":"https:\/\/secure.gravatar.com\/avatar\/a89f0bcfcafea886f55b948a23f20a40ba0a924a3f8e5494e130e069c504b756?s=96&d=mm&r=g","url":"https:\/\/secure.gravatar.com\/avatar\/a89f0bcfcafea886f55b948a23f20a40ba0a924a3f8e5494e130e069c504b756?s=96&d=mm&r=g","contentUrl":"https:\/\/secure.gravatar.com\/avatar\/a89f0bcfcafea886f55b948a23f20a40ba0a924a3f8e5494e130e069c504b756?s=96&d=mm&r=g","caption":"Admin"},"sameAs":["https:\/\/resfoundation.org\/rs"],"url":"https:\/\/resfoundation.org\/rs\/author\/zoricaresfoundation-org\/"}]}},"_links":{"self":[{"href":"https:\/\/resfoundation.org\/rs\/wp-json\/wp\/v2\/posts\/5433","targetHints":{"allow":["GET"]}}],"collection":[{"href":"https:\/\/resfoundation.org\/rs\/wp-json\/wp\/v2\/posts"}],"about":[{"href":"https:\/\/resfoundation.org\/rs\/wp-json\/wp\/v2\/types\/post"}],"author":[{"embeddable":true,"href":"https:\/\/resfoundation.org\/rs\/wp-json\/wp\/v2\/users\/3"}],"replies":[{"embeddable":true,"href":"https:\/\/resfoundation.org\/rs\/wp-json\/wp\/v2\/comments?post=5433"}],"version-history":[{"count":1,"href":"https:\/\/resfoundation.org\/rs\/wp-json\/wp\/v2\/posts\/5433\/revisions"}],"predecessor-version":[{"id":5435,"href":"https:\/\/resfoundation.org\/rs\/wp-json\/wp\/v2\/posts\/5433\/revisions\/5435"}],"wp:featuredmedia":[{"embeddable":true,"href":"https:\/\/resfoundation.org\/rs\/wp-json\/wp\/v2\/media\/5434"}],"wp:attachment":[{"href":"https:\/\/resfoundation.org\/rs\/wp-json\/wp\/v2\/media?parent=5433"}],"wp:term":[{"taxonomy":"category","embeddable":true,"href":"https:\/\/resfoundation.org\/rs\/wp-json\/wp\/v2\/categories?post=5433"},{"taxonomy":"post_tag","embeddable":true,"href":"https:\/\/resfoundation.org\/rs\/wp-json\/wp\/v2\/tags?post=5433"}],"curies":[{"name":"wp","href":"https:\/\/api.w.org\/{rel}","templated":true}]}}