{"id":5645,"date":"2026-03-27T14:40:58","date_gmt":"2026-03-27T14:40:58","guid":{"rendered":"https:\/\/resfoundation.org\/rs\/?p=5645"},"modified":"2026-03-27T14:42:38","modified_gmt":"2026-03-27T14:42:38","slug":"macura-na-konferenciji-nadogradnja-napretka-unapredjenje-puta-energetske-tranzicije-regiona","status":"publish","type":"post","link":"https:\/\/resfoundation.org\/rs\/macura-na-konferenciji-nadogradnja-napretka-unapredjenje-puta-energetske-tranzicije-regiona\/","title":{"rendered":"Macura na konferenciji \u201eNadogradnja napretka: Unapre\u0111enje puta energetske tranzicije regiona\u201c"},"content":{"rendered":"\t\t<div data-elementor-type=\"wp-post\" data-elementor-id=\"5645\" class=\"elementor elementor-5645\">\n\t\t\t\t\t\t<section class=\"elementor-section elementor-top-section elementor-element elementor-element-2b133f87 elementor-section-boxed elementor-section-height-default elementor-section-height-default\" data-id=\"2b133f87\" data-element_type=\"section\" data-e-type=\"section\">\n\t\t\t\t\t\t<div class=\"elementor-container elementor-column-gap-default\">\n\t\t\t\t\t<div class=\"elementor-column elementor-col-100 elementor-top-column elementor-element elementor-element-26cdc1a\" data-id=\"26cdc1a\" data-element_type=\"column\" data-e-type=\"column\">\n\t\t\t<div class=\"elementor-widget-wrap elementor-element-populated\">\n\t\t\t\t\t\t<div class=\"elementor-element elementor-element-5aca6ee4 elementor-widget elementor-widget-text-editor\" data-id=\"5aca6ee4\" data-element_type=\"widget\" data-e-type=\"widget\" data-widget_type=\"text-editor.default\">\n\t\t\t\t<div class=\"elementor-widget-container\">\n\t\t\t\t\t\t\t\t\t<div class=\"wp-block-image\">\n<figure class=\"aligncenter size-large\"><img fetchpriority=\"high\" decoding=\"async\" width=\"1024\" height=\"682\" class=\"wp-image-5650\" src=\"https:\/\/resfoundation.org\/rs\/wp-content\/uploads\/2026\/03\/giz-conf-1024x682.jpg\" alt=\"\" srcset=\"https:\/\/resfoundation.org\/rs\/wp-content\/uploads\/2026\/03\/giz-conf-1024x682.jpg 1024w, https:\/\/resfoundation.org\/rs\/wp-content\/uploads\/2026\/03\/giz-conf-300x200.jpg 300w, https:\/\/resfoundation.org\/rs\/wp-content\/uploads\/2026\/03\/giz-conf-768x512.jpg 768w, https:\/\/resfoundation.org\/rs\/wp-content\/uploads\/2026\/03\/giz-conf-1536x1024.jpg 1536w, https:\/\/resfoundation.org\/rs\/wp-content\/uploads\/2026\/03\/giz-conf.jpg 2000w\" sizes=\"(max-width: 1024px) 100vw, 1024px\" \/>\n<figcaption class=\"wp-element-caption\">Fotografija: GIZ BiH i Crna Gora<\/figcaption>\n<\/figure>\n<\/div>\n<p class=\"wp-block-paragraph\">Predstavnici vlada, regionalnih organizacija, finansijskih institucija i energetskih stru\u010dnjaka sa Zapadnog Balkana okupili su se u Budvi na konferenciji \u201eNadogradnja napretka: Unapre\u0111enje puta energetske tranzicije Zapadnog Balkana\u201c. Doga\u0111aj je ozna\u010dio pokretanje druge faze projekta \u201eDekarbonizacija elektroenergetskog sektora na Zapadnom Balkanu II\u201c, koji sprovodi <a href=\"https:\/\/nemackasaradnja.rs\/giz-sr\/\" target=\"_blank\" rel=\"noreferrer noopener\">Nema\u010dka saradnja u Srbiji (GIZ)<\/a> u okviru Regionalnog klimatskog partnerstva izme\u0111u Nema\u010dke i Zapadnog Balkana.<\/p>\n\n<p class=\"wp-block-paragraph\">Na\u0161i programski direktori, Jasminka Young i Aleksandar Macura, bili su pozvani na doga\u0111aj, a Macura je u\u010destvovao u panel diskusiji na temu \u201eInkluzivni prozjumerizam: Osmi\u0161ljavanje re\u0161enja za mre\u017eu koja funkcioni\u0161u za energetski siroma\u0161ne i energetski ranjive zajednice\u201c, koja se odr\u017eala 2. dana konferencije, 26. marta. Cilj panel diskusije bio je da se identifikuju prakti\u010dni putevi za pro\u0161irenje moguc\u0301nosti u\u010de\u0161c\u0301a u elektroenergetskom sektoru, posebno kroz modele prozjumera, kako bi energetski siroma\u0161na i ranjiva domac\u0301instva mogla aktivno da se uklju\u010de i imaju koristi od energetske tranzicije.<\/p>\n\n<p class=\"wp-block-paragraph\">Diskusija je okupila perspektive razli\u010ditih aktera u elektroenergetskom sektoru i mre\u017eama iz regiona i Nema\u010dke, kako bi se razmotrile prepreke, uslovi koji omoguc\u0301avaju i pristupi specifi\u010dni za zemlju za razvoj moguc\u0301nosti inkluzivnog u\u010de\u0161c\u0301a u regionu.<\/p>\n\n<p class=\"wp-block-paragraph\">U svom doprinosu panelu, Macura je naglasio da najvec\u0301a prilika za inkluzivni prozjumerizam le\u017ei na najni\u017eem nivou napona, gde se tro\u0161i otprilike dve trec\u0301ine elektri\u010dne energije na Zapadnom Balkanu i gde se vec\u0301ina elektri\u010dne energije koristi pod krovovima koji bi potencijalno mogli da budu doma\u0107ini solarnoj proizvodnji. Napomenuo je da su glavne prepreke strukturne, a ne tehni\u010dke: regionu i dalje nedostaje jasna vizija za razvoj distribuirane energije, posebno energije za gra\u0111ane, kao i sna\u017eni procesi javnih politika kroz koje se moguc\u0301nosti za povec\u0301anje javne vrednosti mogu identifikovati, proceniti i pretvoriti u efikasne mere. Dok se ovi uslovi ne pobolj\u0161aju, napredak c\u0301e nastaviti da zavisi od izgradnje koalicija koje mogu unaprediti lokalne inicijative i spre\u010diti aktere sa pravom veta da ometaju razvoj solarne energije.<\/p>\n\n<p class=\"wp-block-paragraph\">Rad se nastavlja, a prioriteti partnera su sada jasno identifikovani. Nova runda projekata na licu mesta c\u0301e se direktno nadovezati na ove potrebe, pretvarajuc\u0301i ih u konkretne akcije.<\/p>\n\n<p class=\"wp-block-paragraph\">Foto galerija (RES fondacija):<\/p>\n\t\t\t\t\t\t\t\t<\/div>\n\t\t\t\t<\/div>\n\t\t\t\t\t<\/div>\n\t\t<\/div>\n\t\t\t\t\t<\/div>\n\t\t<\/section>\n\t\t\t\t<section class=\"elementor-section elementor-top-section elementor-element elementor-element-92d9c6c elementor-section-boxed elementor-section-height-default elementor-section-height-default\" data-id=\"92d9c6c\" data-element_type=\"section\" data-e-type=\"section\">\n\t\t\t\t\t\t<div class=\"elementor-container elementor-column-gap-default\">\n\t\t\t\t\t<div class=\"elementor-column elementor-col-100 elementor-top-column elementor-element elementor-element-fb51bdc\" data-id=\"fb51bdc\" data-element_type=\"column\" data-e-type=\"column\">\n\t\t\t<div class=\"elementor-widget-wrap elementor-element-populated\">\n\t\t\t\t\t\t<div class=\"elementor-element elementor-element-d596b40 elementor-widget elementor-widget-image-gallery\" data-id=\"d596b40\" data-element_type=\"widget\" data-e-type=\"widget\" data-widget_type=\"image-gallery.default\">\n\t\t\t\t<div class=\"elementor-widget-container\">\n\t\t\t\t\t\t\t<div class=\"elementor-image-gallery\">\n\t\t\t\n<a data-elementor-open-lightbox=\"yes\" data-elementor-lightbox-slideshow=\"d596b40\" data-elementor-lightbox-title=\"1000044885\" data-e-action-hash=\"#elementor-action%3Aaction%3Dlightbox%26settings%3DeyJpZCI6NTY0NywidXJsIjoiaHR0cHM6XC9cL3Jlc2ZvdW5kYXRpb24ub3JnXC9yc1wvd3AtY29udGVudFwvdXBsb2Fkc1wvMjAyNlwvMDNcLzEwMDAwNDQ4ODUuanBnIiwic2xpZGVzaG93IjoiZDU5NmI0MCJ9\" href='https:\/\/resfoundation.org\/rs\/wp-content\/uploads\/2026\/03\/1000044885.jpg'><img decoding=\"async\" width=\"150\" height=\"150\" src=\"https:\/\/resfoundation.org\/rs\/wp-content\/uploads\/2026\/03\/1000044885-150x150.jpg\" class=\"attachment-thumbnail size-thumbnail\" alt=\"\" \/><\/a>\n<a data-elementor-open-lightbox=\"yes\" data-elementor-lightbox-slideshow=\"d596b40\" data-elementor-lightbox-title=\"1000044887\" data-e-action-hash=\"#elementor-action%3Aaction%3Dlightbox%26settings%3DeyJpZCI6NTY0NiwidXJsIjoiaHR0cHM6XC9cL3Jlc2ZvdW5kYXRpb24ub3JnXC9yc1wvd3AtY29udGVudFwvdXBsb2Fkc1wvMjAyNlwvMDNcLzEwMDAwNDQ4ODcuanBnIiwic2xpZGVzaG93IjoiZDU5NmI0MCJ9\" href='https:\/\/resfoundation.org\/rs\/wp-content\/uploads\/2026\/03\/1000044887.jpg'><img decoding=\"async\" width=\"150\" height=\"150\" src=\"https:\/\/resfoundation.org\/rs\/wp-content\/uploads\/2026\/03\/1000044887-150x150.jpg\" class=\"attachment-thumbnail size-thumbnail\" alt=\"\" \/><\/a>\n<a data-elementor-open-lightbox=\"yes\" data-elementor-lightbox-slideshow=\"d596b40\" data-elementor-lightbox-title=\"1000044888\" data-e-action-hash=\"#elementor-action%3Aaction%3Dlightbox%26settings%3DeyJpZCI6NTY0OSwidXJsIjoiaHR0cHM6XC9cL3Jlc2ZvdW5kYXRpb24ub3JnXC9yc1wvd3AtY29udGVudFwvdXBsb2Fkc1wvMjAyNlwvMDNcLzEwMDAwNDQ4ODguanBnIiwic2xpZGVzaG93IjoiZDU5NmI0MCJ9\" href='https:\/\/resfoundation.org\/rs\/wp-content\/uploads\/2026\/03\/1000044888.jpg'><img loading=\"lazy\" decoding=\"async\" width=\"150\" height=\"150\" src=\"https:\/\/resfoundation.org\/rs\/wp-content\/uploads\/2026\/03\/1000044888-150x150.jpg\" class=\"attachment-thumbnail size-thumbnail\" alt=\"\" \/><\/a>\n<a data-elementor-open-lightbox=\"yes\" data-elementor-lightbox-slideshow=\"d596b40\" data-elementor-lightbox-title=\"1000044886\" data-e-action-hash=\"#elementor-action%3Aaction%3Dlightbox%26settings%3DeyJpZCI6NTY0OCwidXJsIjoiaHR0cHM6XC9cL3Jlc2ZvdW5kYXRpb24ub3JnXC9yc1wvd3AtY29udGVudFwvdXBsb2Fkc1wvMjAyNlwvMDNcLzEwMDAwNDQ4ODYuanBnIiwic2xpZGVzaG93IjoiZDU5NmI0MCJ9\" href='https:\/\/resfoundation.org\/rs\/wp-content\/uploads\/2026\/03\/1000044886.jpg'><img loading=\"lazy\" decoding=\"async\" width=\"150\" height=\"150\" src=\"https:\/\/resfoundation.org\/rs\/wp-content\/uploads\/2026\/03\/1000044886-150x150.jpg\" class=\"attachment-thumbnail size-thumbnail\" alt=\"\" \/><\/a>\n\t\t<\/div>\n\t\t\t\t\t\t<\/div>\n\t\t\t\t<\/div>\n\t\t\t\t\t<\/div>\n\t\t<\/div>\n\t\t\t\t\t<\/div>\n\t\t<\/section>\n\t\t\t\t<\/div>\n\t\t","protected":false},"excerpt":{"rendered":"<p>Predstavnici vlada, regionalnih organizacija, finansijskih institucija i energetskih stru\u010dnjaka sa Zapadnog Balkana okupili su se u Budvi na konferenciji \u201eNadogradnja napretka: Unapre\u0111enje puta energetske tranzicije Zapadnog Balkana\u201c. Doga\u0111aj je ozna\u010dio pokretanje druge faze projekta \u201eDekarbonizacija elektroenergetskog sektora na Zapadnom Balkanu II\u201c, koji sprovodi Nema\u010dka saradnja u Srbiji (GIZ) u okviru Regionalnog klimatskog partnerstva izme\u0111u Nema\u010dke [&hellip;]<\/p>\n","protected":false},"author":3,"featured_media":5650,"comment_status":"closed","ping_status":"closed","sticky":false,"template":"","format":"standard","meta":{"footnotes":""},"categories":[5],"tags":[19,21],"class_list":["post-5645","post","type-post","status-publish","format-standard","has-post-thumbnail","hentry","category-dogadjaji","tag-energetskatranzicija","tag-energetskosiromastvo"],"_links":{"self":[{"href":"https:\/\/resfoundation.org\/rs\/wp-json\/wp\/v2\/posts\/5645","targetHints":{"allow":["GET"]}}],"collection":[{"href":"https:\/\/resfoundation.org\/rs\/wp-json\/wp\/v2\/posts"}],"about":[{"href":"https:\/\/resfoundation.org\/rs\/wp-json\/wp\/v2\/types\/post"}],"author":[{"embeddable":true,"href":"https:\/\/resfoundation.org\/rs\/wp-json\/wp\/v2\/users\/3"}],"replies":[{"embeddable":true,"href":"https:\/\/resfoundation.org\/rs\/wp-json\/wp\/v2\/comments?post=5645"}],"version-history":[{"count":7,"href":"https:\/\/resfoundation.org\/rs\/wp-json\/wp\/v2\/posts\/5645\/revisions"}],"predecessor-version":[{"id":5658,"href":"https:\/\/resfoundation.org\/rs\/wp-json\/wp\/v2\/posts\/5645\/revisions\/5658"}],"wp:featuredmedia":[{"embeddable":true,"href":"https:\/\/resfoundation.org\/rs\/wp-json\/wp\/v2\/media\/5650"}],"wp:attachment":[{"href":"https:\/\/resfoundation.org\/rs\/wp-json\/wp\/v2\/media?parent=5645"}],"wp:term":[{"taxonomy":"category","embeddable":true,"href":"https:\/\/resfoundation.org\/rs\/wp-json\/wp\/v2\/categories?post=5645"},{"taxonomy":"post_tag","embeddable":true,"href":"https:\/\/resfoundation.org\/rs\/wp-json\/wp\/v2\/tags?post=5645"}],"curies":[{"name":"wp","href":"https:\/\/api.w.org\/{rel}","templated":true}]}}