{"id":5668,"date":"2026-04-30T13:09:26","date_gmt":"2026-04-30T13:09:26","guid":{"rendered":"https:\/\/resfoundation.org\/rs\/?p=5668"},"modified":"2026-04-30T13:10:45","modified_gmt":"2026-04-30T13:10:45","slug":"res-fondacija-na-konferenciji-energetska-tranzicija-i-gradjanska-energija","status":"publish","type":"post","link":"https:\/\/resfoundation.org\/rs\/res-fondacija-na-konferenciji-energetska-tranzicija-i-gradjanska-energija\/","title":{"rendered":"RES fondacija na konferenciji \u201eEnergetska tranzicija i gra\u0111anska energija\u201c"},"content":{"rendered":"\t\t<div data-elementor-type=\"wp-post\" data-elementor-id=\"5668\" class=\"elementor elementor-5668\">\n\t\t\t\t\t\t<section class=\"elementor-section elementor-top-section elementor-element elementor-element-2bdade85 elementor-section-boxed elementor-section-height-default elementor-section-height-default\" data-id=\"2bdade85\" data-element_type=\"section\" data-e-type=\"section\">\n\t\t\t\t\t\t<div class=\"elementor-container elementor-column-gap-default\">\n\t\t\t\t\t<div class=\"elementor-column elementor-col-100 elementor-top-column elementor-element elementor-element-2c772e62\" data-id=\"2c772e62\" data-element_type=\"column\" data-e-type=\"column\">\n\t\t\t<div class=\"elementor-widget-wrap elementor-element-populated\">\n\t\t\t\t\t\t<div class=\"elementor-element elementor-element-31f67c4c elementor-widget elementor-widget-text-editor\" data-id=\"31f67c4c\" data-element_type=\"widget\" data-e-type=\"widget\" data-widget_type=\"text-editor.default\">\n\t\t\t\t<div class=\"elementor-widget-container\">\n\t\t\t\t\t\t\t\t\t<div class=\"wp-block-image\">\n<figure class=\"aligncenter size-large\"><img fetchpriority=\"high\" decoding=\"async\" width=\"1024\" height=\"698\" src=\"https:\/\/resfoundation.org\/rs\/wp-content\/uploads\/2026\/04\/teslic-1024x698.jpg\" alt=\"\" class=\"wp-image-5669\" srcset=\"https:\/\/resfoundation.org\/rs\/wp-content\/uploads\/2026\/04\/teslic-1024x698.jpg 1024w, https:\/\/resfoundation.org\/rs\/wp-content\/uploads\/2026\/04\/teslic-300x205.jpg 300w, https:\/\/resfoundation.org\/rs\/wp-content\/uploads\/2026\/04\/teslic-768x524.jpg 768w, https:\/\/resfoundation.org\/rs\/wp-content\/uploads\/2026\/04\/teslic.jpg 1166w\" sizes=\"(max-width: 1024px) 100vw, 1024px\" \/><\/figure>\n<\/div>\n\n\n<p class=\"wp-block-paragraph\">U okviru projekta&nbsp;<strong>\u201eLINK &#8211; mre\u017ea za lokalni nisko-karbonski razvoj\u201c<\/strong>, Centar za ekologiju i energiju je, u saradnji sa Fondacijom Heinrich B\u00f6ll, organizovao konferenciju&nbsp;<strong>\u201eEnergetska tranzicija i gra\u0111anska energija\u201c<\/strong>.<\/p>\n\n\n\n<p class=\"wp-block-paragraph\">Na konferenciji je bilo re\u010di o energetskoj tranziciji u lokalnim zajednicama, kao i o procedurama, zakonima i institucionalnim okvirima za razvoj gra\u0111anske energije u Srbiji, Bosni i Hercegovini i Crnoj Gori. Poseban zna\u010daj skupu dala su izlaganja predstavnika vi\u0161e od deset lokalnih samouprava iz Bosne i Hercegovine i Srbije, koji su predstavili svoje aktivnosti u oblasti energetske tranzicije i gra\u0111anske energije, ali i izazove i probleme sa kojima se suo\u010davaju u praksi.<\/p>\n\n\n\n<p class=\"wp-block-paragraph\">Ispred RES fondacije,&nbsp;<strong>Filip Blagojevi\u0107<\/strong>, zajedno sa&nbsp;<strong>Nikolom Blagojevi\u0107em iz Pokreta gorana Vojvodine<\/strong>, predstavio je rad&nbsp;<strong>Mre\u017ee dobre energije<\/strong>. U okviru izlaganja prikazan je kontekst nastanka Mre\u017ee, projekti koje je ona sprovodila, kao i ciljevi kojima je doprinosila u razli\u010ditim dru\u0161tvenim i energetskim okolnostima.<\/p>\n\n\n\n<p class=\"wp-block-paragraph\">Filip Blagojevi\u0107 se osvrnuo i na projekte koje \u0107e RES fondacija nastaviti da razvija, a koji se nadovezuju na prethodni rad Mre\u017ee dobre energije. Posebno je istaknut nastavak rada na\u00a0<strong>Atlasu dobre energije<\/strong>, alatu koji \u0107e lokalne samouprave predstaviti iz ugla lokalne energetike, energetskih potreba, potencijala i izazova. Atlas \u0107e predstavljati va\u017ean alat kao vid podr\u0161ke u sprovo\u0111enju energetske tranzicije i razvoja gra\u0111anske energije na lokalnom nivou kao i\u00a0va\u017ean resurs za bolje razumevanje lokalnih energetskih prilika.<\/p>\n\n\n\n<p class=\"wp-block-paragraph\">Pored konferencijskog dela, u\u010desnici su imali priliku da obi\u0111u i primere dobre prakse u oblasti lokalne energetske tranzicije. Tokom terenskih poseta predstavljeni su pre\u010dista\u010d otpadnih voda u Tesli\u0107u, kao i solarne elektrane na vodoizvori\u0161tu u Te\u0161nju. U\u010desnici su tom prilikom obi\u0161li i Te\u0161anjsku tvr\u0111avu.<br><br>Konferencija je predstavljala zna\u010dajnu priliku za razmenu iskustava izme\u0111u lokalnih samouprava, organizacija civilnog dru\u0161tva i stru\u010dnjaka iz regiona, sa ciljem ja\u010danja lokalnih kapaciteta za pravednu, odr\u017eivu i gra\u0111anima dostupnu energetsku tranziciju.<\/p>\n\n\n\n<p class=\"wp-block-paragraph\">Pogledajte galeriju iz Tesli\u0107a:<\/p>\n\t\t\t\t\t\t\t\t<\/div>\n\t\t\t\t<\/div>\n\t\t\t\t\t<\/div>\n\t\t<\/div>\n\t\t\t\t\t<\/div>\n\t\t<\/section>\n\t\t\t\t<section class=\"elementor-section elementor-top-section elementor-element elementor-element-7afd6cb elementor-section-boxed elementor-section-height-default elementor-section-height-default\" data-id=\"7afd6cb\" data-element_type=\"section\" data-e-type=\"section\">\n\t\t\t\t\t\t<div class=\"elementor-container elementor-column-gap-default\">\n\t\t\t\t\t<div class=\"elementor-column elementor-col-100 elementor-top-column elementor-element elementor-element-e0c93ed\" data-id=\"e0c93ed\" data-element_type=\"column\" data-e-type=\"column\">\n\t\t\t<div class=\"elementor-widget-wrap elementor-element-populated\">\n\t\t\t\t\t\t<div class=\"elementor-element elementor-element-00651cb elementor-widget elementor-widget-image-gallery\" data-id=\"00651cb\" data-element_type=\"widget\" data-e-type=\"widget\" data-widget_type=\"image-gallery.default\">\n\t\t\t\t<div class=\"elementor-widget-container\">\n\t\t\t\t\t\t\t<div class=\"elementor-image-gallery\">\n\t\t\t<div id='gallery-1' class='gallery galleryid-5668 gallery-columns-3 gallery-size-medium'><figure class='gallery-item'>\n\t\t\t<div class='gallery-icon landscape'>\n\t\t\t\t<a data-elementor-open-lightbox=\"yes\" data-elementor-lightbox-slideshow=\"00651cb\" data-elementor-lightbox-title=\"tesli\u0107\" data-e-action-hash=\"#elementor-action%3Aaction%3Dlightbox%26settings%3DeyJpZCI6NTY2OSwidXJsIjoiaHR0cHM6XC9cL3Jlc2ZvdW5kYXRpb24ub3JnXC9yc1wvd3AtY29udGVudFwvdXBsb2Fkc1wvMjAyNlwvMDRcL3Rlc2xpYy5qcGciLCJzbGlkZXNob3ciOiIwMDY1MWNiIn0%3D\" href='https:\/\/resfoundation.org\/rs\/wp-content\/uploads\/2026\/04\/teslic.jpg'><img decoding=\"async\" width=\"300\" height=\"205\" src=\"https:\/\/resfoundation.org\/rs\/wp-content\/uploads\/2026\/04\/teslic-300x205.jpg\" class=\"attachment-medium size-medium\" alt=\"\" srcset=\"https:\/\/resfoundation.org\/rs\/wp-content\/uploads\/2026\/04\/teslic-300x205.jpg 300w, https:\/\/resfoundation.org\/rs\/wp-content\/uploads\/2026\/04\/teslic-1024x698.jpg 1024w, https:\/\/resfoundation.org\/rs\/wp-content\/uploads\/2026\/04\/teslic-768x524.jpg 768w, https:\/\/resfoundation.org\/rs\/wp-content\/uploads\/2026\/04\/teslic.jpg 1166w\" sizes=\"(max-width: 300px) 100vw, 300px\" \/><\/a>\n\t\t\t<\/div><\/figure><figure class='gallery-item'>\n\t\t\t<div class='gallery-icon landscape'>\n\t\t\t\t<a data-elementor-open-lightbox=\"yes\" data-elementor-lightbox-slideshow=\"00651cb\" data-elementor-lightbox-title=\"Gradska uprava Teslic_1\" data-e-action-hash=\"#elementor-action%3Aaction%3Dlightbox%26settings%3DeyJpZCI6NTY3NiwidXJsIjoiaHR0cHM6XC9cL3Jlc2ZvdW5kYXRpb24ub3JnXC9yc1wvd3AtY29udGVudFwvdXBsb2Fkc1wvMjAyNlwvMDRcL0dyYWRza2EtdXByYXZhLVRlc2xpY18xLXNjYWxlZC5qcGciLCJzbGlkZXNob3ciOiIwMDY1MWNiIn0%3D\" href='https:\/\/resfoundation.org\/rs\/wp-content\/uploads\/2026\/04\/Gradska-uprava-Teslic_1-scaled.jpg'><img decoding=\"async\" width=\"300\" height=\"200\" src=\"https:\/\/resfoundation.org\/rs\/wp-content\/uploads\/2026\/04\/Gradska-uprava-Teslic_1-300x200.jpg\" class=\"attachment-medium size-medium\" alt=\"\" srcset=\"https:\/\/resfoundation.org\/rs\/wp-content\/uploads\/2026\/04\/Gradska-uprava-Teslic_1-300x200.jpg 300w, https:\/\/resfoundation.org\/rs\/wp-content\/uploads\/2026\/04\/Gradska-uprava-Teslic_1-1024x683.jpg 1024w, https:\/\/resfoundation.org\/rs\/wp-content\/uploads\/2026\/04\/Gradska-uprava-Teslic_1-768x512.jpg 768w, https:\/\/resfoundation.org\/rs\/wp-content\/uploads\/2026\/04\/Gradska-uprava-Teslic_1-1536x1024.jpg 1536w, https:\/\/resfoundation.org\/rs\/wp-content\/uploads\/2026\/04\/Gradska-uprava-Teslic_1-2048x1365.jpg 2048w\" sizes=\"(max-width: 300px) 100vw, 300px\" \/><\/a>\n\t\t\t<\/div><\/figure><figure class='gallery-item'>\n\t\t\t<div class='gallery-icon landscape'>\n\t\t\t\t<a data-elementor-open-lightbox=\"yes\" data-elementor-lightbox-slideshow=\"00651cb\" data-elementor-lightbox-title=\"Konferencija 1\" data-e-action-hash=\"#elementor-action%3Aaction%3Dlightbox%26settings%3DeyJpZCI6NTY3NCwidXJsIjoiaHR0cHM6XC9cL3Jlc2ZvdW5kYXRpb24ub3JnXC9yc1wvd3AtY29udGVudFwvdXBsb2Fkc1wvMjAyNlwvMDRcL0tvbmZlcmVuY2lqYS0xLXNjYWxlZC5qcGciLCJzbGlkZXNob3ciOiIwMDY1MWNiIn0%3D\" href='https:\/\/resfoundation.org\/rs\/wp-content\/uploads\/2026\/04\/Konferencija-1-scaled.jpg'><img loading=\"lazy\" decoding=\"async\" width=\"300\" height=\"200\" src=\"https:\/\/resfoundation.org\/rs\/wp-content\/uploads\/2026\/04\/Konferencija-1-300x200.jpg\" class=\"attachment-medium size-medium\" alt=\"\" srcset=\"https:\/\/resfoundation.org\/rs\/wp-content\/uploads\/2026\/04\/Konferencija-1-300x200.jpg 300w, https:\/\/resfoundation.org\/rs\/wp-content\/uploads\/2026\/04\/Konferencija-1-1024x683.jpg 1024w, https:\/\/resfoundation.org\/rs\/wp-content\/uploads\/2026\/04\/Konferencija-1-768x512.jpg 768w, https:\/\/resfoundation.org\/rs\/wp-content\/uploads\/2026\/04\/Konferencija-1-1536x1024.jpg 1536w, https:\/\/resfoundation.org\/rs\/wp-content\/uploads\/2026\/04\/Konferencija-1-2048x1365.jpg 2048w\" sizes=\"(max-width: 300px) 100vw, 300px\" \/><\/a>\n\t\t\t<\/div><\/figure><figure class='gallery-item'>\n\t\t\t<div class='gallery-icon landscape'>\n\t\t\t\t<a data-elementor-open-lightbox=\"yes\" data-elementor-lightbox-slideshow=\"00651cb\" data-elementor-lightbox-title=\"Stari grad Te\u0161anj2\" data-e-action-hash=\"#elementor-action%3Aaction%3Dlightbox%26settings%3DeyJpZCI6NTY3MiwidXJsIjoiaHR0cHM6XC9cL3Jlc2ZvdW5kYXRpb24ub3JnXC9yc1wvd3AtY29udGVudFwvdXBsb2Fkc1wvMjAyNlwvMDRcL1N0YXJpLWdyYWQtVGVzYW5qMi1zY2FsZWQuanBnIiwic2xpZGVzaG93IjoiMDA2NTFjYiJ9\" href='https:\/\/resfoundation.org\/rs\/wp-content\/uploads\/2026\/04\/Stari-grad-Tesanj2-scaled.jpg'><img loading=\"lazy\" decoding=\"async\" width=\"300\" height=\"200\" src=\"https:\/\/resfoundation.org\/rs\/wp-content\/uploads\/2026\/04\/Stari-grad-Tesanj2-300x200.jpg\" class=\"attachment-medium size-medium\" alt=\"\" srcset=\"https:\/\/resfoundation.org\/rs\/wp-content\/uploads\/2026\/04\/Stari-grad-Tesanj2-300x200.jpg 300w, https:\/\/resfoundation.org\/rs\/wp-content\/uploads\/2026\/04\/Stari-grad-Tesanj2-1024x683.jpg 1024w, https:\/\/resfoundation.org\/rs\/wp-content\/uploads\/2026\/04\/Stari-grad-Tesanj2-768x512.jpg 768w, https:\/\/resfoundation.org\/rs\/wp-content\/uploads\/2026\/04\/Stari-grad-Tesanj2-1536x1024.jpg 1536w, https:\/\/resfoundation.org\/rs\/wp-content\/uploads\/2026\/04\/Stari-grad-Tesanj2-2048x1365.jpg 2048w\" sizes=\"(max-width: 300px) 100vw, 300px\" \/><\/a>\n\t\t\t<\/div><\/figure><figure class='gallery-item'>\n\t\t\t<div class='gallery-icon landscape'>\n\t\t\t\t<a data-elementor-open-lightbox=\"yes\" data-elementor-lightbox-slideshow=\"00651cb\" data-elementor-lightbox-title=\"Solatrna elektrana Tesanj\" data-e-action-hash=\"#elementor-action%3Aaction%3Dlightbox%26settings%3DeyJpZCI6NTY3MywidXJsIjoiaHR0cHM6XC9cL3Jlc2ZvdW5kYXRpb24ub3JnXC9yc1wvd3AtY29udGVudFwvdXBsb2Fkc1wvMjAyNlwvMDRcL1NvbGF0cm5hLWVsZWt0cmFuYS1UZXNhbmotc2NhbGVkLmpwZyIsInNsaWRlc2hvdyI6IjAwNjUxY2IifQ%3D%3D\" href='https:\/\/resfoundation.org\/rs\/wp-content\/uploads\/2026\/04\/Solatrna-elektrana-Tesanj-scaled.jpg'><img loading=\"lazy\" decoding=\"async\" width=\"300\" height=\"200\" src=\"https:\/\/resfoundation.org\/rs\/wp-content\/uploads\/2026\/04\/Solatrna-elektrana-Tesanj-300x200.jpg\" class=\"attachment-medium size-medium\" alt=\"\" srcset=\"https:\/\/resfoundation.org\/rs\/wp-content\/uploads\/2026\/04\/Solatrna-elektrana-Tesanj-300x200.jpg 300w, https:\/\/resfoundation.org\/rs\/wp-content\/uploads\/2026\/04\/Solatrna-elektrana-Tesanj-1024x683.jpg 1024w, https:\/\/resfoundation.org\/rs\/wp-content\/uploads\/2026\/04\/Solatrna-elektrana-Tesanj-768x512.jpg 768w, https:\/\/resfoundation.org\/rs\/wp-content\/uploads\/2026\/04\/Solatrna-elektrana-Tesanj-1536x1024.jpg 1536w, https:\/\/resfoundation.org\/rs\/wp-content\/uploads\/2026\/04\/Solatrna-elektrana-Tesanj-2048x1365.jpg 2048w\" sizes=\"(max-width: 300px) 100vw, 300px\" \/><\/a>\n\t\t\t<\/div><\/figure><figure class='gallery-item'>\n\t\t\t<div class='gallery-icon landscape'>\n\t\t\t\t<a data-elementor-open-lightbox=\"yes\" data-elementor-lightbox-slideshow=\"00651cb\" data-elementor-lightbox-title=\"IPrecis\u0107iva\u0107 otpadnih voda Tesli\u0107\" data-e-action-hash=\"#elementor-action%3Aaction%3Dlightbox%26settings%3DeyJpZCI6NTY3NSwidXJsIjoiaHR0cHM6XC9cL3Jlc2ZvdW5kYXRpb24ub3JnXC9yc1wvd3AtY29udGVudFwvdXBsb2Fkc1wvMjAyNlwvMDRcL0lQcmVjaXNjaXZhYy1vdHBhZG5paC12b2RhLVRlc2xpYy1zY2FsZWQuanBnIiwic2xpZGVzaG93IjoiMDA2NTFjYiJ9\" href='https:\/\/resfoundation.org\/rs\/wp-content\/uploads\/2026\/04\/IPreciscivac-otpadnih-voda-Teslic-scaled.jpg'><img loading=\"lazy\" decoding=\"async\" width=\"300\" height=\"200\" src=\"https:\/\/resfoundation.org\/rs\/wp-content\/uploads\/2026\/04\/IPreciscivac-otpadnih-voda-Teslic-300x200.jpg\" class=\"attachment-medium size-medium\" alt=\"\" srcset=\"https:\/\/resfoundation.org\/rs\/wp-content\/uploads\/2026\/04\/IPreciscivac-otpadnih-voda-Teslic-300x200.jpg 300w, https:\/\/resfoundation.org\/rs\/wp-content\/uploads\/2026\/04\/IPreciscivac-otpadnih-voda-Teslic-1024x683.jpg 1024w, https:\/\/resfoundation.org\/rs\/wp-content\/uploads\/2026\/04\/IPreciscivac-otpadnih-voda-Teslic-768x512.jpg 768w, https:\/\/resfoundation.org\/rs\/wp-content\/uploads\/2026\/04\/IPreciscivac-otpadnih-voda-Teslic-1536x1024.jpg 1536w, https:\/\/resfoundation.org\/rs\/wp-content\/uploads\/2026\/04\/IPreciscivac-otpadnih-voda-Teslic-2048x1365.jpg 2048w\" sizes=\"(max-width: 300px) 100vw, 300px\" \/><\/a>\n\t\t\t<\/div><\/figure>\n\t\t<\/div>\n\t\t<\/div>\n\t\t\t\t\t\t<\/div>\n\t\t\t\t<\/div>\n\t\t\t\t\t<\/div>\n\t\t<\/div>\n\t\t\t\t\t<\/div>\n\t\t<\/section>\n\t\t\t\t<\/div>\n\t\t","protected":false},"excerpt":{"rendered":"<p>U okviru projekta&nbsp;\u201eLINK &#8211; mre\u017ea za lokalni nisko-karbonski razvoj\u201c, Centar za ekologiju i energiju je, u saradnji sa Fondacijom Heinrich B\u00f6ll, organizovao konferenciju&nbsp;\u201eEnergetska tranzicija i gra\u0111anska energija\u201c. Na konferenciji je bilo re\u010di o energetskoj tranziciji u lokalnim zajednicama, kao i o procedurama, zakonima i institucionalnim okvirima za razvoj gra\u0111anske energije u Srbiji, Bosni i Hercegovini [&hellip;]<\/p>\n","protected":false},"author":3,"featured_media":5669,"comment_status":"closed","ping_status":"closed","sticky":false,"template":"","format":"standard","meta":{"footnotes":""},"categories":[5],"tags":[],"class_list":["post-5668","post","type-post","status-publish","format-standard","has-post-thumbnail","hentry","category-dogadjaji"],"_links":{"self":[{"href":"https:\/\/resfoundation.org\/rs\/wp-json\/wp\/v2\/posts\/5668","targetHints":{"allow":["GET"]}}],"collection":[{"href":"https:\/\/resfoundation.org\/rs\/wp-json\/wp\/v2\/posts"}],"about":[{"href":"https:\/\/resfoundation.org\/rs\/wp-json\/wp\/v2\/types\/post"}],"author":[{"embeddable":true,"href":"https:\/\/resfoundation.org\/rs\/wp-json\/wp\/v2\/users\/3"}],"replies":[{"embeddable":true,"href":"https:\/\/resfoundation.org\/rs\/wp-json\/wp\/v2\/comments?post=5668"}],"version-history":[{"count":8,"href":"https:\/\/resfoundation.org\/rs\/wp-json\/wp\/v2\/posts\/5668\/revisions"}],"predecessor-version":[{"id":5682,"href":"https:\/\/resfoundation.org\/rs\/wp-json\/wp\/v2\/posts\/5668\/revisions\/5682"}],"wp:featuredmedia":[{"embeddable":true,"href":"https:\/\/resfoundation.org\/rs\/wp-json\/wp\/v2\/media\/5669"}],"wp:attachment":[{"href":"https:\/\/resfoundation.org\/rs\/wp-json\/wp\/v2\/media?parent=5668"}],"wp:term":[{"taxonomy":"category","embeddable":true,"href":"https:\/\/resfoundation.org\/rs\/wp-json\/wp\/v2\/categories?post=5668"},{"taxonomy":"post_tag","embeddable":true,"href":"https:\/\/resfoundation.org\/rs\/wp-json\/wp\/v2\/tags?post=5668"}],"curies":[{"name":"wp","href":"https:\/\/api.w.org\/{rel}","templated":true}]}}