{"id":811,"date":"2018-09-04T10:33:00","date_gmt":"2018-09-04T10:33:00","guid":{"rendered":"https:\/\/resfoundation.org\/rs\/?p=811"},"modified":"2021-08-19T09:02:01","modified_gmt":"2021-08-19T09:02:01","slug":"drva-i-planine-zameni-pec","status":"publish","type":"post","link":"https:\/\/resfoundation.org\/rs\/drva-i-planine-zameni-pec\/","title":{"rendered":"Drva i planine: zameni pe\u0107"},"content":{"rendered":"\n<p>Potreban je koncentrisani, dobro osmi\u0161ljeni napor svih nivoa vlasti i svih razvojnih partnera svih nivoa vlasti u Bosni i Hercegovini kako bismo bili u stanju da pomeramo planine. A ovde se radi o pomeranju planina od cepanica, planina od pepela, planina satkanih od zaga\u0111enja i planina \u010delika i lima u lo\u0161im ure\u0111ajima.<\/p>\n\n\n\n<p>Koliko smo danas daleko od toga? Posmatra\u010du sa strane bi se moglo u\u010diniti da smo jako daleko. Postoje\u0107i strate\u0161ki dokumenti koji se bave pitanjem energetske efikasnosti na nivou entiteta ponekad zabele\u017ee stanje ali u merama izgube sve ove ljude koje a) ne zanima \u0161ta je kotlovnica jer je nemaju koji b) ne zanima termostatski ventil jer nemaju radijatore i koje c) ba\u0161 briga za raspodelu tro\u0161kova u vi\u0161e porodi\u010dnim stambenim zgradama priklju\u010denim na sisteme daljinskog grejanja. Ti ljudi su, kako smo napred naveli, uverljiva ve\u0107ina.<\/p>\n\n\n\n<p>Pro\u010ditajte <a href=\"https:\/\/ba.boell.org\/bs\/2018\/09\/04\/drva-i-planine-zameni-pec\">tekst<\/a> Aleksandra Macure osniva\u010da RES fondacije koji su objavili na\u0161i prijatelji iz Fondacija Heinrich B\u00f6ll iz Sarajeva.<\/p>\n\n\n\n<figure class=\"wp-block-image size-large\"><img fetchpriority=\"high\" decoding=\"async\" width=\"1024\" height=\"682\" src=\"https:\/\/resfoundation.org\/rs\/wp-content\/uploads\/2021\/03\/15913773564_dce46b3221_k-1024x682.jpg\" alt=\"\" class=\"wp-image-813\" srcset=\"https:\/\/resfoundation.org\/rs\/wp-content\/uploads\/2021\/03\/15913773564_dce46b3221_k-1024x682.jpg 1024w, https:\/\/resfoundation.org\/rs\/wp-content\/uploads\/2021\/03\/15913773564_dce46b3221_k-300x200.jpg 300w, https:\/\/resfoundation.org\/rs\/wp-content\/uploads\/2021\/03\/15913773564_dce46b3221_k-768x512.jpg 768w, https:\/\/resfoundation.org\/rs\/wp-content\/uploads\/2021\/03\/15913773564_dce46b3221_k.jpg 1220w\" sizes=\"(max-width: 1024px) 100vw, 1024px\" \/><\/figure>\n","protected":false},"excerpt":{"rendered":"<p>Potreban je koncentrisani, dobro osmi\u0161ljeni napor svih nivoa vlasti i svih razvojnih partnera svih nivoa vlasti u Bosni i Hercegovini kako bismo bili u stanju da pomeramo planine. A ovde se radi o pomeranju planina od cepanica, planina od pepela, planina satkanih od zaga\u0111enja i planina \u010delika i lima u lo\u0161im ure\u0111ajima. Koliko smo danas [&hellip;]<\/p>\n","protected":false},"author":3,"featured_media":816,"comment_status":"closed","ping_status":"closed","sticky":false,"template":"","format":"standard","meta":{"footnotes":""},"categories":[7,3],"tags":[20,21,13],"class_list":["post-811","post","type-post","status-publish","format-standard","has-post-thumbnail","hentry","category-izvestaji","category-resnovosti","tag-energetskaefikasnost","tag-energetskosiromastvo","tag-zagadjenjevazduha"],"yoast_head":"<!-- This site is optimized with the Yoast SEO plugin v27.4 - https:\/\/yoast.com\/product\/yoast-seo-wordpress\/ -->\n<title>Drva i planine: zameni pe\u0107 - RES fondacija<\/title>\n<meta name=\"robots\" content=\"index, follow, max-snippet:-1, max-image-preview:large, max-video-preview:-1\" \/>\n<link rel=\"canonical\" href=\"https:\/\/resfoundation.org\/rs\/drva-i-planine-zameni-pec\/\" \/>\n<meta property=\"og:locale\" content=\"sr_RS\" \/>\n<meta property=\"og:type\" content=\"article\" \/>\n<meta property=\"og:title\" content=\"Drva i planine: zameni pe\u0107 - RES fondacija\" \/>\n<meta property=\"og:description\" content=\"Potreban je koncentrisani, dobro osmi\u0161ljeni napor svih nivoa vlasti i svih razvojnih partnera svih nivoa vlasti u Bosni i Hercegovini kako bismo bili u stanju da pomeramo planine. A ovde se radi o pomeranju planina od cepanica, planina od pepela, planina satkanih od zaga\u0111enja i planina \u010delika i lima u lo\u0161im ure\u0111ajima. Koliko smo danas [&hellip;]\" \/>\n<meta property=\"og:url\" content=\"https:\/\/resfoundation.org\/rs\/drva-i-planine-zameni-pec\/\" \/>\n<meta property=\"og:site_name\" content=\"RES fondacija\" \/>\n<meta property=\"article:published_time\" content=\"2018-09-04T10:33:00+00:00\" \/>\n<meta property=\"article:modified_time\" content=\"2021-08-19T09:02:01+00:00\" \/>\n<meta property=\"og:image\" content=\"https:\/\/resfoundation.org\/rs\/wp-content\/uploads\/2021\/03\/logo_hbs-2.jpg\" \/>\n\t<meta property=\"og:image:width\" content=\"1027\" \/>\n\t<meta property=\"og:image:height\" content=\"589\" \/>\n\t<meta property=\"og:image:type\" content=\"image\/jpeg\" \/>\n<meta name=\"author\" content=\"Admin\" \/>\n<meta name=\"twitter:card\" content=\"summary_large_image\" \/>\n<meta name=\"twitter:label1\" content=\"\u041d\u0430\u043f\u0438\u0441\u0430\u043d\u043e \u043e\u0434\" \/>\n\t<meta name=\"twitter:data1\" content=\"Admin\" \/>\n\t<meta name=\"twitter:label2\" content=\"\u041f\u0440\u043e\u0446\u0435\u045a\u0435\u043d\u043e \u0432\u0440\u0435\u043c\u0435 \u0447\u0438\u0442\u0430\u045a\u0430\" \/>\n\t<meta name=\"twitter:data2\" content=\"1 \u043c\u0438\u043d\u0443\u0442\" \/>\n<script type=\"application\/ld+json\" class=\"yoast-schema-graph\">{\"@context\":\"https:\\\/\\\/schema.org\",\"@graph\":[{\"@type\":\"Article\",\"@id\":\"https:\\\/\\\/resfoundation.org\\\/rs\\\/drva-i-planine-zameni-pec\\\/#article\",\"isPartOf\":{\"@id\":\"https:\\\/\\\/resfoundation.org\\\/rs\\\/drva-i-planine-zameni-pec\\\/\"},\"author\":{\"name\":\"Admin\",\"@id\":\"https:\\\/\\\/resfoundation.org\\\/rs\\\/#\\\/schema\\\/person\\\/742e2bf0bb2a53a86ecf6c4ad424f2ec\"},\"headline\":\"Drva i planine: zameni pe\u0107\",\"datePublished\":\"2018-09-04T10:33:00+00:00\",\"dateModified\":\"2021-08-19T09:02:01+00:00\",\"mainEntityOfPage\":{\"@id\":\"https:\\\/\\\/resfoundation.org\\\/rs\\\/drva-i-planine-zameni-pec\\\/\"},\"wordCount\":178,\"publisher\":{\"@id\":\"https:\\\/\\\/resfoundation.org\\\/rs\\\/#organization\"},\"image\":{\"@id\":\"https:\\\/\\\/resfoundation.org\\\/rs\\\/drva-i-planine-zameni-pec\\\/#primaryimage\"},\"thumbnailUrl\":\"https:\\\/\\\/resfoundation.org\\\/rs\\\/wp-content\\\/uploads\\\/2021\\\/03\\\/logo_hbs-2.jpg\",\"keywords\":[\"EnergetskaEfikasnost\",\"EnergetskoSiroma\u0161tvo\",\"Zaga\u0111enjeVazduha\"],\"articleSection\":[\"Izve\u0161taji\",\"Novosti o RES-u\"],\"inLanguage\":\"sr-RS\"},{\"@type\":\"WebPage\",\"@id\":\"https:\\\/\\\/resfoundation.org\\\/rs\\\/drva-i-planine-zameni-pec\\\/\",\"url\":\"https:\\\/\\\/resfoundation.org\\\/rs\\\/drva-i-planine-zameni-pec\\\/\",\"name\":\"Drva i planine: zameni pe\u0107 - RES fondacija\",\"isPartOf\":{\"@id\":\"https:\\\/\\\/resfoundation.org\\\/rs\\\/#website\"},\"primaryImageOfPage\":{\"@id\":\"https:\\\/\\\/resfoundation.org\\\/rs\\\/drva-i-planine-zameni-pec\\\/#primaryimage\"},\"image\":{\"@id\":\"https:\\\/\\\/resfoundation.org\\\/rs\\\/drva-i-planine-zameni-pec\\\/#primaryimage\"},\"thumbnailUrl\":\"https:\\\/\\\/resfoundation.org\\\/rs\\\/wp-content\\\/uploads\\\/2021\\\/03\\\/logo_hbs-2.jpg\",\"datePublished\":\"2018-09-04T10:33:00+00:00\",\"dateModified\":\"2021-08-19T09:02:01+00:00\",\"breadcrumb\":{\"@id\":\"https:\\\/\\\/resfoundation.org\\\/rs\\\/drva-i-planine-zameni-pec\\\/#breadcrumb\"},\"inLanguage\":\"sr-RS\",\"potentialAction\":[{\"@type\":\"ReadAction\",\"target\":[\"https:\\\/\\\/resfoundation.org\\\/rs\\\/drva-i-planine-zameni-pec\\\/\"]}]},{\"@type\":\"ImageObject\",\"inLanguage\":\"sr-RS\",\"@id\":\"https:\\\/\\\/resfoundation.org\\\/rs\\\/drva-i-planine-zameni-pec\\\/#primaryimage\",\"url\":\"https:\\\/\\\/resfoundation.org\\\/rs\\\/wp-content\\\/uploads\\\/2021\\\/03\\\/logo_hbs-2.jpg\",\"contentUrl\":\"https:\\\/\\\/resfoundation.org\\\/rs\\\/wp-content\\\/uploads\\\/2021\\\/03\\\/logo_hbs-2.jpg\",\"width\":1027,\"height\":589,\"caption\":\"logo hbs\"},{\"@type\":\"BreadcrumbList\",\"@id\":\"https:\\\/\\\/resfoundation.org\\\/rs\\\/drva-i-planine-zameni-pec\\\/#breadcrumb\",\"itemListElement\":[{\"@type\":\"ListItem\",\"position\":1,\"name\":\"\u041f\u043e\u0447\u0435\u0442\u043d\u0430\",\"item\":\"https:\\\/\\\/resfoundation.org\\\/rs\\\/\"},{\"@type\":\"ListItem\",\"position\":2,\"name\":\"Drva i planine: zameni pe\u0107\"}]},{\"@type\":\"WebSite\",\"@id\":\"https:\\\/\\\/resfoundation.org\\\/rs\\\/#website\",\"url\":\"https:\\\/\\\/resfoundation.org\\\/rs\\\/\",\"name\":\"RES fondacija\",\"description\":\"Partnerships for Resilience\",\"publisher\":{\"@id\":\"https:\\\/\\\/resfoundation.org\\\/rs\\\/#organization\"},\"potentialAction\":[{\"@type\":\"SearchAction\",\"target\":{\"@type\":\"EntryPoint\",\"urlTemplate\":\"https:\\\/\\\/resfoundation.org\\\/rs\\\/?s={search_term_string}\"},\"query-input\":{\"@type\":\"PropertyValueSpecification\",\"valueRequired\":true,\"valueName\":\"search_term_string\"}}],\"inLanguage\":\"sr-RS\"},{\"@type\":\"Organization\",\"@id\":\"https:\\\/\\\/resfoundation.org\\\/rs\\\/#organization\",\"name\":\"RES fondacija\",\"url\":\"https:\\\/\\\/resfoundation.org\\\/rs\\\/\",\"logo\":{\"@type\":\"ImageObject\",\"inLanguage\":\"sr-RS\",\"@id\":\"https:\\\/\\\/resfoundation.org\\\/rs\\\/#\\\/schema\\\/logo\\\/image\\\/\",\"url\":\"https:\\\/\\\/resfoundation.org\\\/rs\\\/wp-content\\\/uploads\\\/2021\\\/03\\\/cropped-cropped-cropped-res-bez-ispisa.png\",\"contentUrl\":\"https:\\\/\\\/resfoundation.org\\\/rs\\\/wp-content\\\/uploads\\\/2021\\\/03\\\/cropped-cropped-cropped-res-bez-ispisa.png\",\"width\":512,\"height\":512,\"caption\":\"RES fondacija\"},\"image\":{\"@id\":\"https:\\\/\\\/resfoundation.org\\\/rs\\\/#\\\/schema\\\/logo\\\/image\\\/\"}},{\"@type\":\"Person\",\"@id\":\"https:\\\/\\\/resfoundation.org\\\/rs\\\/#\\\/schema\\\/person\\\/742e2bf0bb2a53a86ecf6c4ad424f2ec\",\"name\":\"Admin\",\"image\":{\"@type\":\"ImageObject\",\"inLanguage\":\"sr-RS\",\"@id\":\"https:\\\/\\\/secure.gravatar.com\\\/avatar\\\/a89f0bcfcafea886f55b948a23f20a40ba0a924a3f8e5494e130e069c504b756?s=96&d=mm&r=g\",\"url\":\"https:\\\/\\\/secure.gravatar.com\\\/avatar\\\/a89f0bcfcafea886f55b948a23f20a40ba0a924a3f8e5494e130e069c504b756?s=96&d=mm&r=g\",\"contentUrl\":\"https:\\\/\\\/secure.gravatar.com\\\/avatar\\\/a89f0bcfcafea886f55b948a23f20a40ba0a924a3f8e5494e130e069c504b756?s=96&d=mm&r=g\",\"caption\":\"Admin\"},\"sameAs\":[\"https:\\\/\\\/resfoundation.org\\\/rs\"],\"url\":\"https:\\\/\\\/resfoundation.org\\\/rs\\\/author\\\/zoricaresfoundation-org\\\/\"}]}<\/script>\n<!-- \/ Yoast SEO plugin. -->","yoast_head_json":{"title":"Drva i planine: zameni pe\u0107 - RES fondacija","robots":{"index":"index","follow":"follow","max-snippet":"max-snippet:-1","max-image-preview":"max-image-preview:large","max-video-preview":"max-video-preview:-1"},"canonical":"https:\/\/resfoundation.org\/rs\/drva-i-planine-zameni-pec\/","og_locale":"sr_RS","og_type":"article","og_title":"Drva i planine: zameni pe\u0107 - RES fondacija","og_description":"Potreban je koncentrisani, dobro osmi\u0161ljeni napor svih nivoa vlasti i svih razvojnih partnera svih nivoa vlasti u Bosni i Hercegovini kako bismo bili u stanju da pomeramo planine. A ovde se radi o pomeranju planina od cepanica, planina od pepela, planina satkanih od zaga\u0111enja i planina \u010delika i lima u lo\u0161im ure\u0111ajima. Koliko smo danas [&hellip;]","og_url":"https:\/\/resfoundation.org\/rs\/drva-i-planine-zameni-pec\/","og_site_name":"RES fondacija","article_published_time":"2018-09-04T10:33:00+00:00","article_modified_time":"2021-08-19T09:02:01+00:00","og_image":[{"width":1027,"height":589,"url":"https:\/\/resfoundation.org\/rs\/wp-content\/uploads\/2021\/03\/logo_hbs-2.jpg","type":"image\/jpeg"}],"author":"Admin","twitter_card":"summary_large_image","twitter_misc":{"\u041d\u0430\u043f\u0438\u0441\u0430\u043d\u043e \u043e\u0434":"Admin","\u041f\u0440\u043e\u0446\u0435\u045a\u0435\u043d\u043e \u0432\u0440\u0435\u043c\u0435 \u0447\u0438\u0442\u0430\u045a\u0430":"1 \u043c\u0438\u043d\u0443\u0442"},"schema":{"@context":"https:\/\/schema.org","@graph":[{"@type":"Article","@id":"https:\/\/resfoundation.org\/rs\/drva-i-planine-zameni-pec\/#article","isPartOf":{"@id":"https:\/\/resfoundation.org\/rs\/drva-i-planine-zameni-pec\/"},"author":{"name":"Admin","@id":"https:\/\/resfoundation.org\/rs\/#\/schema\/person\/742e2bf0bb2a53a86ecf6c4ad424f2ec"},"headline":"Drva i planine: zameni pe\u0107","datePublished":"2018-09-04T10:33:00+00:00","dateModified":"2021-08-19T09:02:01+00:00","mainEntityOfPage":{"@id":"https:\/\/resfoundation.org\/rs\/drva-i-planine-zameni-pec\/"},"wordCount":178,"publisher":{"@id":"https:\/\/resfoundation.org\/rs\/#organization"},"image":{"@id":"https:\/\/resfoundation.org\/rs\/drva-i-planine-zameni-pec\/#primaryimage"},"thumbnailUrl":"https:\/\/resfoundation.org\/rs\/wp-content\/uploads\/2021\/03\/logo_hbs-2.jpg","keywords":["EnergetskaEfikasnost","EnergetskoSiroma\u0161tvo","Zaga\u0111enjeVazduha"],"articleSection":["Izve\u0161taji","Novosti o RES-u"],"inLanguage":"sr-RS"},{"@type":"WebPage","@id":"https:\/\/resfoundation.org\/rs\/drva-i-planine-zameni-pec\/","url":"https:\/\/resfoundation.org\/rs\/drva-i-planine-zameni-pec\/","name":"Drva i planine: zameni pe\u0107 - RES fondacija","isPartOf":{"@id":"https:\/\/resfoundation.org\/rs\/#website"},"primaryImageOfPage":{"@id":"https:\/\/resfoundation.org\/rs\/drva-i-planine-zameni-pec\/#primaryimage"},"image":{"@id":"https:\/\/resfoundation.org\/rs\/drva-i-planine-zameni-pec\/#primaryimage"},"thumbnailUrl":"https:\/\/resfoundation.org\/rs\/wp-content\/uploads\/2021\/03\/logo_hbs-2.jpg","datePublished":"2018-09-04T10:33:00+00:00","dateModified":"2021-08-19T09:02:01+00:00","breadcrumb":{"@id":"https:\/\/resfoundation.org\/rs\/drva-i-planine-zameni-pec\/#breadcrumb"},"inLanguage":"sr-RS","potentialAction":[{"@type":"ReadAction","target":["https:\/\/resfoundation.org\/rs\/drva-i-planine-zameni-pec\/"]}]},{"@type":"ImageObject","inLanguage":"sr-RS","@id":"https:\/\/resfoundation.org\/rs\/drva-i-planine-zameni-pec\/#primaryimage","url":"https:\/\/resfoundation.org\/rs\/wp-content\/uploads\/2021\/03\/logo_hbs-2.jpg","contentUrl":"https:\/\/resfoundation.org\/rs\/wp-content\/uploads\/2021\/03\/logo_hbs-2.jpg","width":1027,"height":589,"caption":"logo hbs"},{"@type":"BreadcrumbList","@id":"https:\/\/resfoundation.org\/rs\/drva-i-planine-zameni-pec\/#breadcrumb","itemListElement":[{"@type":"ListItem","position":1,"name":"\u041f\u043e\u0447\u0435\u0442\u043d\u0430","item":"https:\/\/resfoundation.org\/rs\/"},{"@type":"ListItem","position":2,"name":"Drva i planine: zameni pe\u0107"}]},{"@type":"WebSite","@id":"https:\/\/resfoundation.org\/rs\/#website","url":"https:\/\/resfoundation.org\/rs\/","name":"RES fondacija","description":"Partnerships for Resilience","publisher":{"@id":"https:\/\/resfoundation.org\/rs\/#organization"},"potentialAction":[{"@type":"SearchAction","target":{"@type":"EntryPoint","urlTemplate":"https:\/\/resfoundation.org\/rs\/?s={search_term_string}"},"query-input":{"@type":"PropertyValueSpecification","valueRequired":true,"valueName":"search_term_string"}}],"inLanguage":"sr-RS"},{"@type":"Organization","@id":"https:\/\/resfoundation.org\/rs\/#organization","name":"RES fondacija","url":"https:\/\/resfoundation.org\/rs\/","logo":{"@type":"ImageObject","inLanguage":"sr-RS","@id":"https:\/\/resfoundation.org\/rs\/#\/schema\/logo\/image\/","url":"https:\/\/resfoundation.org\/rs\/wp-content\/uploads\/2021\/03\/cropped-cropped-cropped-res-bez-ispisa.png","contentUrl":"https:\/\/resfoundation.org\/rs\/wp-content\/uploads\/2021\/03\/cropped-cropped-cropped-res-bez-ispisa.png","width":512,"height":512,"caption":"RES fondacija"},"image":{"@id":"https:\/\/resfoundation.org\/rs\/#\/schema\/logo\/image\/"}},{"@type":"Person","@id":"https:\/\/resfoundation.org\/rs\/#\/schema\/person\/742e2bf0bb2a53a86ecf6c4ad424f2ec","name":"Admin","image":{"@type":"ImageObject","inLanguage":"sr-RS","@id":"https:\/\/secure.gravatar.com\/avatar\/a89f0bcfcafea886f55b948a23f20a40ba0a924a3f8e5494e130e069c504b756?s=96&d=mm&r=g","url":"https:\/\/secure.gravatar.com\/avatar\/a89f0bcfcafea886f55b948a23f20a40ba0a924a3f8e5494e130e069c504b756?s=96&d=mm&r=g","contentUrl":"https:\/\/secure.gravatar.com\/avatar\/a89f0bcfcafea886f55b948a23f20a40ba0a924a3f8e5494e130e069c504b756?s=96&d=mm&r=g","caption":"Admin"},"sameAs":["https:\/\/resfoundation.org\/rs"],"url":"https:\/\/resfoundation.org\/rs\/author\/zoricaresfoundation-org\/"}]}},"_links":{"self":[{"href":"https:\/\/resfoundation.org\/rs\/wp-json\/wp\/v2\/posts\/811","targetHints":{"allow":["GET"]}}],"collection":[{"href":"https:\/\/resfoundation.org\/rs\/wp-json\/wp\/v2\/posts"}],"about":[{"href":"https:\/\/resfoundation.org\/rs\/wp-json\/wp\/v2\/types\/post"}],"author":[{"embeddable":true,"href":"https:\/\/resfoundation.org\/rs\/wp-json\/wp\/v2\/users\/3"}],"replies":[{"embeddable":true,"href":"https:\/\/resfoundation.org\/rs\/wp-json\/wp\/v2\/comments?post=811"}],"version-history":[{"count":1,"href":"https:\/\/resfoundation.org\/rs\/wp-json\/wp\/v2\/posts\/811\/revisions"}],"predecessor-version":[{"id":817,"href":"https:\/\/resfoundation.org\/rs\/wp-json\/wp\/v2\/posts\/811\/revisions\/817"}],"wp:featuredmedia":[{"embeddable":true,"href":"https:\/\/resfoundation.org\/rs\/wp-json\/wp\/v2\/media\/816"}],"wp:attachment":[{"href":"https:\/\/resfoundation.org\/rs\/wp-json\/wp\/v2\/media?parent=811"}],"wp:term":[{"taxonomy":"category","embeddable":true,"href":"https:\/\/resfoundation.org\/rs\/wp-json\/wp\/v2\/categories?post=811"},{"taxonomy":"post_tag","embeddable":true,"href":"https:\/\/resfoundation.org\/rs\/wp-json\/wp\/v2\/tags?post=811"}],"curies":[{"name":"wp","href":"https:\/\/api.w.org\/{rel}","templated":true}]}}