{"id":822,"date":"2018-08-28T11:57:00","date_gmt":"2018-08-28T11:57:00","guid":{"rendered":"https:\/\/resfoundation.org\/rs\/?p=822"},"modified":"2021-08-19T09:02:08","modified_gmt":"2021-08-19T09:02:08","slug":"prvi-i-prviji-zajedno-za-cistiju-energiju-za-sve-u-srbiji","status":"publish","type":"post","link":"https:\/\/resfoundation.org\/rs\/prvi-i-prviji-zajedno-za-cistiju-energiju-za-sve-u-srbiji\/","title":{"rendered":"Prvi  i prviji zajedno za \u010distiju energiju za sve u Srbiji"},"content":{"rendered":"\n<p class=\"wp-block-paragraph\"><a href=\"http:\/\/ems-undp.rs\/sr-Latn-RS\/Blog\/Post?id=93\" data-type=\"URL\" data-id=\"http:\/\/ems-undp.rs\/sr-Latn-RS\/Blog\/Post?id=93\">Prvi<\/a> i <a href=\"https:\/\/www.eevrbas.org\/\">prviji<\/a> zajedno za \u010distiju energiju za sve u Srbiji<\/p>\n\n\n\n<p class=\"wp-block-paragraph\">Divno je da je do\u0161lo vreme da se takmi\u010dimo u tome ko je prvi zapo\u010deo uspostavljanje sistema energetskog menad\u017ementa!<\/p>\n\n\n\n<p class=\"wp-block-paragraph\">Ana i na\u0161i dragi prijatelji i kolege iz Kragujevca svojom predano\u0161\u0107u i znanjem predstavljaju najbolje primere dobre energije koje mo\u017eete da zamislite i pozivamo sve kolege da prate njihov rad i da u njima tra\u017ee podsticaj za svoj rad.<\/p>\n\n\n\n<p class=\"wp-block-paragraph\">Ne zaboravimo ipak i prvoborce, proletere, rudare ali i slikare, vajare i kompozitore energetskog menad\u017ementa na lokalnom nivou, \u0106irila i Metodija energetske efikasnosti: \u017deljka Ze\u010devi\u0107a i Nikolu Vujovi\u0107a.<\/p>\n\n\n\n<p class=\"wp-block-paragraph\">Op\u0161tina Vrbas je u periodu od 2009. godine do 2017. godine napravila rezultate u uspostavljanju politike energetske efikasnosti i sistema energetskog menad\u017ementa koji i dalje stoje kao svetionici dobrog izgleda jedne javne politike i primeri koji tek treba da budu dostignuti u svim lokalnim samoupravama u Srbiji. Te rezultate smemo zaista da nazovemo sistem energetskog menad\u017ementa.<\/p>\n\n\n\n<p class=\"wp-block-paragraph\">Politika energetske efikasnosti u Vrbasu bila je ukorenjena u Strategiju razvoja iz 2010. godine, a razra\u0111ena je <a href=\"https:\/\/www.vrbas.net\/e-uprava-vrbas\/planovi-dokumenti\/286-strategija-energetskog-razvoja-opstine-vrbas\">Strategijom energetskog razvoja op\u0161tine Vrbas<\/a> . 19. aprila 2011. godine op\u0161tinsko ve\u0107e donosi <a href=\"https:\/\/www.eevrbas.org\/dokumenti-kem?download=6:poveravanje-poslova\" data-type=\"URL\" data-id=\"https:\/\/www.eevrbas.org\/dokumenti-kem?download=6:poveravanje-poslova\">Zaklju\u010dak o poveravanju poslova iz oblasti energetske efikasnosti JP<\/a> \u201e Direkcija za izgradnju Vrbas\u201c a 07.07. 2011. predsednik op\u0161tine donosi <a href=\"https:\/\/www.eevrbas.org\/dokumenti-kem?download=5:resenje-o-osnivanju\" data-type=\"URL\" data-id=\"https:\/\/www.eevrbas.org\/dokumenti-kem?download=5:resenje-o-osnivanju\">Re\u0161enje o osnivanju Kancelarije za energetski menad\u017ement<\/a>.<\/p>\n\n\n\n<p class=\"wp-block-paragraph\">Kancelarija radi kao \u0161to je radila i pre osnivanja. Pripremaju se redom:<\/p>\n\n\n\n<p class=\"wp-block-paragraph\">\u2022 <a href=\"https:\/\/www.eevrbas.org\/dokumenti-kem?download=30:kem-preporuka-korisnici-ee\" data-type=\"URL\" data-id=\"https:\/\/www.eevrbas.org\/dokumenti-kem?download=30:kem-preporuka-korisnici-ee\">Preporuka za korisnike sistema energetskog menad\u017ementa<\/a><br>\u2022 <a href=\"https:\/\/www.eevrbas.org\/dokumenti-kem?download=29:preporuka-ee-vrbas\">Preporuka za uvo\u0111enje kriterijuma energetske efikasnosti u postupcima javne nabavke<\/a><br>\u2022 Dijamant u kruni ove javne politike <a href=\"https:\/\/www.eevrbas.org\/dokumenti-kem?download=81:2013-12-odluka-ee-unapredjenje\" data-type=\"URL\" data-id=\"https:\/\/www.eevrbas.org\/dokumenti-kem?download=81:2013-12-odluka-ee-unapredjenje\">Odluka o unapre\u0111enju energetske efikasnosti SO Vrbas<\/a><br>\u2022 <a href=\"https:\/\/www.eevrbas.org\/dokumenti-kem?download=88:energetska-politika\">Izjava o energetskoj politici<\/a><\/p>\n\n\n\n<p class=\"wp-block-paragraph\">Uvodi se<a href=\"https:\/\/www.eevrbas.org\/dokumenti-kem?download=89:sert-iso50001\" data-type=\"URL\" data-id=\"https:\/\/www.eevrbas.org\/dokumenti-kem?download=89:sert-iso50001\"> Sertifikat za standard upravljanja energijom ISO 50001<\/a> u Direkciju za izgradnju, a Direkcija postaje <a href=\"https:\/\/www.eevrbas.org\/dokumenti-kem?download=44:resenje-ee-pasos-direkcija\" data-type=\"URL\" data-id=\"https:\/\/www.eevrbas.org\/dokumenti-kem?download=44:resenje-ee-pasos-direkcija\">Ovla\u0161\u0107ena organizacija za izdavanje energetskih paso\u0161a<\/a>. <a href=\"https:\/\/www.eevrbas.org\/dokumenti-kem\/category\/8-sertifikati\" data-type=\"URL\" data-id=\"https:\/\/www.eevrbas.org\/dokumenti-kem\/category\/8-sertifikati\">Usavr\u0161avanje<\/a> je ovim ljudima bila svakodnevica. A <a href=\"https:\/\/www.eevrbas.org\/dokumenti-kem?download=56:resenje-imenovanje-em\">imenovanje<\/a> je do\u0161lo jo\u0161 2013. Dodu\u0161e ne na propisanom formularu ali da od strane onoga ko je uslugu pla\u0107ao i koristio.<\/p>\n\n\n\n<p class=\"wp-block-paragraph\">Ovaj tim razvija sopstveni informacioni sistem za energetski menad\u017ement, izdaje paso\u0161e za sve objekte u sistemu energetskog menad\u017ementa u Vrbasu i prati potro\u0161nju ovih objekata od 2009. godine. Prave katastar javne rasvete. <a href=\"http:\/\/www.lokalnirazvoj.org\/upload\/Evaluation\/Documents\/2013_09\/Final_Evaluation_of_Effectiveness_and_Efficiency.pdf\">Evaluacija<\/a> donatorske pomo\u0107i Republici Srbiji ka\u017ee : ugledajte se na ove ljude, preslikajte ovaj primer! <a href=\"http:\/\/www.rtv.rs\/sr_ci\/ekonomija\/aktuelno\/vrbas-lider-u-primeni-energetske-efikasnosti_815853.html\" data-type=\"URL\" data-id=\"http:\/\/www.rtv.rs\/sr_ci\/ekonomija\/aktuelno\/vrbas-lider-u-primeni-energetske-efikasnosti_815853.html\">Op\u0161tina Vrbas je lider u primeni energetske efikasnosti u celoj Srbiji<\/a> re\u010deno je, na kraju i kona\u010dno, i sa najpozvanijeg mesta.<\/p>\n\n\n\n<p class=\"wp-block-paragraph\">Verovatno vi\u0161e nikada ne\u0107emo videti takav razvoj jedne javne politike u jednoj maloj lokalnoj sredini.<\/p>\n\n\n\n<p class=\"wp-block-paragraph\">Ali resursi postoje i oni su sa nama u RES fondaciji i Mre\u017ei dobre energije. Na raspolaganju i op\u0161tini Vrbas, koliko god \u017eeli i kada god \u017eeli jer je u njihov sistem utkan rad desetina predanih ljudi i \u017eelimo da \u017eivi, ali i drugima.<\/p>\n\n\n\n<p class=\"wp-block-paragraph\">Resursi su naravno i sa <a href=\"http:\/\/ems-undp.rs\/sr-Latn-RS\">UNDP<\/a>. I sa <a href=\"https:\/\/www.giz.de\/en\/worldwide\/38300.html\">GiZ<\/a>. I u Kragujevcu. I u Subotici, i u \u0106upriji i Para\u0107inu. I Ni\u0161u. I u Ku\u010devu i Vlasotincu. U Pirotu i \u0160apcu, dabome. Razmenjujmo iskustva, napredujmo i pomozimo onima koji ne mogu sami.<\/p>\n\n\n\n<p class=\"wp-block-paragraph\">I ne zaboravimo ko je bio prvi. Ne zato \u0161to je bio prvi, ve\u0107 zato \u0161to je bio najbolji. Poku\u0161ajmo da dostignemo nivo koji je nekada dostignut u Vrbasu \u017eeljom, verom, radom, znanjem i ljubavlju.<\/p>\n\n\n\n<p class=\"wp-block-paragraph\">Kolege iz Kragujevca su dugo i dobro na tom putu i znaju ko je bio prvi ko je uveo ne\u0161to \u0161to bi se usudili da nazovemo sistemom energetskog menad\u017ementa i da se ne postidimo pred, na primer Nemcima. Ana i tim \u0107e sa kolegama sa Univerziteta u Kragujevcu i uz pomo\u0107 UNDP mo\u017eda svima nama postaviti nove standarde.<\/p>\n\n\n\n<p class=\"wp-block-paragraph\">To bi bilo sjajno, a mi u RES fondaciji i partneri u Mre\u017ei dobre energije \u0107emo pomo\u0107i koliko mo\u017eemo.<\/p>\n\n\n\n<figure class=\"wp-block-image size-large\"><img fetchpriority=\"high\" decoding=\"async\" width=\"1024\" height=\"768\" src=\"https:\/\/resfoundation.org\/rs\/wp-content\/uploads\/2021\/03\/thumbnail_RealizacijaFRONT-1024x768.jpg\" alt=\"\" class=\"wp-image-823\" srcset=\"https:\/\/resfoundation.org\/rs\/wp-content\/uploads\/2021\/03\/thumbnail_RealizacijaFRONT-1024x768.jpg 1024w, https:\/\/resfoundation.org\/rs\/wp-content\/uploads\/2021\/03\/thumbnail_RealizacijaFRONT-300x225.jpg 300w, https:\/\/resfoundation.org\/rs\/wp-content\/uploads\/2021\/03\/thumbnail_RealizacijaFRONT-768x576.jpg 768w, https:\/\/resfoundation.org\/rs\/wp-content\/uploads\/2021\/03\/thumbnail_RealizacijaFRONT.jpg 1280w\" sizes=\"(max-width: 1024px) 100vw, 1024px\" \/><\/figure>\n","protected":false},"excerpt":{"rendered":"<p>Prvi i prviji zajedno za \u010distiju energiju za sve u Srbiji Divno je da je do\u0161lo vreme da se takmi\u010dimo u tome ko je prvi zapo\u010deo uspostavljanje sistema energetskog menad\u017ementa! Ana i na\u0161i dragi prijatelji i kolege iz Kragujevca svojom predano\u0161\u0107u i znanjem predstavljaju najbolje primere dobre energije koje mo\u017eete da zamislite i pozivamo sve [&hellip;]<\/p>\n","protected":false},"author":3,"featured_media":823,"comment_status":"closed","ping_status":"closed","sticky":false,"template":"","format":"standard","meta":{"footnotes":""},"categories":[3],"tags":[20,17,30],"class_list":["post-822","post","type-post","status-publish","format-standard","has-post-thumbnail","hentry","category-resnovosti","tag-energetskaefikasnost","tag-lokalnesamouprave","tag-mrezadobreenergije"],"_links":{"self":[{"href":"https:\/\/resfoundation.org\/rs\/wp-json\/wp\/v2\/posts\/822","targetHints":{"allow":["GET"]}}],"collection":[{"href":"https:\/\/resfoundation.org\/rs\/wp-json\/wp\/v2\/posts"}],"about":[{"href":"https:\/\/resfoundation.org\/rs\/wp-json\/wp\/v2\/types\/post"}],"author":[{"embeddable":true,"href":"https:\/\/resfoundation.org\/rs\/wp-json\/wp\/v2\/users\/3"}],"replies":[{"embeddable":true,"href":"https:\/\/resfoundation.org\/rs\/wp-json\/wp\/v2\/comments?post=822"}],"version-history":[{"count":1,"href":"https:\/\/resfoundation.org\/rs\/wp-json\/wp\/v2\/posts\/822\/revisions"}],"predecessor-version":[{"id":824,"href":"https:\/\/resfoundation.org\/rs\/wp-json\/wp\/v2\/posts\/822\/revisions\/824"}],"wp:featuredmedia":[{"embeddable":true,"href":"https:\/\/resfoundation.org\/rs\/wp-json\/wp\/v2\/media\/823"}],"wp:attachment":[{"href":"https:\/\/resfoundation.org\/rs\/wp-json\/wp\/v2\/media?parent=822"}],"wp:term":[{"taxonomy":"category","embeddable":true,"href":"https:\/\/resfoundation.org\/rs\/wp-json\/wp\/v2\/categories?post=822"},{"taxonomy":"post_tag","embeddable":true,"href":"https:\/\/resfoundation.org\/rs\/wp-json\/wp\/v2\/tags?post=822"}],"curies":[{"name":"wp","href":"https:\/\/api.w.org\/{rel}","templated":true}]}}